{"id":6704,"date":"2026-09-02T11:48:45","date_gmt":"2026-09-02T09:48:45","guid":{"rendered":"https:\/\/www.cambrapropietatgirona.com\/exposicio-planas-doria-a-terres-de-girona\/"},"modified":"2026-09-02T11:51:40","modified_gmt":"2026-09-02T09:51:40","slug":"exposicion-planas-doria-a-terres-de-girona","status":"publish","type":"post","link":"https:\/\/www.cambrapropietatgirona.com\/es\/exposicion-planas-doria-a-terres-de-girona\/","title":{"rendered":"Exposici\u00f3n &#8220;Planas Doria a terres de Girona&#8221;"},"content":{"rendered":"<p class=\"isSelectedEnd\">Del <strong>3 al 29 de septiembre<\/strong> se podr\u00e1 visitar la obra pict\u00f3rica de <strong>Francesc d\u2019Ass\u00eds Planas Doria<\/strong> en la sede de la <strong>Cambra de la Propietat de Girona<\/strong>, en la calle Ciutadans, 12.<\/p>\n<p><strong>Horario:<\/strong> de lunes a viernes, de 16 a 19 h, y s\u00e1bados, de 11 a 13 h.<\/p>\n<h2>La inauguraci\u00f3n tendr\u00e1 lugar este jueves 3 de septiembre, a las 19h.<\/h2>\n<h4>Sobre el pintor<\/h4>\n<p>Francesc d\u2019A Planas Doria (Sabadell 1879-Barcelona 1955) fue un pintor catal\u00e1n posimpresionista y fiel disc\u00edpulo de Joan Vila Cinca.<\/p>\n<p>Fue presidente del Reial Cercle Art\u00edstic de Barcelona y vicepresidente de la Agrupaci\u00f3 d\u2019Aquarel\u00b7listes de Catalunya. Tambi\u00e9n recibi\u00f3 la Medalla de Plata de la Ciudad de Sabadell. En 1948, en la Sala Municipal de Exposiciones de Girona, recientemente inaugurada, expuso 26 lienzos de tierras de la provincia de Girona.<\/p>\n<h3><b>Exposici\u00f3n organizada por los<\/b>\u00a0Amics del Museu d&#8217;Art de Girona.<\/h3>\n","protected":false},"excerpt":{"rendered":"<p>Del 3 al 29 de septiembre se podr\u00e1 visitar la obra pict\u00f3rica de Francesc d\u2019Ass\u00eds Planas Doria en la sede de la Cambra de la Propietat de Girona, en la calle Ciutadans, 12. Horario: de lunes a viernes, de 16 a 19 h, y s\u00e1bados, de 11 a 13 h. La inauguraci\u00f3n tendr\u00e1 lugar este [&hellip;]<\/p>\n","protected":false},"author":1,"featured_media":6702,"comment_status":"open","ping_status":"open","sticky":false,"template":"","format":"standard","meta":{"_acf_changed":false,"inline_featured_image":false,"disable_featured_image":false,"footnotes":""},"categories":[13],"tags":[],"class_list":["post-6704","post","type-post","status-publish","format-standard","has-post-thumbnail","hentry","category-actualidad"],"acf":[],"yoast_head":"<!-- This site is optimized with the Yoast SEO plugin v28.4 - https:\/\/yoast.com\/product\/yoast-seo-wordpress\/ -->\n<title>Exposici\u00f3 &quot;Planas Doria a terres de Girona&quot; - Cambra de la Propietat Urbana de Girona<\/title>\n<meta name=\"description\" content=\"Del 3 al 29 de setembre es podr\u00e0 visitar l\u2019obra de Francesc d\u2019Ass\u00eds Planas Doria a la Cambra de la Propietat de Girona, al C\/Ciutadans, 12.\" \/>\n<meta name=\"robots\" content=\"index, follow, max-snippet:-1, max-image-preview:large, max-video-preview:-1\" \/>\n<link rel=\"canonical\" href=\"https:\/\/www.cambrapropietatgirona.com\/es\/exposicion-planas-doria-a-terres-de-girona\/\" \/>\n<meta property=\"og:locale\" content=\"es_ES\" \/>\n<meta property=\"og:type\" content=\"article\" \/>\n<meta property=\"og:title\" content=\"Exposici\u00f3 &quot;Planas Doria a terres de Girona&quot; - Cambra de la Propietat Urbana de Girona\" \/>\n<meta property=\"og:description\" content=\"Del 3 al 29 de setembre es podr\u00e0 visitar l\u2019obra de Francesc d\u2019Ass\u00eds Planas Doria a la Cambra de la Propietat de Girona, al C\/Ciutadans, 12.\" \/>\n<meta property=\"og:url\" content=\"https:\/\/www.cambrapropietatgirona.com\/es\/exposicion-planas-doria-a-terres-de-girona\/\" \/>\n<meta property=\"og:site_name\" content=\"Cambra de la Propietat Urbana de Girona\" \/>\n<meta property=\"article:published_time\" content=\"2026-09-02T09:48:45+00:00\" \/>\n<meta property=\"article:modified_time\" content=\"2026-09-02T09:51:40+00:00\" \/>\n<meta property=\"og:image\" content=\"http:\/\/www.cambrapropietatgirona.com\/wp-content\/uploads\/2026\/09\/portada.jpg\" \/>\n\t<meta property=\"og:image:width\" content=\"640\" \/>\n\t<meta property=\"og:image:height\" content=\"640\" \/>\n\t<meta property=\"og:image:type\" content=\"image\/jpeg\" \/>\n<meta name=\"author\" content=\"AE5GBNi67xK1QkS\" \/>\n<meta name=\"twitter:card\" content=\"summary_large_image\" \/>\n<meta name=\"twitter:label1\" content=\"Written by\" \/>\n\t<meta name=\"twitter:data1\" content=\"AE5GBNi67xK1QkS\" \/>\n\t<meta name=\"twitter:label2\" content=\"Est. reading time\" \/>\n\t<meta name=\"twitter:data2\" content=\"1 minute\" \/>\n<script type=\"application\/ld+json\" class=\"yoast-schema-graph\">{\"@context\":\"https:\\\/\\\/schema.org\",\"@graph\":[{\"@type\":\"Article\",\"@id\":\"https:\\\/\\\/www.cambrapropietatgirona.com\\\/es\\\/exposicion-planas-doria-a-terres-de-girona\\\/#article\",\"isPartOf\":{\"@id\":\"https:\\\/\\\/www.cambrapropietatgirona.com\\\/es\\\/exposicion-planas-doria-a-terres-de-girona\\\/\"},\"author\":{\"name\":\"AE5GBNi67xK1QkS\",\"@id\":\"https:\\\/\\\/www.cambrapropietatgirona.com\\\/#\\\/schema\\\/person\\\/839c74db646ec3d6738ce2dcf5b3447c\"},\"headline\":\"Exposici\u00f3n &#8220;Planas Doria a terres de Girona&#8221;\",\"datePublished\":\"2026-09-02T09:48:45+00:00\",\"dateModified\":\"2026-09-02T09:51:40+00:00\",\"mainEntityOfPage\":{\"@id\":\"https:\\\/\\\/www.cambrapropietatgirona.com\\\/es\\\/exposicion-planas-doria-a-terres-de-girona\\\/\"},\"wordCount\":154,\"commentCount\":0,\"publisher\":{\"@id\":\"https:\\\/\\\/www.cambrapropietatgirona.com\\\/#organization\"},\"image\":{\"@id\":\"https:\\\/\\\/www.cambrapropietatgirona.com\\\/es\\\/exposicion-planas-doria-a-terres-de-girona\\\/#primaryimage\"},\"thumbnailUrl\":\"https:\\\/\\\/www.cambrapropietatgirona.com\\\/wp-content\\\/uploads\\\/2026\\\/09\\\/portada.jpg\",\"articleSection\":[\"Actualidad\"],\"inLanguage\":\"es-ES\",\"potentialAction\":[{\"@type\":\"CommentAction\",\"name\":\"Comment\",\"target\":[\"https:\\\/\\\/www.cambrapropietatgirona.com\\\/es\\\/exposicion-planas-doria-a-terres-de-girona\\\/#respond\"]}]},{\"@type\":\"WebPage\",\"@id\":\"https:\\\/\\\/www.cambrapropietatgirona.com\\\/es\\\/exposicion-planas-doria-a-terres-de-girona\\\/\",\"url\":\"https:\\\/\\\/www.cambrapropietatgirona.com\\\/es\\\/exposicion-planas-doria-a-terres-de-girona\\\/\",\"name\":\"Exposici\u00f3 \\\"Planas Doria a terres de Girona\\\" - Cambra de la Propietat Urbana de Girona\",\"isPartOf\":{\"@id\":\"https:\\\/\\\/www.cambrapropietatgirona.com\\\/#website\"},\"primaryImageOfPage\":{\"@id\":\"https:\\\/\\\/www.cambrapropietatgirona.com\\\/es\\\/exposicion-planas-doria-a-terres-de-girona\\\/#primaryimage\"},\"image\":{\"@id\":\"https:\\\/\\\/www.cambrapropietatgirona.com\\\/es\\\/exposicion-planas-doria-a-terres-de-girona\\\/#primaryimage\"},\"thumbnailUrl\":\"https:\\\/\\\/www.cambrapropietatgirona.com\\\/wp-content\\\/uploads\\\/2026\\\/09\\\/portada.jpg\",\"datePublished\":\"2026-09-02T09:48:45+00:00\",\"dateModified\":\"2026-09-02T09:51:40+00:00\",\"description\":\"Del 3 al 29 de setembre es podr\u00e0 visitar l\u2019obra de Francesc d\u2019Ass\u00eds Planas Doria a la Cambra de la Propietat de Girona, al C\\\/Ciutadans, 12.\",\"breadcrumb\":{\"@id\":\"https:\\\/\\\/www.cambrapropietatgirona.com\\\/es\\\/exposicion-planas-doria-a-terres-de-girona\\\/#breadcrumb\"},\"inLanguage\":\"es-ES\",\"potentialAction\":[{\"@type\":\"ReadAction\",\"target\":[\"https:\\\/\\\/www.cambrapropietatgirona.com\\\/es\\\/exposicion-planas-doria-a-terres-de-girona\\\/\"]}]},{\"@type\":\"ImageObject\",\"inLanguage\":\"es-ES\",\"@id\":\"https:\\\/\\\/www.cambrapropietatgirona.com\\\/es\\\/exposicion-planas-doria-a-terres-de-girona\\\/#primaryimage\",\"url\":\"https:\\\/\\\/www.cambrapropietatgirona.com\\\/wp-content\\\/uploads\\\/2026\\\/09\\\/portada.jpg\",\"contentUrl\":\"https:\\\/\\\/www.cambrapropietatgirona.com\\\/wp-content\\\/uploads\\\/2026\\\/09\\\/portada.jpg\",\"width\":640,\"height\":640,\"caption\":\"Planas Doria\"},{\"@type\":\"BreadcrumbList\",\"@id\":\"https:\\\/\\\/www.cambrapropietatgirona.com\\\/es\\\/exposicion-planas-doria-a-terres-de-girona\\\/#breadcrumb\",\"itemListElement\":[{\"@type\":\"ListItem\",\"position\":1,\"name\":\"Inici\",\"item\":\"https:\\\/\\\/www.cambrapropietatgirona.com\\\/\"},{\"@type\":\"ListItem\",\"position\":2,\"name\":\"Exposici\u00f3n \u00abPlanas Doria a terres de Girona\u00bb\"}]},{\"@type\":\"WebSite\",\"@id\":\"https:\\\/\\\/www.cambrapropietatgirona.com\\\/#website\",\"url\":\"https:\\\/\\\/www.cambrapropietatgirona.com\\\/\",\"name\":\"Cambra de la Propietat Urbana de Girona\",\"description\":\"Serveis immobiliaris integrals als propietaris\",\"publisher\":{\"@id\":\"https:\\\/\\\/www.cambrapropietatgirona.com\\\/#organization\"},\"potentialAction\":[{\"@type\":\"SearchAction\",\"target\":{\"@type\":\"EntryPoint\",\"urlTemplate\":\"https:\\\/\\\/www.cambrapropietatgirona.com\\\/?s={search_term_string}\"},\"query-input\":{\"@type\":\"PropertyValueSpecification\",\"valueRequired\":true,\"valueName\":\"search_term_string\"}}],\"inLanguage\":\"es-ES\"},{\"@type\":\"Organization\",\"@id\":\"https:\\\/\\\/www.cambrapropietatgirona.com\\\/#organization\",\"name\":\"Cambra de la Propietat Urbana de Girona\",\"url\":\"https:\\\/\\\/www.cambrapropietatgirona.com\\\/\",\"logo\":{\"@type\":\"ImageObject\",\"inLanguage\":\"es-ES\",\"@id\":\"https:\\\/\\\/www.cambrapropietatgirona.com\\\/#\\\/schema\\\/logo\\\/image\\\/\",\"url\":\"https:\\\/\\\/www.cambrapropietatgirona.com\\\/wp-content\\\/uploads\\\/2018\\\/01\\\/favicon.jpg\",\"contentUrl\":\"https:\\\/\\\/www.cambrapropietatgirona.com\\\/wp-content\\\/uploads\\\/2018\\\/01\\\/favicon.jpg\",\"width\":277,\"height\":269,\"caption\":\"Cambra de la Propietat Urbana de Girona\"},\"image\":{\"@id\":\"https:\\\/\\\/www.cambrapropietatgirona.com\\\/#\\\/schema\\\/logo\\\/image\\\/\"}},{\"@type\":\"Person\",\"@id\":\"https:\\\/\\\/www.cambrapropietatgirona.com\\\/#\\\/schema\\\/person\\\/839c74db646ec3d6738ce2dcf5b3447c\",\"name\":\"AE5GBNi67xK1QkS\",\"image\":{\"@type\":\"ImageObject\",\"inLanguage\":\"es-ES\",\"@id\":\"https:\\\/\\\/secure.gravatar.com\\\/avatar\\\/4a49b57693d82ed8aed27ea81234f80da517724ec1cc1f1fb4952b6cf4b80fd7?s=96&d=mm&r=g\",\"url\":\"https:\\\/\\\/secure.gravatar.com\\\/avatar\\\/4a49b57693d82ed8aed27ea81234f80da517724ec1cc1f1fb4952b6cf4b80fd7?s=96&d=mm&r=g\",\"contentUrl\":\"https:\\\/\\\/secure.gravatar.com\\\/avatar\\\/4a49b57693d82ed8aed27ea81234f80da517724ec1cc1f1fb4952b6cf4b80fd7?s=96&d=mm&r=g\",\"caption\":\"AE5GBNi67xK1QkS\"},\"url\":\"https:\\\/\\\/www.cambrapropietatgirona.com\\\/es\\\/author\\\/ae5gbni67xk1qks\\\/\"}]}<\/script>\n<!-- \/ Yoast SEO plugin. -->","yoast_head_json":{"title":"Exposici\u00f3 \"Planas Doria a terres de Girona\" - Cambra de la Propietat Urbana de Girona","description":"Del 3 al 29 de setembre es podr\u00e0 visitar l\u2019obra de Francesc d\u2019Ass\u00eds Planas Doria a la Cambra de la Propietat de Girona, al C\/Ciutadans, 12.","robots":{"index":"index","follow":"follow","max-snippet":"max-snippet:-1","max-image-preview":"max-image-preview:large","max-video-preview":"max-video-preview:-1"},"canonical":"https:\/\/www.cambrapropietatgirona.com\/es\/exposicion-planas-doria-a-terres-de-girona\/","og_locale":"es_ES","og_type":"article","og_title":"Exposici\u00f3 \"Planas Doria a terres de Girona\" - Cambra de la Propietat Urbana de Girona","og_description":"Del 3 al 29 de setembre es podr\u00e0 visitar l\u2019obra de Francesc d\u2019Ass\u00eds Planas Doria a la Cambra de la Propietat de Girona, al C\/Ciutadans, 12.","og_url":"https:\/\/www.cambrapropietatgirona.com\/es\/exposicion-planas-doria-a-terres-de-girona\/","og_site_name":"Cambra de la Propietat Urbana de Girona","article_published_time":"2026-09-02T09:48:45+00:00","article_modified_time":"2026-09-02T09:51:40+00:00","og_image":[{"width":640,"height":640,"url":"http:\/\/www.cambrapropietatgirona.com\/wp-content\/uploads\/2026\/09\/portada.jpg","type":"image\/jpeg"}],"author":"AE5GBNi67xK1QkS","twitter_card":"summary_large_image","twitter_misc":{"Written by":"AE5GBNi67xK1QkS","Est. reading time":"1 minute"},"schema":{"@context":"https:\/\/schema.org","@graph":[{"@type":"Article","@id":"https:\/\/www.cambrapropietatgirona.com\/es\/exposicion-planas-doria-a-terres-de-girona\/#article","isPartOf":{"@id":"https:\/\/www.cambrapropietatgirona.com\/es\/exposicion-planas-doria-a-terres-de-girona\/"},"author":{"name":"AE5GBNi67xK1QkS","@id":"https:\/\/www.cambrapropietatgirona.com\/#\/schema\/person\/839c74db646ec3d6738ce2dcf5b3447c"},"headline":"Exposici\u00f3n &#8220;Planas Doria a terres de Girona&#8221;","datePublished":"2026-09-02T09:48:45+00:00","dateModified":"2026-09-02T09:51:40+00:00","mainEntityOfPage":{"@id":"https:\/\/www.cambrapropietatgirona.com\/es\/exposicion-planas-doria-a-terres-de-girona\/"},"wordCount":154,"commentCount":0,"publisher":{"@id":"https:\/\/www.cambrapropietatgirona.com\/#organization"},"image":{"@id":"https:\/\/www.cambrapropietatgirona.com\/es\/exposicion-planas-doria-a-terres-de-girona\/#primaryimage"},"thumbnailUrl":"https:\/\/www.cambrapropietatgirona.com\/wp-content\/uploads\/2026\/09\/portada.jpg","articleSection":["Actualidad"],"inLanguage":"es-ES","potentialAction":[{"@type":"CommentAction","name":"Comment","target":["https:\/\/www.cambrapropietatgirona.com\/es\/exposicion-planas-doria-a-terres-de-girona\/#respond"]}]},{"@type":"WebPage","@id":"https:\/\/www.cambrapropietatgirona.com\/es\/exposicion-planas-doria-a-terres-de-girona\/","url":"https:\/\/www.cambrapropietatgirona.com\/es\/exposicion-planas-doria-a-terres-de-girona\/","name":"Exposici\u00f3 \"Planas Doria a terres de Girona\" - Cambra de la Propietat Urbana de Girona","isPartOf":{"@id":"https:\/\/www.cambrapropietatgirona.com\/#website"},"primaryImageOfPage":{"@id":"https:\/\/www.cambrapropietatgirona.com\/es\/exposicion-planas-doria-a-terres-de-girona\/#primaryimage"},"image":{"@id":"https:\/\/www.cambrapropietatgirona.com\/es\/exposicion-planas-doria-a-terres-de-girona\/#primaryimage"},"thumbnailUrl":"https:\/\/www.cambrapropietatgirona.com\/wp-content\/uploads\/2026\/09\/portada.jpg","datePublished":"2026-09-02T09:48:45+00:00","dateModified":"2026-09-02T09:51:40+00:00","description":"Del 3 al 29 de setembre es podr\u00e0 visitar l\u2019obra de Francesc d\u2019Ass\u00eds Planas Doria a la Cambra de la Propietat de Girona, al C\/Ciutadans, 12.","breadcrumb":{"@id":"https:\/\/www.cambrapropietatgirona.com\/es\/exposicion-planas-doria-a-terres-de-girona\/#breadcrumb"},"inLanguage":"es-ES","potentialAction":[{"@type":"ReadAction","target":["https:\/\/www.cambrapropietatgirona.com\/es\/exposicion-planas-doria-a-terres-de-girona\/"]}]},{"@type":"ImageObject","inLanguage":"es-ES","@id":"https:\/\/www.cambrapropietatgirona.com\/es\/exposicion-planas-doria-a-terres-de-girona\/#primaryimage","url":"https:\/\/www.cambrapropietatgirona.com\/wp-content\/uploads\/2026\/09\/portada.jpg","contentUrl":"https:\/\/www.cambrapropietatgirona.com\/wp-content\/uploads\/2026\/09\/portada.jpg","width":640,"height":640,"caption":"Planas Doria"},{"@type":"BreadcrumbList","@id":"https:\/\/www.cambrapropietatgirona.com\/es\/exposicion-planas-doria-a-terres-de-girona\/#breadcrumb","itemListElement":[{"@type":"ListItem","position":1,"name":"Inici","item":"https:\/\/www.cambrapropietatgirona.com\/"},{"@type":"ListItem","position":2,"name":"Exposici\u00f3n \u00abPlanas Doria a terres de Girona\u00bb"}]},{"@type":"WebSite","@id":"https:\/\/www.cambrapropietatgirona.com\/#website","url":"https:\/\/www.cambrapropietatgirona.com\/","name":"Cambra de la Propietat Urbana de Girona","description":"Serveis immobiliaris integrals als propietaris","publisher":{"@id":"https:\/\/www.cambrapropietatgirona.com\/#organization"},"potentialAction":[{"@type":"SearchAction","target":{"@type":"EntryPoint","urlTemplate":"https:\/\/www.cambrapropietatgirona.com\/?s={search_term_string}"},"query-input":{"@type":"PropertyValueSpecification","valueRequired":true,"valueName":"search_term_string"}}],"inLanguage":"es-ES"},{"@type":"Organization","@id":"https:\/\/www.cambrapropietatgirona.com\/#organization","name":"Cambra de la Propietat Urbana de Girona","url":"https:\/\/www.cambrapropietatgirona.com\/","logo":{"@type":"ImageObject","inLanguage":"es-ES","@id":"https:\/\/www.cambrapropietatgirona.com\/#\/schema\/logo\/image\/","url":"https:\/\/www.cambrapropietatgirona.com\/wp-content\/uploads\/2018\/01\/favicon.jpg","contentUrl":"https:\/\/www.cambrapropietatgirona.com\/wp-content\/uploads\/2018\/01\/favicon.jpg","width":277,"height":269,"caption":"Cambra de la Propietat Urbana de Girona"},"image":{"@id":"https:\/\/www.cambrapropietatgirona.com\/#\/schema\/logo\/image\/"}},{"@type":"Person","@id":"https:\/\/www.cambrapropietatgirona.com\/#\/schema\/person\/839c74db646ec3d6738ce2dcf5b3447c","name":"AE5GBNi67xK1QkS","image":{"@type":"ImageObject","inLanguage":"es-ES","@id":"https:\/\/secure.gravatar.com\/avatar\/4a49b57693d82ed8aed27ea81234f80da517724ec1cc1f1fb4952b6cf4b80fd7?s=96&d=mm&r=g","url":"https:\/\/secure.gravatar.com\/avatar\/4a49b57693d82ed8aed27ea81234f80da517724ec1cc1f1fb4952b6cf4b80fd7?s=96&d=mm&r=g","contentUrl":"https:\/\/secure.gravatar.com\/avatar\/4a49b57693d82ed8aed27ea81234f80da517724ec1cc1f1fb4952b6cf4b80fd7?s=96&d=mm&r=g","caption":"AE5GBNi67xK1QkS"},"url":"https:\/\/www.cambrapropietatgirona.com\/es\/author\/ae5gbni67xk1qks\/"}]}},"_links":{"self":[{"href":"https:\/\/www.cambrapropietatgirona.com\/es\/wp-json\/wp\/v2\/posts\/6704","targetHints":{"allow":["GET"]}}],"collection":[{"href":"https:\/\/www.cambrapropietatgirona.com\/es\/wp-json\/wp\/v2\/posts"}],"about":[{"href":"https:\/\/www.cambrapropietatgirona.com\/es\/wp-json\/wp\/v2\/types\/post"}],"author":[{"embeddable":true,"href":"https:\/\/www.cambrapropietatgirona.com\/es\/wp-json\/wp\/v2\/users\/1"}],"replies":[{"embeddable":true,"href":"https:\/\/www.cambrapropietatgirona.com\/es\/wp-json\/wp\/v2\/comments?post=6704"}],"version-history":[{"count":2,"href":"https:\/\/www.cambrapropietatgirona.com\/es\/wp-json\/wp\/v2\/posts\/6704\/revisions"}],"predecessor-version":[{"id":6706,"href":"https:\/\/www.cambrapropietatgirona.com\/es\/wp-json\/wp\/v2\/posts\/6704\/revisions\/6706"}],"wp:featuredmedia":[{"embeddable":true,"href":"https:\/\/www.cambrapropietatgirona.com\/es\/wp-json\/wp\/v2\/media\/6702"}],"wp:attachment":[{"href":"https:\/\/www.cambrapropietatgirona.com\/es\/wp-json\/wp\/v2\/media?parent=6704"}],"wp:term":[{"taxonomy":"category","embeddable":true,"href":"https:\/\/www.cambrapropietatgirona.com\/es\/wp-json\/wp\/v2\/categories?post=6704"},{"taxonomy":"post_tag","embeddable":true,"href":"https:\/\/www.cambrapropietatgirona.com\/es\/wp-json\/wp\/v2\/tags?post=6704"}],"curies":[{"name":"wp","href":"https:\/\/api.w.org\/{rel}","templated":true}]}}