{"id":6442,"date":"2026-04-24T08:30:51","date_gmt":"2026-04-24T06:30:51","guid":{"rendered":"https:\/\/www.cambrapropietatgirona.com\/exposicio-dels-aquarellistes-de-girona-per-temps-de-flors-a-la-cambra-de-la-propietat-urbana-de-girona-2\/"},"modified":"2026-04-24T08:31:55","modified_gmt":"2026-04-24T06:31:55","slug":"exposicion-de-los-aquarellistes-de-girona-por-temps-de-flors-en-la-cambra-de-la-propietat-urbana-de-girona-2","status":"publish","type":"post","link":"https:\/\/www.cambrapropietatgirona.com\/es\/exposicion-de-los-aquarellistes-de-girona-por-temps-de-flors-en-la-cambra-de-la-propietat-urbana-de-girona-2\/","title":{"rendered":"Exposici\u00f3n de los Aquarel\u00b7listes de Girona por Temps de Flors en la Cambra de la Propietat Urbana de Girona"},"content":{"rendered":"<h2><strong>Te invitamos a visitar esta muestra de veinte obras pintadas en acuarela con motivo de <em>Temps de Flors<\/em>.<\/strong><\/h2>\n<p>Como cada a\u00f1o, la Agrupaci\u00f3 d\u2019Amics de l\u2019Aquarel\u00b7la de Girona presenta una nueva exposici\u00f3n en la sede de la Cambra de la Propietat Urbana, situada en la calle Ciutadans, 12. La muestra podr\u00e1 visitarse del 9 al 17 de mayo, de 17 a 19 h los d\u00edas laborables, y los fines de semana y festivos de 10 a 13 h y de 17 a 19 h.<\/p>\n<h4><strong>Inauguraci\u00f3n: 9 de mayo a las 18 h.<\/strong><\/h4>\n<p>Este a\u00f1o contaremos con la colaboraci\u00f3n de la compositora e int\u00e9rprete ampurdanesa <strong>Pyrene Pelayo-Domingo<\/strong>, que ofrecer\u00e1 un peque\u00f1o concierto durante el acto inaugural.<\/p>\n<p>&nbsp;<\/p>\n<p>&nbsp;<\/p>\n","protected":false},"excerpt":{"rendered":"<p>Te invitamos a visitar esta muestra de veinte obras pintadas en acuarela con motivo de Temps de Flors. Como cada a\u00f1o, la Agrupaci\u00f3 d\u2019Amics de l\u2019Aquarel\u00b7la de Girona presenta una nueva exposici\u00f3n en la sede de la Cambra de la Propietat Urbana, situada en la calle Ciutadans, 12. La muestra podr\u00e1 visitarse del 9 al [&hellip;]<\/p>\n","protected":false},"author":1,"featured_media":6439,"comment_status":"open","ping_status":"open","sticky":false,"template":"","format":"standard","meta":{"_acf_changed":false,"inline_featured_image":false,"disable_featured_image":false,"footnotes":""},"categories":[13],"tags":[],"class_list":["post-6442","post","type-post","status-publish","format-standard","has-post-thumbnail","hentry","category-actualidad"],"acf":[],"yoast_head":"<!-- This site is optimized with the Yoast SEO plugin v27.4 - https:\/\/yoast.com\/product\/yoast-seo-wordpress\/ -->\n<title>Exposici\u00f3n de los Aquarel\u00b7listes de Girona por Temps de Flors - Cambra de la Propietat Urbana de Girona<\/title>\n<meta name=\"description\" content=\"Del 9 al 17 de mayo, te invitamos a visitar esta muestra de veinte obras pintadas en acuarela con motivo de Temps de Flors.\" \/>\n<meta name=\"robots\" content=\"index, follow, max-snippet:-1, max-image-preview:large, max-video-preview:-1\" \/>\n<link rel=\"canonical\" href=\"https:\/\/www.cambrapropietatgirona.com\/es\/exposicion-de-los-aquarellistes-de-girona-por-temps-de-flors-en-la-cambra-de-la-propietat-urbana-de-girona-2\/\" \/>\n<meta property=\"og:locale\" content=\"es_ES\" \/>\n<meta property=\"og:type\" content=\"article\" \/>\n<meta property=\"og:title\" content=\"Exposici\u00f3n de los Aquarel\u00b7listes de Girona por Temps de Flors - Cambra de la Propietat Urbana de Girona\" \/>\n<meta property=\"og:description\" content=\"Del 9 al 17 de mayo, te invitamos a visitar esta muestra de veinte obras pintadas en acuarela con motivo de Temps de Flors.\" \/>\n<meta property=\"og:url\" content=\"https:\/\/www.cambrapropietatgirona.com\/es\/exposicion-de-los-aquarellistes-de-girona-por-temps-de-flors-en-la-cambra-de-la-propietat-urbana-de-girona-2\/\" \/>\n<meta property=\"og:site_name\" content=\"Cambra de la Propietat Urbana de Girona\" \/>\n<meta property=\"article:published_time\" content=\"2026-04-24T06:30:51+00:00\" \/>\n<meta property=\"article:modified_time\" content=\"2026-04-24T06:31:55+00:00\" \/>\n<meta property=\"og:image\" content=\"http:\/\/www.cambrapropietatgirona.com\/wp-content\/uploads\/2026\/04\/Captura-de-pantalla-2026-04-24-082636.png\" \/>\n\t<meta property=\"og:image:width\" content=\"621\" \/>\n\t<meta property=\"og:image:height\" content=\"443\" \/>\n\t<meta property=\"og:image:type\" content=\"image\/png\" \/>\n<meta name=\"author\" content=\"AE5GBNi67xK1QkS\" \/>\n<meta name=\"twitter:card\" content=\"summary_large_image\" \/>\n<meta name=\"twitter:label1\" content=\"Written by\" \/>\n\t<meta name=\"twitter:data1\" content=\"AE5GBNi67xK1QkS\" \/>\n\t<meta name=\"twitter:label2\" content=\"Est. reading time\" \/>\n\t<meta name=\"twitter:data2\" content=\"1 minute\" \/>\n<script type=\"application\/ld+json\" class=\"yoast-schema-graph\">{\"@context\":\"https:\\\/\\\/schema.org\",\"@graph\":[{\"@type\":\"Article\",\"@id\":\"https:\\\/\\\/www.cambrapropietatgirona.com\\\/es\\\/exposicion-de-los-aquarellistes-de-girona-por-temps-de-flors-en-la-cambra-de-la-propietat-urbana-de-girona-2\\\/#article\",\"isPartOf\":{\"@id\":\"https:\\\/\\\/www.cambrapropietatgirona.com\\\/es\\\/exposicion-de-los-aquarellistes-de-girona-por-temps-de-flors-en-la-cambra-de-la-propietat-urbana-de-girona-2\\\/\"},\"author\":{\"name\":\"AE5GBNi67xK1QkS\",\"@id\":\"https:\\\/\\\/www.cambrapropietatgirona.com\\\/#\\\/schema\\\/person\\\/839c74db646ec3d6738ce2dcf5b3447c\"},\"headline\":\"Exposici\u00f3n de los Aquarel\u00b7listes de Girona por Temps de Flors en la Cambra de la Propietat Urbana de Girona\",\"datePublished\":\"2026-04-24T06:30:51+00:00\",\"dateModified\":\"2026-04-24T06:31:55+00:00\",\"mainEntityOfPage\":{\"@id\":\"https:\\\/\\\/www.cambrapropietatgirona.com\\\/es\\\/exposicion-de-los-aquarellistes-de-girona-por-temps-de-flors-en-la-cambra-de-la-propietat-urbana-de-girona-2\\\/\"},\"wordCount\":138,\"commentCount\":0,\"publisher\":{\"@id\":\"https:\\\/\\\/www.cambrapropietatgirona.com\\\/#organization\"},\"image\":{\"@id\":\"https:\\\/\\\/www.cambrapropietatgirona.com\\\/es\\\/exposicion-de-los-aquarellistes-de-girona-por-temps-de-flors-en-la-cambra-de-la-propietat-urbana-de-girona-2\\\/#primaryimage\"},\"thumbnailUrl\":\"https:\\\/\\\/www.cambrapropietatgirona.com\\\/wp-content\\\/uploads\\\/2026\\\/04\\\/Captura-de-pantalla-2026-04-24-082636.png\",\"articleSection\":[\"Actualidad\"],\"inLanguage\":\"es-ES\",\"potentialAction\":[{\"@type\":\"CommentAction\",\"name\":\"Comment\",\"target\":[\"https:\\\/\\\/www.cambrapropietatgirona.com\\\/es\\\/exposicion-de-los-aquarellistes-de-girona-por-temps-de-flors-en-la-cambra-de-la-propietat-urbana-de-girona-2\\\/#respond\"]}]},{\"@type\":\"WebPage\",\"@id\":\"https:\\\/\\\/www.cambrapropietatgirona.com\\\/es\\\/exposicion-de-los-aquarellistes-de-girona-por-temps-de-flors-en-la-cambra-de-la-propietat-urbana-de-girona-2\\\/\",\"url\":\"https:\\\/\\\/www.cambrapropietatgirona.com\\\/es\\\/exposicion-de-los-aquarellistes-de-girona-por-temps-de-flors-en-la-cambra-de-la-propietat-urbana-de-girona-2\\\/\",\"name\":\"Exposici\u00f3n de los Aquarel\u00b7listes de Girona por Temps de Flors - Cambra de la Propietat Urbana de Girona\",\"isPartOf\":{\"@id\":\"https:\\\/\\\/www.cambrapropietatgirona.com\\\/#website\"},\"primaryImageOfPage\":{\"@id\":\"https:\\\/\\\/www.cambrapropietatgirona.com\\\/es\\\/exposicion-de-los-aquarellistes-de-girona-por-temps-de-flors-en-la-cambra-de-la-propietat-urbana-de-girona-2\\\/#primaryimage\"},\"image\":{\"@id\":\"https:\\\/\\\/www.cambrapropietatgirona.com\\\/es\\\/exposicion-de-los-aquarellistes-de-girona-por-temps-de-flors-en-la-cambra-de-la-propietat-urbana-de-girona-2\\\/#primaryimage\"},\"thumbnailUrl\":\"https:\\\/\\\/www.cambrapropietatgirona.com\\\/wp-content\\\/uploads\\\/2026\\\/04\\\/Captura-de-pantalla-2026-04-24-082636.png\",\"datePublished\":\"2026-04-24T06:30:51+00:00\",\"dateModified\":\"2026-04-24T06:31:55+00:00\",\"description\":\"Del 9 al 17 de mayo, te invitamos a visitar esta muestra de veinte obras pintadas en acuarela con motivo de Temps de Flors.\",\"breadcrumb\":{\"@id\":\"https:\\\/\\\/www.cambrapropietatgirona.com\\\/es\\\/exposicion-de-los-aquarellistes-de-girona-por-temps-de-flors-en-la-cambra-de-la-propietat-urbana-de-girona-2\\\/#breadcrumb\"},\"inLanguage\":\"es-ES\",\"potentialAction\":[{\"@type\":\"ReadAction\",\"target\":[\"https:\\\/\\\/www.cambrapropietatgirona.com\\\/es\\\/exposicion-de-los-aquarellistes-de-girona-por-temps-de-flors-en-la-cambra-de-la-propietat-urbana-de-girona-2\\\/\"]}]},{\"@type\":\"ImageObject\",\"inLanguage\":\"es-ES\",\"@id\":\"https:\\\/\\\/www.cambrapropietatgirona.com\\\/es\\\/exposicion-de-los-aquarellistes-de-girona-por-temps-de-flors-en-la-cambra-de-la-propietat-urbana-de-girona-2\\\/#primaryimage\",\"url\":\"https:\\\/\\\/www.cambrapropietatgirona.com\\\/wp-content\\\/uploads\\\/2026\\\/04\\\/Captura-de-pantalla-2026-04-24-082636.png\",\"contentUrl\":\"https:\\\/\\\/www.cambrapropietatgirona.com\\\/wp-content\\\/uploads\\\/2026\\\/04\\\/Captura-de-pantalla-2026-04-24-082636.png\",\"width\":621,\"height\":443,\"caption\":\"Exposici\u00f3 dels Aquarel\u00b7listes de Girona per Temps de Flors\"},{\"@type\":\"BreadcrumbList\",\"@id\":\"https:\\\/\\\/www.cambrapropietatgirona.com\\\/es\\\/exposicion-de-los-aquarellistes-de-girona-por-temps-de-flors-en-la-cambra-de-la-propietat-urbana-de-girona-2\\\/#breadcrumb\",\"itemListElement\":[{\"@type\":\"ListItem\",\"position\":1,\"name\":\"Inici\",\"item\":\"https:\\\/\\\/www.cambrapropietatgirona.com\\\/\"},{\"@type\":\"ListItem\",\"position\":2,\"name\":\"Exposici\u00f3n de los Aquarel\u00b7listes de Girona por Temps de Flors en la Cambra de la Propietat Urbana de Girona\"}]},{\"@type\":\"WebSite\",\"@id\":\"https:\\\/\\\/www.cambrapropietatgirona.com\\\/#website\",\"url\":\"https:\\\/\\\/www.cambrapropietatgirona.com\\\/\",\"name\":\"Cambra de la Propietat Urbana de Girona\",\"description\":\"Serveis immobiliaris integrals als propietaris\",\"publisher\":{\"@id\":\"https:\\\/\\\/www.cambrapropietatgirona.com\\\/#organization\"},\"potentialAction\":[{\"@type\":\"SearchAction\",\"target\":{\"@type\":\"EntryPoint\",\"urlTemplate\":\"https:\\\/\\\/www.cambrapropietatgirona.com\\\/?s={search_term_string}\"},\"query-input\":{\"@type\":\"PropertyValueSpecification\",\"valueRequired\":true,\"valueName\":\"search_term_string\"}}],\"inLanguage\":\"es-ES\"},{\"@type\":\"Organization\",\"@id\":\"https:\\\/\\\/www.cambrapropietatgirona.com\\\/#organization\",\"name\":\"Cambra de la Propietat Urbana de Girona\",\"url\":\"https:\\\/\\\/www.cambrapropietatgirona.com\\\/\",\"logo\":{\"@type\":\"ImageObject\",\"inLanguage\":\"es-ES\",\"@id\":\"https:\\\/\\\/www.cambrapropietatgirona.com\\\/#\\\/schema\\\/logo\\\/image\\\/\",\"url\":\"https:\\\/\\\/www.cambrapropietatgirona.com\\\/wp-content\\\/uploads\\\/2018\\\/01\\\/favicon.jpg\",\"contentUrl\":\"https:\\\/\\\/www.cambrapropietatgirona.com\\\/wp-content\\\/uploads\\\/2018\\\/01\\\/favicon.jpg\",\"width\":277,\"height\":269,\"caption\":\"Cambra de la Propietat Urbana de Girona\"},\"image\":{\"@id\":\"https:\\\/\\\/www.cambrapropietatgirona.com\\\/#\\\/schema\\\/logo\\\/image\\\/\"}},{\"@type\":\"Person\",\"@id\":\"https:\\\/\\\/www.cambrapropietatgirona.com\\\/#\\\/schema\\\/person\\\/839c74db646ec3d6738ce2dcf5b3447c\",\"name\":\"AE5GBNi67xK1QkS\",\"image\":{\"@type\":\"ImageObject\",\"inLanguage\":\"es-ES\",\"@id\":\"https:\\\/\\\/secure.gravatar.com\\\/avatar\\\/4a49b57693d82ed8aed27ea81234f80da517724ec1cc1f1fb4952b6cf4b80fd7?s=96&d=mm&r=g\",\"url\":\"https:\\\/\\\/secure.gravatar.com\\\/avatar\\\/4a49b57693d82ed8aed27ea81234f80da517724ec1cc1f1fb4952b6cf4b80fd7?s=96&d=mm&r=g\",\"contentUrl\":\"https:\\\/\\\/secure.gravatar.com\\\/avatar\\\/4a49b57693d82ed8aed27ea81234f80da517724ec1cc1f1fb4952b6cf4b80fd7?s=96&d=mm&r=g\",\"caption\":\"AE5GBNi67xK1QkS\"},\"url\":\"https:\\\/\\\/www.cambrapropietatgirona.com\\\/es\\\/author\\\/ae5gbni67xk1qks\\\/\"}]}<\/script>\n<!-- \/ Yoast SEO plugin. -->","yoast_head_json":{"title":"Exposici\u00f3n de los Aquarel\u00b7listes de Girona por Temps de Flors - Cambra de la Propietat Urbana de Girona","description":"Del 9 al 17 de mayo, te invitamos a visitar esta muestra de veinte obras pintadas en acuarela con motivo de Temps de Flors.","robots":{"index":"index","follow":"follow","max-snippet":"max-snippet:-1","max-image-preview":"max-image-preview:large","max-video-preview":"max-video-preview:-1"},"canonical":"https:\/\/www.cambrapropietatgirona.com\/es\/exposicion-de-los-aquarellistes-de-girona-por-temps-de-flors-en-la-cambra-de-la-propietat-urbana-de-girona-2\/","og_locale":"es_ES","og_type":"article","og_title":"Exposici\u00f3n de los Aquarel\u00b7listes de Girona por Temps de Flors - Cambra de la Propietat Urbana de Girona","og_description":"Del 9 al 17 de mayo, te invitamos a visitar esta muestra de veinte obras pintadas en acuarela con motivo de Temps de Flors.","og_url":"https:\/\/www.cambrapropietatgirona.com\/es\/exposicion-de-los-aquarellistes-de-girona-por-temps-de-flors-en-la-cambra-de-la-propietat-urbana-de-girona-2\/","og_site_name":"Cambra de la Propietat Urbana de Girona","article_published_time":"2026-04-24T06:30:51+00:00","article_modified_time":"2026-04-24T06:31:55+00:00","og_image":[{"width":621,"height":443,"url":"http:\/\/www.cambrapropietatgirona.com\/wp-content\/uploads\/2026\/04\/Captura-de-pantalla-2026-04-24-082636.png","type":"image\/png"}],"author":"AE5GBNi67xK1QkS","twitter_card":"summary_large_image","twitter_misc":{"Written by":"AE5GBNi67xK1QkS","Est. reading time":"1 minute"},"schema":{"@context":"https:\/\/schema.org","@graph":[{"@type":"Article","@id":"https:\/\/www.cambrapropietatgirona.com\/es\/exposicion-de-los-aquarellistes-de-girona-por-temps-de-flors-en-la-cambra-de-la-propietat-urbana-de-girona-2\/#article","isPartOf":{"@id":"https:\/\/www.cambrapropietatgirona.com\/es\/exposicion-de-los-aquarellistes-de-girona-por-temps-de-flors-en-la-cambra-de-la-propietat-urbana-de-girona-2\/"},"author":{"name":"AE5GBNi67xK1QkS","@id":"https:\/\/www.cambrapropietatgirona.com\/#\/schema\/person\/839c74db646ec3d6738ce2dcf5b3447c"},"headline":"Exposici\u00f3n de los Aquarel\u00b7listes de Girona por Temps de Flors en la Cambra de la Propietat Urbana de Girona","datePublished":"2026-04-24T06:30:51+00:00","dateModified":"2026-04-24T06:31:55+00:00","mainEntityOfPage":{"@id":"https:\/\/www.cambrapropietatgirona.com\/es\/exposicion-de-los-aquarellistes-de-girona-por-temps-de-flors-en-la-cambra-de-la-propietat-urbana-de-girona-2\/"},"wordCount":138,"commentCount":0,"publisher":{"@id":"https:\/\/www.cambrapropietatgirona.com\/#organization"},"image":{"@id":"https:\/\/www.cambrapropietatgirona.com\/es\/exposicion-de-los-aquarellistes-de-girona-por-temps-de-flors-en-la-cambra-de-la-propietat-urbana-de-girona-2\/#primaryimage"},"thumbnailUrl":"https:\/\/www.cambrapropietatgirona.com\/wp-content\/uploads\/2026\/04\/Captura-de-pantalla-2026-04-24-082636.png","articleSection":["Actualidad"],"inLanguage":"es-ES","potentialAction":[{"@type":"CommentAction","name":"Comment","target":["https:\/\/www.cambrapropietatgirona.com\/es\/exposicion-de-los-aquarellistes-de-girona-por-temps-de-flors-en-la-cambra-de-la-propietat-urbana-de-girona-2\/#respond"]}]},{"@type":"WebPage","@id":"https:\/\/www.cambrapropietatgirona.com\/es\/exposicion-de-los-aquarellistes-de-girona-por-temps-de-flors-en-la-cambra-de-la-propietat-urbana-de-girona-2\/","url":"https:\/\/www.cambrapropietatgirona.com\/es\/exposicion-de-los-aquarellistes-de-girona-por-temps-de-flors-en-la-cambra-de-la-propietat-urbana-de-girona-2\/","name":"Exposici\u00f3n de los Aquarel\u00b7listes de Girona por Temps de Flors - Cambra de la Propietat Urbana de Girona","isPartOf":{"@id":"https:\/\/www.cambrapropietatgirona.com\/#website"},"primaryImageOfPage":{"@id":"https:\/\/www.cambrapropietatgirona.com\/es\/exposicion-de-los-aquarellistes-de-girona-por-temps-de-flors-en-la-cambra-de-la-propietat-urbana-de-girona-2\/#primaryimage"},"image":{"@id":"https:\/\/www.cambrapropietatgirona.com\/es\/exposicion-de-los-aquarellistes-de-girona-por-temps-de-flors-en-la-cambra-de-la-propietat-urbana-de-girona-2\/#primaryimage"},"thumbnailUrl":"https:\/\/www.cambrapropietatgirona.com\/wp-content\/uploads\/2026\/04\/Captura-de-pantalla-2026-04-24-082636.png","datePublished":"2026-04-24T06:30:51+00:00","dateModified":"2026-04-24T06:31:55+00:00","description":"Del 9 al 17 de mayo, te invitamos a visitar esta muestra de veinte obras pintadas en acuarela con motivo de Temps de Flors.","breadcrumb":{"@id":"https:\/\/www.cambrapropietatgirona.com\/es\/exposicion-de-los-aquarellistes-de-girona-por-temps-de-flors-en-la-cambra-de-la-propietat-urbana-de-girona-2\/#breadcrumb"},"inLanguage":"es-ES","potentialAction":[{"@type":"ReadAction","target":["https:\/\/www.cambrapropietatgirona.com\/es\/exposicion-de-los-aquarellistes-de-girona-por-temps-de-flors-en-la-cambra-de-la-propietat-urbana-de-girona-2\/"]}]},{"@type":"ImageObject","inLanguage":"es-ES","@id":"https:\/\/www.cambrapropietatgirona.com\/es\/exposicion-de-los-aquarellistes-de-girona-por-temps-de-flors-en-la-cambra-de-la-propietat-urbana-de-girona-2\/#primaryimage","url":"https:\/\/www.cambrapropietatgirona.com\/wp-content\/uploads\/2026\/04\/Captura-de-pantalla-2026-04-24-082636.png","contentUrl":"https:\/\/www.cambrapropietatgirona.com\/wp-content\/uploads\/2026\/04\/Captura-de-pantalla-2026-04-24-082636.png","width":621,"height":443,"caption":"Exposici\u00f3 dels Aquarel\u00b7listes de Girona per Temps de Flors"},{"@type":"BreadcrumbList","@id":"https:\/\/www.cambrapropietatgirona.com\/es\/exposicion-de-los-aquarellistes-de-girona-por-temps-de-flors-en-la-cambra-de-la-propietat-urbana-de-girona-2\/#breadcrumb","itemListElement":[{"@type":"ListItem","position":1,"name":"Inici","item":"https:\/\/www.cambrapropietatgirona.com\/"},{"@type":"ListItem","position":2,"name":"Exposici\u00f3n de los Aquarel\u00b7listes de Girona por Temps de Flors en la Cambra de la Propietat Urbana de Girona"}]},{"@type":"WebSite","@id":"https:\/\/www.cambrapropietatgirona.com\/#website","url":"https:\/\/www.cambrapropietatgirona.com\/","name":"Cambra de la Propietat Urbana de Girona","description":"Serveis immobiliaris integrals als propietaris","publisher":{"@id":"https:\/\/www.cambrapropietatgirona.com\/#organization"},"potentialAction":[{"@type":"SearchAction","target":{"@type":"EntryPoint","urlTemplate":"https:\/\/www.cambrapropietatgirona.com\/?s={search_term_string}"},"query-input":{"@type":"PropertyValueSpecification","valueRequired":true,"valueName":"search_term_string"}}],"inLanguage":"es-ES"},{"@type":"Organization","@id":"https:\/\/www.cambrapropietatgirona.com\/#organization","name":"Cambra de la Propietat Urbana de Girona","url":"https:\/\/www.cambrapropietatgirona.com\/","logo":{"@type":"ImageObject","inLanguage":"es-ES","@id":"https:\/\/www.cambrapropietatgirona.com\/#\/schema\/logo\/image\/","url":"https:\/\/www.cambrapropietatgirona.com\/wp-content\/uploads\/2018\/01\/favicon.jpg","contentUrl":"https:\/\/www.cambrapropietatgirona.com\/wp-content\/uploads\/2018\/01\/favicon.jpg","width":277,"height":269,"caption":"Cambra de la Propietat Urbana de Girona"},"image":{"@id":"https:\/\/www.cambrapropietatgirona.com\/#\/schema\/logo\/image\/"}},{"@type":"Person","@id":"https:\/\/www.cambrapropietatgirona.com\/#\/schema\/person\/839c74db646ec3d6738ce2dcf5b3447c","name":"AE5GBNi67xK1QkS","image":{"@type":"ImageObject","inLanguage":"es-ES","@id":"https:\/\/secure.gravatar.com\/avatar\/4a49b57693d82ed8aed27ea81234f80da517724ec1cc1f1fb4952b6cf4b80fd7?s=96&d=mm&r=g","url":"https:\/\/secure.gravatar.com\/avatar\/4a49b57693d82ed8aed27ea81234f80da517724ec1cc1f1fb4952b6cf4b80fd7?s=96&d=mm&r=g","contentUrl":"https:\/\/secure.gravatar.com\/avatar\/4a49b57693d82ed8aed27ea81234f80da517724ec1cc1f1fb4952b6cf4b80fd7?s=96&d=mm&r=g","caption":"AE5GBNi67xK1QkS"},"url":"https:\/\/www.cambrapropietatgirona.com\/es\/author\/ae5gbni67xk1qks\/"}]}},"_links":{"self":[{"href":"https:\/\/www.cambrapropietatgirona.com\/es\/wp-json\/wp\/v2\/posts\/6442","targetHints":{"allow":["GET"]}}],"collection":[{"href":"https:\/\/www.cambrapropietatgirona.com\/es\/wp-json\/wp\/v2\/posts"}],"about":[{"href":"https:\/\/www.cambrapropietatgirona.com\/es\/wp-json\/wp\/v2\/types\/post"}],"author":[{"embeddable":true,"href":"https:\/\/www.cambrapropietatgirona.com\/es\/wp-json\/wp\/v2\/users\/1"}],"replies":[{"embeddable":true,"href":"https:\/\/www.cambrapropietatgirona.com\/es\/wp-json\/wp\/v2\/comments?post=6442"}],"version-history":[{"count":1,"href":"https:\/\/www.cambrapropietatgirona.com\/es\/wp-json\/wp\/v2\/posts\/6442\/revisions"}],"predecessor-version":[{"id":6443,"href":"https:\/\/www.cambrapropietatgirona.com\/es\/wp-json\/wp\/v2\/posts\/6442\/revisions\/6443"}],"wp:featuredmedia":[{"embeddable":true,"href":"https:\/\/www.cambrapropietatgirona.com\/es\/wp-json\/wp\/v2\/media\/6439"}],"wp:attachment":[{"href":"https:\/\/www.cambrapropietatgirona.com\/es\/wp-json\/wp\/v2\/media?parent=6442"}],"wp:term":[{"taxonomy":"category","embeddable":true,"href":"https:\/\/www.cambrapropietatgirona.com\/es\/wp-json\/wp\/v2\/categories?post=6442"},{"taxonomy":"post_tag","embeddable":true,"href":"https:\/\/www.cambrapropietatgirona.com\/es\/wp-json\/wp\/v2\/tags?post=6442"}],"curies":[{"name":"wp","href":"https:\/\/api.w.org\/{rel}","templated":true}]}}