{"id":6195,"date":"2026-01-16T13:51:57","date_gmt":"2026-01-16T12:51:57","guid":{"rendered":"https:\/\/www.cambrapropietatgirona.com\/deduccions-per-obres-de-millora-deficiencia-energetica-i-rehabilitacio-dhabitatges\/"},"modified":"2026-01-16T14:24:16","modified_gmt":"2026-01-16T13:24:16","slug":"deducciones-por-obras-de-mejora-de-la-eficiencia-energetica-y-rehabilitacion-de-viviendas","status":"publish","type":"post","link":"https:\/\/www.cambrapropietatgirona.com\/es\/deducciones-por-obras-de-mejora-de-la-eficiencia-energetica-y-rehabilitacion-de-viviendas\/","title":{"rendered":"Deducciones por obras de mejora de la eficiencia energ\u00e9tica y rehabilitaci\u00f3n de viviendas"},"content":{"rendered":"<h2><strong>Deducciones por obras de mejora de la eficiencia energ\u00e9tica en viviendas, por mejora en el consumo de energ\u00eda primaria no renovable y por obras de rehabilitaci\u00f3n energ\u00e9tica.<\/strong><\/h2>\n<h4><strong>Deducci\u00f3n por obras de mejora de la eficiencia energ\u00e9tica de las viviendas.<\/strong><\/h4>\n<p>Se podr\u00e1 deducir el 20% de las obras de mejora de la eficiencia energ\u00e9tica de las viviendas realizadas entre octubre de 2021 y el 31 de diciembre de 2026.<\/p>\n<p>Adem\u00e1s, la deducci\u00f3n tambi\u00e9n ser\u00e1 aplicable a obras realizadas en periodos anteriores, siempre que hayan reducido la demanda de calefacci\u00f3n o refrigeraci\u00f3n de su vivienda o de cualquier otra vivienda de su titularidad alquilada para uso residencial, ya sea en ese momento o con previsi\u00f3n de alquiler. En este \u00faltimo caso, la vivienda deber\u00e1 estar alquilada antes del 31 de diciembre de 2027.<\/p>\n<p>Un t\u00e9cnico deber\u00e1 emitir el certificado de eficiencia energ\u00e9tica y verificar que la reducci\u00f3n en la demanda de calefacci\u00f3n o refrigeraci\u00f3n de la vivienda sea al menos del <strong>7%<\/strong> respecto al certificado anterior. Como m\u00e1ximo, se podr\u00e1n reducir 5.000 \u20ac\/a\u00f1o.<\/p>\n<h4><strong>Deducci\u00f3n por mejora en el consumo de energ\u00eda primaria no renovable.<\/strong><\/h4>\n<p>Si se ha reducido en un 30% el consumo de energ\u00eda primaria no renovable de la vivienda habitual o de una vivienda alquilada, acreditado mediante Certificado de Eficiencia Energ\u00e9tica, se podr\u00e1 deducir el 40% de las cantidades invertidas. El per\u00edodo aplicable es entre octubre de 2021 y el 31 de diciembre de 2026.<\/p>\n<p>Como m\u00e1ximo, se podr\u00e1 deducir 7.500 \u20ac\/a\u00f1o.<\/p>\n<h4><strong>Obras de rehabilitaci\u00f3n energ\u00e9tica en el edificio.<\/strong><\/h4>\n<p>Los propietarios de viviendas en edificios de uso residencial que hayan realizado obras de rehabilitaci\u00f3n energ\u00e9tica entre octubre de 2021 y el 31 de diciembre de 2027 podr\u00e1n deducir el 60% de los gastos. No obstante, la deducci\u00f3n no se aplicar\u00e1 a las obras realizadas en las partes de la vivienda destinadas a actividades econ\u00f3micas.<\/p>\n<p>La base m\u00e1xima anual de la deducci\u00f3n es de 5.000 \u20ac. Las cantidades no deducidas por superar este l\u00edmite se podr\u00e1n aplicar en los cuatro ejercicios siguientes, siempre que la base acumulada no supere los 15.000 \u20ac.<\/p>\n<h4><strong>Imputaci\u00f3n de rentas inmobiliarias.<\/strong><\/h4>\n<p>La imputaci\u00f3n de rentas inmobiliarias obliga a incluir en la base general del IRPF una renta atribuida a determinados inmuebles que no generan rendimientos de capital inmobiliario ni est\u00e1n afectos a actividades econ\u00f3micas.<\/p>\n<p>Seg\u00fan la normativa, el porcentaje de imputaci\u00f3n ser\u00e1 del 1,1% para los per\u00edodos impositivos de 2023, 2024 y 2025, aplicable a los inmuebles situados en municipios cuyos valores catastrales hayan sido revisados, modificados o determinados mediante un procedimiento de valoraci\u00f3n colectiva general, siempre que estas modificaciones hayan entrado en vigor a partir del 1 de enero de 2012.<\/p>\n","protected":false},"excerpt":{"rendered":"<p>Deducciones por obras de mejora de la eficiencia energ\u00e9tica en viviendas, por mejora en el consumo de energ\u00eda primaria no renovable y por obras de rehabilitaci\u00f3n energ\u00e9tica. Deducci\u00f3n por obras de mejora de la eficiencia energ\u00e9tica de las viviendas. Se podr\u00e1 deducir el 20% de las obras de mejora de la eficiencia energ\u00e9tica de las [&hellip;]<\/p>\n","protected":false},"author":1,"featured_media":6193,"comment_status":"open","ping_status":"open","sticky":false,"template":"","format":"standard","meta":{"_acf_changed":false,"inline_featured_image":false,"disable_featured_image":false,"footnotes":""},"categories":[13,891,733],"tags":[],"class_list":["post-6195","post","type-post","status-publish","format-standard","has-post-thumbnail","hentry","category-actualidad","category-eficiencia-energetica-es","category-rehabilitacio-es"],"acf":[],"yoast_head":"<!-- This site is optimized with the Yoast SEO plugin v27.5 - https:\/\/yoast.com\/product\/yoast-seo-wordpress\/ -->\n<title>Deducciones por obras de mejora de eficiencia energ\u00e9tica - Cambra de la Propietat Urbana de Girona<\/title>\n<meta name=\"description\" content=\"Para obras de mejora de eficiencia energ\u00e9tica, para la mejora en el consumo de energ\u00eda primaria no renovable y para rehabilitaci\u00f3n energ\u00e9tica\" \/>\n<meta name=\"robots\" content=\"index, follow, max-snippet:-1, max-image-preview:large, max-video-preview:-1\" \/>\n<link rel=\"canonical\" href=\"https:\/\/www.cambrapropietatgirona.com\/es\/deducciones-por-obras-de-mejora-de-la-eficiencia-energetica-y-rehabilitacion-de-viviendas\/\" \/>\n<meta property=\"og:locale\" content=\"es_ES\" \/>\n<meta property=\"og:type\" content=\"article\" \/>\n<meta property=\"og:title\" content=\"Deducciones por obras de mejora de eficiencia energ\u00e9tica - Cambra de la Propietat Urbana de Girona\" \/>\n<meta property=\"og:description\" content=\"Para obras de mejora de eficiencia energ\u00e9tica, para la mejora en el consumo de energ\u00eda primaria no renovable y para rehabilitaci\u00f3n energ\u00e9tica\" \/>\n<meta property=\"og:url\" content=\"https:\/\/www.cambrapropietatgirona.com\/es\/deducciones-por-obras-de-mejora-de-la-eficiencia-energetica-y-rehabilitacion-de-viviendas\/\" \/>\n<meta property=\"og:site_name\" content=\"Cambra de la Propietat Urbana de Girona\" \/>\n<meta property=\"article:published_time\" content=\"2026-01-16T12:51:57+00:00\" \/>\n<meta property=\"article:modified_time\" content=\"2026-01-16T13:24:16+00:00\" \/>\n<meta property=\"og:image\" content=\"http:\/\/www.cambrapropietatgirona.com\/wp-content\/uploads\/2026\/01\/portada_cambra.jpg\" \/>\n\t<meta property=\"og:image:width\" content=\"640\" \/>\n\t<meta property=\"og:image:height\" content=\"640\" \/>\n\t<meta property=\"og:image:type\" content=\"image\/jpeg\" \/>\n<meta name=\"author\" content=\"AE5GBNi67xK1QkS\" \/>\n<meta name=\"twitter:card\" content=\"summary_large_image\" \/>\n<meta name=\"twitter:label1\" content=\"Written by\" \/>\n\t<meta name=\"twitter:data1\" content=\"AE5GBNi67xK1QkS\" \/>\n\t<meta name=\"twitter:label2\" content=\"Est. reading time\" \/>\n\t<meta name=\"twitter:data2\" content=\"3 minutes\" \/>\n<script type=\"application\/ld+json\" class=\"yoast-schema-graph\">{\"@context\":\"https:\\\/\\\/schema.org\",\"@graph\":[{\"@type\":\"Article\",\"@id\":\"https:\\\/\\\/www.cambrapropietatgirona.com\\\/es\\\/deducciones-por-obras-de-mejora-de-la-eficiencia-energetica-y-rehabilitacion-de-viviendas\\\/#article\",\"isPartOf\":{\"@id\":\"https:\\\/\\\/www.cambrapropietatgirona.com\\\/es\\\/deducciones-por-obras-de-mejora-de-la-eficiencia-energetica-y-rehabilitacion-de-viviendas\\\/\"},\"author\":{\"name\":\"AE5GBNi67xK1QkS\",\"@id\":\"https:\\\/\\\/www.cambrapropietatgirona.com\\\/#\\\/schema\\\/person\\\/839c74db646ec3d6738ce2dcf5b3447c\"},\"headline\":\"Deducciones por obras de mejora de la eficiencia energ\u00e9tica y rehabilitaci\u00f3n de viviendas\",\"datePublished\":\"2026-01-16T12:51:57+00:00\",\"dateModified\":\"2026-01-16T13:24:16+00:00\",\"mainEntityOfPage\":{\"@id\":\"https:\\\/\\\/www.cambrapropietatgirona.com\\\/es\\\/deducciones-por-obras-de-mejora-de-la-eficiencia-energetica-y-rehabilitacion-de-viviendas\\\/\"},\"wordCount\":470,\"commentCount\":0,\"publisher\":{\"@id\":\"https:\\\/\\\/www.cambrapropietatgirona.com\\\/#organization\"},\"image\":{\"@id\":\"https:\\\/\\\/www.cambrapropietatgirona.com\\\/es\\\/deducciones-por-obras-de-mejora-de-la-eficiencia-energetica-y-rehabilitacion-de-viviendas\\\/#primaryimage\"},\"thumbnailUrl\":\"https:\\\/\\\/www.cambrapropietatgirona.com\\\/wp-content\\\/uploads\\\/2026\\\/01\\\/portada_cambra.jpg\",\"articleSection\":[\"Actualidad\",\"Efici\u00e8ncia Energ\u00e8tica\",\"Rehabilitaci\u00f3\"],\"inLanguage\":\"es-ES\",\"potentialAction\":[{\"@type\":\"CommentAction\",\"name\":\"Comment\",\"target\":[\"https:\\\/\\\/www.cambrapropietatgirona.com\\\/es\\\/deducciones-por-obras-de-mejora-de-la-eficiencia-energetica-y-rehabilitacion-de-viviendas\\\/#respond\"]}]},{\"@type\":\"WebPage\",\"@id\":\"https:\\\/\\\/www.cambrapropietatgirona.com\\\/es\\\/deducciones-por-obras-de-mejora-de-la-eficiencia-energetica-y-rehabilitacion-de-viviendas\\\/\",\"url\":\"https:\\\/\\\/www.cambrapropietatgirona.com\\\/es\\\/deducciones-por-obras-de-mejora-de-la-eficiencia-energetica-y-rehabilitacion-de-viviendas\\\/\",\"name\":\"Deducciones por obras de mejora de eficiencia energ\u00e9tica - Cambra de la Propietat Urbana de Girona\",\"isPartOf\":{\"@id\":\"https:\\\/\\\/www.cambrapropietatgirona.com\\\/#website\"},\"primaryImageOfPage\":{\"@id\":\"https:\\\/\\\/www.cambrapropietatgirona.com\\\/es\\\/deducciones-por-obras-de-mejora-de-la-eficiencia-energetica-y-rehabilitacion-de-viviendas\\\/#primaryimage\"},\"image\":{\"@id\":\"https:\\\/\\\/www.cambrapropietatgirona.com\\\/es\\\/deducciones-por-obras-de-mejora-de-la-eficiencia-energetica-y-rehabilitacion-de-viviendas\\\/#primaryimage\"},\"thumbnailUrl\":\"https:\\\/\\\/www.cambrapropietatgirona.com\\\/wp-content\\\/uploads\\\/2026\\\/01\\\/portada_cambra.jpg\",\"datePublished\":\"2026-01-16T12:51:57+00:00\",\"dateModified\":\"2026-01-16T13:24:16+00:00\",\"description\":\"Para obras de mejora de eficiencia energ\u00e9tica, para la mejora en el consumo de energ\u00eda primaria no renovable y para rehabilitaci\u00f3n energ\u00e9tica\",\"breadcrumb\":{\"@id\":\"https:\\\/\\\/www.cambrapropietatgirona.com\\\/es\\\/deducciones-por-obras-de-mejora-de-la-eficiencia-energetica-y-rehabilitacion-de-viviendas\\\/#breadcrumb\"},\"inLanguage\":\"es-ES\",\"potentialAction\":[{\"@type\":\"ReadAction\",\"target\":[\"https:\\\/\\\/www.cambrapropietatgirona.com\\\/es\\\/deducciones-por-obras-de-mejora-de-la-eficiencia-energetica-y-rehabilitacion-de-viviendas\\\/\"]}]},{\"@type\":\"ImageObject\",\"inLanguage\":\"es-ES\",\"@id\":\"https:\\\/\\\/www.cambrapropietatgirona.com\\\/es\\\/deducciones-por-obras-de-mejora-de-la-eficiencia-energetica-y-rehabilitacion-de-viviendas\\\/#primaryimage\",\"url\":\"https:\\\/\\\/www.cambrapropietatgirona.com\\\/wp-content\\\/uploads\\\/2026\\\/01\\\/portada_cambra.jpg\",\"contentUrl\":\"https:\\\/\\\/www.cambrapropietatgirona.com\\\/wp-content\\\/uploads\\\/2026\\\/01\\\/portada_cambra.jpg\",\"width\":640,\"height\":640,\"caption\":\"Efici\u00e8ncia energ\u00e8tica\"},{\"@type\":\"BreadcrumbList\",\"@id\":\"https:\\\/\\\/www.cambrapropietatgirona.com\\\/es\\\/deducciones-por-obras-de-mejora-de-la-eficiencia-energetica-y-rehabilitacion-de-viviendas\\\/#breadcrumb\",\"itemListElement\":[{\"@type\":\"ListItem\",\"position\":1,\"name\":\"Inici\",\"item\":\"https:\\\/\\\/www.cambrapropietatgirona.com\\\/\"},{\"@type\":\"ListItem\",\"position\":2,\"name\":\"Deducciones por obras de mejora de la eficiencia energ\u00e9tica y rehabilitaci\u00f3n de viviendas\"}]},{\"@type\":\"WebSite\",\"@id\":\"https:\\\/\\\/www.cambrapropietatgirona.com\\\/#website\",\"url\":\"https:\\\/\\\/www.cambrapropietatgirona.com\\\/\",\"name\":\"Cambra de la Propietat Urbana de Girona\",\"description\":\"Serveis immobiliaris integrals als propietaris\",\"publisher\":{\"@id\":\"https:\\\/\\\/www.cambrapropietatgirona.com\\\/#organization\"},\"potentialAction\":[{\"@type\":\"SearchAction\",\"target\":{\"@type\":\"EntryPoint\",\"urlTemplate\":\"https:\\\/\\\/www.cambrapropietatgirona.com\\\/?s={search_term_string}\"},\"query-input\":{\"@type\":\"PropertyValueSpecification\",\"valueRequired\":true,\"valueName\":\"search_term_string\"}}],\"inLanguage\":\"es-ES\"},{\"@type\":\"Organization\",\"@id\":\"https:\\\/\\\/www.cambrapropietatgirona.com\\\/#organization\",\"name\":\"Cambra de la Propietat Urbana de Girona\",\"url\":\"https:\\\/\\\/www.cambrapropietatgirona.com\\\/\",\"logo\":{\"@type\":\"ImageObject\",\"inLanguage\":\"es-ES\",\"@id\":\"https:\\\/\\\/www.cambrapropietatgirona.com\\\/#\\\/schema\\\/logo\\\/image\\\/\",\"url\":\"https:\\\/\\\/www.cambrapropietatgirona.com\\\/wp-content\\\/uploads\\\/2018\\\/01\\\/favicon.jpg\",\"contentUrl\":\"https:\\\/\\\/www.cambrapropietatgirona.com\\\/wp-content\\\/uploads\\\/2018\\\/01\\\/favicon.jpg\",\"width\":277,\"height\":269,\"caption\":\"Cambra de la Propietat Urbana de Girona\"},\"image\":{\"@id\":\"https:\\\/\\\/www.cambrapropietatgirona.com\\\/#\\\/schema\\\/logo\\\/image\\\/\"}},{\"@type\":\"Person\",\"@id\":\"https:\\\/\\\/www.cambrapropietatgirona.com\\\/#\\\/schema\\\/person\\\/839c74db646ec3d6738ce2dcf5b3447c\",\"name\":\"AE5GBNi67xK1QkS\",\"image\":{\"@type\":\"ImageObject\",\"inLanguage\":\"es-ES\",\"@id\":\"https:\\\/\\\/secure.gravatar.com\\\/avatar\\\/4a49b57693d82ed8aed27ea81234f80da517724ec1cc1f1fb4952b6cf4b80fd7?s=96&d=mm&r=g\",\"url\":\"https:\\\/\\\/secure.gravatar.com\\\/avatar\\\/4a49b57693d82ed8aed27ea81234f80da517724ec1cc1f1fb4952b6cf4b80fd7?s=96&d=mm&r=g\",\"contentUrl\":\"https:\\\/\\\/secure.gravatar.com\\\/avatar\\\/4a49b57693d82ed8aed27ea81234f80da517724ec1cc1f1fb4952b6cf4b80fd7?s=96&d=mm&r=g\",\"caption\":\"AE5GBNi67xK1QkS\"},\"url\":\"https:\\\/\\\/www.cambrapropietatgirona.com\\\/es\\\/author\\\/ae5gbni67xk1qks\\\/\"}]}<\/script>\n<!-- \/ Yoast SEO plugin. -->","yoast_head_json":{"title":"Deducciones por obras de mejora de eficiencia energ\u00e9tica - Cambra de la Propietat Urbana de Girona","description":"Para obras de mejora de eficiencia energ\u00e9tica, para la mejora en el consumo de energ\u00eda primaria no renovable y para rehabilitaci\u00f3n energ\u00e9tica","robots":{"index":"index","follow":"follow","max-snippet":"max-snippet:-1","max-image-preview":"max-image-preview:large","max-video-preview":"max-video-preview:-1"},"canonical":"https:\/\/www.cambrapropietatgirona.com\/es\/deducciones-por-obras-de-mejora-de-la-eficiencia-energetica-y-rehabilitacion-de-viviendas\/","og_locale":"es_ES","og_type":"article","og_title":"Deducciones por obras de mejora de eficiencia energ\u00e9tica - Cambra de la Propietat Urbana de Girona","og_description":"Para obras de mejora de eficiencia energ\u00e9tica, para la mejora en el consumo de energ\u00eda primaria no renovable y para rehabilitaci\u00f3n energ\u00e9tica","og_url":"https:\/\/www.cambrapropietatgirona.com\/es\/deducciones-por-obras-de-mejora-de-la-eficiencia-energetica-y-rehabilitacion-de-viviendas\/","og_site_name":"Cambra de la Propietat Urbana de Girona","article_published_time":"2026-01-16T12:51:57+00:00","article_modified_time":"2026-01-16T13:24:16+00:00","og_image":[{"width":640,"height":640,"url":"http:\/\/www.cambrapropietatgirona.com\/wp-content\/uploads\/2026\/01\/portada_cambra.jpg","type":"image\/jpeg"}],"author":"AE5GBNi67xK1QkS","twitter_card":"summary_large_image","twitter_misc":{"Written by":"AE5GBNi67xK1QkS","Est. reading time":"3 minutes"},"schema":{"@context":"https:\/\/schema.org","@graph":[{"@type":"Article","@id":"https:\/\/www.cambrapropietatgirona.com\/es\/deducciones-por-obras-de-mejora-de-la-eficiencia-energetica-y-rehabilitacion-de-viviendas\/#article","isPartOf":{"@id":"https:\/\/www.cambrapropietatgirona.com\/es\/deducciones-por-obras-de-mejora-de-la-eficiencia-energetica-y-rehabilitacion-de-viviendas\/"},"author":{"name":"AE5GBNi67xK1QkS","@id":"https:\/\/www.cambrapropietatgirona.com\/#\/schema\/person\/839c74db646ec3d6738ce2dcf5b3447c"},"headline":"Deducciones por obras de mejora de la eficiencia energ\u00e9tica y rehabilitaci\u00f3n de viviendas","datePublished":"2026-01-16T12:51:57+00:00","dateModified":"2026-01-16T13:24:16+00:00","mainEntityOfPage":{"@id":"https:\/\/www.cambrapropietatgirona.com\/es\/deducciones-por-obras-de-mejora-de-la-eficiencia-energetica-y-rehabilitacion-de-viviendas\/"},"wordCount":470,"commentCount":0,"publisher":{"@id":"https:\/\/www.cambrapropietatgirona.com\/#organization"},"image":{"@id":"https:\/\/www.cambrapropietatgirona.com\/es\/deducciones-por-obras-de-mejora-de-la-eficiencia-energetica-y-rehabilitacion-de-viviendas\/#primaryimage"},"thumbnailUrl":"https:\/\/www.cambrapropietatgirona.com\/wp-content\/uploads\/2026\/01\/portada_cambra.jpg","articleSection":["Actualidad","Efici\u00e8ncia Energ\u00e8tica","Rehabilitaci\u00f3"],"inLanguage":"es-ES","potentialAction":[{"@type":"CommentAction","name":"Comment","target":["https:\/\/www.cambrapropietatgirona.com\/es\/deducciones-por-obras-de-mejora-de-la-eficiencia-energetica-y-rehabilitacion-de-viviendas\/#respond"]}]},{"@type":"WebPage","@id":"https:\/\/www.cambrapropietatgirona.com\/es\/deducciones-por-obras-de-mejora-de-la-eficiencia-energetica-y-rehabilitacion-de-viviendas\/","url":"https:\/\/www.cambrapropietatgirona.com\/es\/deducciones-por-obras-de-mejora-de-la-eficiencia-energetica-y-rehabilitacion-de-viviendas\/","name":"Deducciones por obras de mejora de eficiencia energ\u00e9tica - Cambra de la Propietat Urbana de Girona","isPartOf":{"@id":"https:\/\/www.cambrapropietatgirona.com\/#website"},"primaryImageOfPage":{"@id":"https:\/\/www.cambrapropietatgirona.com\/es\/deducciones-por-obras-de-mejora-de-la-eficiencia-energetica-y-rehabilitacion-de-viviendas\/#primaryimage"},"image":{"@id":"https:\/\/www.cambrapropietatgirona.com\/es\/deducciones-por-obras-de-mejora-de-la-eficiencia-energetica-y-rehabilitacion-de-viviendas\/#primaryimage"},"thumbnailUrl":"https:\/\/www.cambrapropietatgirona.com\/wp-content\/uploads\/2026\/01\/portada_cambra.jpg","datePublished":"2026-01-16T12:51:57+00:00","dateModified":"2026-01-16T13:24:16+00:00","description":"Para obras de mejora de eficiencia energ\u00e9tica, para la mejora en el consumo de energ\u00eda primaria no renovable y para rehabilitaci\u00f3n energ\u00e9tica","breadcrumb":{"@id":"https:\/\/www.cambrapropietatgirona.com\/es\/deducciones-por-obras-de-mejora-de-la-eficiencia-energetica-y-rehabilitacion-de-viviendas\/#breadcrumb"},"inLanguage":"es-ES","potentialAction":[{"@type":"ReadAction","target":["https:\/\/www.cambrapropietatgirona.com\/es\/deducciones-por-obras-de-mejora-de-la-eficiencia-energetica-y-rehabilitacion-de-viviendas\/"]}]},{"@type":"ImageObject","inLanguage":"es-ES","@id":"https:\/\/www.cambrapropietatgirona.com\/es\/deducciones-por-obras-de-mejora-de-la-eficiencia-energetica-y-rehabilitacion-de-viviendas\/#primaryimage","url":"https:\/\/www.cambrapropietatgirona.com\/wp-content\/uploads\/2026\/01\/portada_cambra.jpg","contentUrl":"https:\/\/www.cambrapropietatgirona.com\/wp-content\/uploads\/2026\/01\/portada_cambra.jpg","width":640,"height":640,"caption":"Efici\u00e8ncia energ\u00e8tica"},{"@type":"BreadcrumbList","@id":"https:\/\/www.cambrapropietatgirona.com\/es\/deducciones-por-obras-de-mejora-de-la-eficiencia-energetica-y-rehabilitacion-de-viviendas\/#breadcrumb","itemListElement":[{"@type":"ListItem","position":1,"name":"Inici","item":"https:\/\/www.cambrapropietatgirona.com\/"},{"@type":"ListItem","position":2,"name":"Deducciones por obras de mejora de la eficiencia energ\u00e9tica y rehabilitaci\u00f3n de viviendas"}]},{"@type":"WebSite","@id":"https:\/\/www.cambrapropietatgirona.com\/#website","url":"https:\/\/www.cambrapropietatgirona.com\/","name":"Cambra de la Propietat Urbana de Girona","description":"Serveis immobiliaris integrals als propietaris","publisher":{"@id":"https:\/\/www.cambrapropietatgirona.com\/#organization"},"potentialAction":[{"@type":"SearchAction","target":{"@type":"EntryPoint","urlTemplate":"https:\/\/www.cambrapropietatgirona.com\/?s={search_term_string}"},"query-input":{"@type":"PropertyValueSpecification","valueRequired":true,"valueName":"search_term_string"}}],"inLanguage":"es-ES"},{"@type":"Organization","@id":"https:\/\/www.cambrapropietatgirona.com\/#organization","name":"Cambra de la Propietat Urbana de Girona","url":"https:\/\/www.cambrapropietatgirona.com\/","logo":{"@type":"ImageObject","inLanguage":"es-ES","@id":"https:\/\/www.cambrapropietatgirona.com\/#\/schema\/logo\/image\/","url":"https:\/\/www.cambrapropietatgirona.com\/wp-content\/uploads\/2018\/01\/favicon.jpg","contentUrl":"https:\/\/www.cambrapropietatgirona.com\/wp-content\/uploads\/2018\/01\/favicon.jpg","width":277,"height":269,"caption":"Cambra de la Propietat Urbana de Girona"},"image":{"@id":"https:\/\/www.cambrapropietatgirona.com\/#\/schema\/logo\/image\/"}},{"@type":"Person","@id":"https:\/\/www.cambrapropietatgirona.com\/#\/schema\/person\/839c74db646ec3d6738ce2dcf5b3447c","name":"AE5GBNi67xK1QkS","image":{"@type":"ImageObject","inLanguage":"es-ES","@id":"https:\/\/secure.gravatar.com\/avatar\/4a49b57693d82ed8aed27ea81234f80da517724ec1cc1f1fb4952b6cf4b80fd7?s=96&d=mm&r=g","url":"https:\/\/secure.gravatar.com\/avatar\/4a49b57693d82ed8aed27ea81234f80da517724ec1cc1f1fb4952b6cf4b80fd7?s=96&d=mm&r=g","contentUrl":"https:\/\/secure.gravatar.com\/avatar\/4a49b57693d82ed8aed27ea81234f80da517724ec1cc1f1fb4952b6cf4b80fd7?s=96&d=mm&r=g","caption":"AE5GBNi67xK1QkS"},"url":"https:\/\/www.cambrapropietatgirona.com\/es\/author\/ae5gbni67xk1qks\/"}]}},"_links":{"self":[{"href":"https:\/\/www.cambrapropietatgirona.com\/es\/wp-json\/wp\/v2\/posts\/6195","targetHints":{"allow":["GET"]}}],"collection":[{"href":"https:\/\/www.cambrapropietatgirona.com\/es\/wp-json\/wp\/v2\/posts"}],"about":[{"href":"https:\/\/www.cambrapropietatgirona.com\/es\/wp-json\/wp\/v2\/types\/post"}],"author":[{"embeddable":true,"href":"https:\/\/www.cambrapropietatgirona.com\/es\/wp-json\/wp\/v2\/users\/1"}],"replies":[{"embeddable":true,"href":"https:\/\/www.cambrapropietatgirona.com\/es\/wp-json\/wp\/v2\/comments?post=6195"}],"version-history":[{"count":2,"href":"https:\/\/www.cambrapropietatgirona.com\/es\/wp-json\/wp\/v2\/posts\/6195\/revisions"}],"predecessor-version":[{"id":6197,"href":"https:\/\/www.cambrapropietatgirona.com\/es\/wp-json\/wp\/v2\/posts\/6195\/revisions\/6197"}],"wp:featuredmedia":[{"embeddable":true,"href":"https:\/\/www.cambrapropietatgirona.com\/es\/wp-json\/wp\/v2\/media\/6193"}],"wp:attachment":[{"href":"https:\/\/www.cambrapropietatgirona.com\/es\/wp-json\/wp\/v2\/media?parent=6195"}],"wp:term":[{"taxonomy":"category","embeddable":true,"href":"https:\/\/www.cambrapropietatgirona.com\/es\/wp-json\/wp\/v2\/categories?post=6195"},{"taxonomy":"post_tag","embeddable":true,"href":"https:\/\/www.cambrapropietatgirona.com\/es\/wp-json\/wp\/v2\/tags?post=6195"}],"curies":[{"name":"wp","href":"https:\/\/api.w.org\/{rel}","templated":true}]}}