{"id":6114,"date":"2026-01-13T09:38:01","date_gmt":"2026-01-13T08:38:01","guid":{"rendered":"https:\/\/www.cambrapropietatgirona.com\/nova-prorroga-en-la-suspensio-de-desnonaments\/"},"modified":"2026-01-13T09:42:02","modified_gmt":"2026-01-13T08:42:02","slug":"nueva-prorroga-en-la-suspension-de-desahucios","status":"publish","type":"post","link":"https:\/\/www.cambrapropietatgirona.com\/es\/nueva-prorroga-en-la-suspension-de-desahucios\/","title":{"rendered":"Nueva pr\u00f3rroga en la suspensi\u00f3n de desahucios"},"content":{"rendered":"<h2><strong>El 24 de diciembre de 2025 se public\u00f3 en el Bolet\u00edn Oficial del Estado Real Decreto Ley 16\/2025, de 23 de diciembre, por el que se prorrogan determinadas medidas para hacer frente a situaciones de vulnerabilidad social y se adoptan medidas en materia tributaria y de Seguridad Social. <span style=\"font-size: 16px;\">Y se prorrogan hasta el 31 de desembre de 2026.<\/span><\/strong><\/h2>\n<p>Desde marzo de 2020, como consecuencia de la pandemia de la COVID-19 y con el fin de proteger la econom\u00eda del Estado espa\u00f1ol, se public\u00f3 el Real Decreto Ley 11\/2020, de 31 de marzo, que ten\u00eda como objetivo prestar apoyo a trabajadores, familias y colectivos vulnerables. Entre otras medidas, se acord\u00f3 una pr\u00f3rroga extraordinaria de los contratos de arrendamiento de vivienda habitual en situaci\u00f3n de vulnerabilidad econ\u00f3mica, la moratoria en la obligaci\u00f3n de pago de la renta para estos colectivos, as\u00ed como la suspensi\u00f3n de los procedimientos de desahucio para las personas vulnerables que no dispusieran de una alternativa habitacional.<\/p>\n<p>En aquel contexto, las medidas urgentes sirvieron para dar respuesta a las circunstancias econ\u00f3micas derivadas de la pandemia. Lo cierto es, sin embargo, que muchas de estas medidas contin\u00faan vigentes en la actualidad, casi seis a\u00f1os despu\u00e9s.<\/p>\n<h4><strong>Ampliaci\u00f3n del plazo para solicitar la suspensi\u00f3n de desahucios y lanzamientos de viviendas habituales arrendadas.<\/strong><\/h4>\n<p>Hasta el 31 de diciembre de 2026, la persona arrendataria podr\u00e1 solicitar al tribunal que dirija el procedimiento judicial la suspensi\u00f3n del desahucio, siempre que acredite que se encuentra en situaci\u00f3n de vulnerabilidad econ\u00f3mica.<\/p>\n<p>Asimismo, en los procedimientos en los que se pretenda obtener la posesi\u00f3n legal de una vivienda por estar ocupada por una persona que no disponga de ning\u00fan t\u00edtulo para ocuparla, el juez tendr\u00e1 la facultad de suspender el lanzamiento hasta el 31 de diciembre de 2026.<\/p>\n<p>En este \u00faltimo caso, no obstante, para que la pr\u00f3rroga sea efectiva deber\u00e1n cumplirse los siguientes requisitos:<\/p>\n<ul>\n<li>Que la vivienda sea titularidad de una persona jur\u00eddica o de una persona f\u00edsica que sea titular de m\u00e1s de 10 viviendas.<\/li>\n<li>Que las personas que habiten la vivienda sin t\u00edtulo se encuentren en situaci\u00f3n de vulnerabilidad econ\u00f3mica.<\/li>\n<li>Que la persona que ocupe la vivienda sea una persona dependiente, v\u00edctima de violencia sobre la mujer, o que tenga a su cargo alguna persona dependiente o menor de edad.<\/li>\n<\/ul>\n<p>En els casos que describimos a continuaci\u00f3n, no se proceder\u00e1, en ning\u00fan, a la citada suspensi\u00f3n del deshaucio o del lanzamiento:<\/p>\n<ul>\n<li>Cuando la ocupaci\u00f3n afecte a un inmueble propiedad de una persona f\u00edsica que tenga en \u00e9l su domicilio habitual o una segunda residencia.<\/li>\n<li>Cuando la entrada se haya producido en un inmueble propiedad de una persona f\u00edsica o jur\u00eddica que lo tenga cedido a una persona f\u00edsica y constituya su domicilio habitual o segunda residencia.<\/li>\n<li>Cuando la entrada o la permanencia se haya producido mediante intimidaci\u00f3n o violencia sobre las personas.<\/li>\n<li>Cuando la vivienda se est\u00e9 utilizando para el desarrollo de actividades il\u00edcitas.<\/li>\n<li>Cuando la entrada o la permanencia se haya producido en inmuebles de titularidad p\u00fablica o privada destinados a vivienda social y la vivienda ya hubiera sido asignada a un solicitante.<\/li>\n<li>Cuando la entrada se haya producido con posterioridad a la entrada en vigor de este Real Decreto-ley.<\/li>\n<\/ul>\n<h4><strong>Pr\u00f3rroga del derecho de los arrendadores a una compensaci\u00f3n econ\u00f3mica.<\/strong><\/h4>\n<p>El Real Decreto Ley 11\/2020, de 31 de marzo, introdujo asimismo el derecho de los arrendadores afectados por una suspensi\u00f3n extraordinaria del procedimiento de desahucio o de lanzamiento a solicitar una compensaci\u00f3n econ\u00f3mica, en el caso de que la Administraci\u00f3n competente no hubiera adoptado medidas para hacer frente a la situaci\u00f3n de los arrendatarios u ocupantes en situaci\u00f3n de vulnerabilidad, dentro de los tres meses siguientes a la fecha de emisi\u00f3n del informe de los servicios sociales.<\/p>\n<p>El Real Decreto Ley 16\/2025, de 23 de diciembre, regula la pr\u00f3rroga de este derecho de los arrendadores hasta el 31 de enero de 2027.<\/p>\n","protected":false},"excerpt":{"rendered":"<p>El 24 de diciembre de 2025 se public\u00f3 en el Bolet\u00edn Oficial del Estado Real Decreto Ley 16\/2025, de 23 de diciembre, por el que se prorrogan determinadas medidas para hacer frente a situaciones de vulnerabilidad social y se adoptan medidas en materia tributaria y de Seguridad Social. Y se prorrogan hasta el 31 de [&hellip;]<\/p>\n","protected":false},"author":1,"featured_media":6112,"comment_status":"open","ping_status":"open","sticky":false,"template":"","format":"standard","meta":{"_acf_changed":false,"inline_featured_image":false,"disable_featured_image":false,"footnotes":""},"categories":[13,719,19],"tags":[],"class_list":["post-6114","post","type-post","status-publish","format-standard","has-post-thumbnail","hentry","category-actualidad","category-arrendaments-es","category-legislacion"],"acf":[],"yoast_head":"<!-- This site is optimized with the Yoast SEO plugin v27.5 - https:\/\/yoast.com\/product\/yoast-seo-wordpress\/ -->\n<title>Nueva pr\u00f3rroga en la suspensi\u00f3n de desahucios - Cambra de la Propietat Urbana de Girona<\/title>\n<meta name=\"description\" content=\"Hasta el 31\/12\/2026, la persona arrendataria podr\u00e1 solicitar al tribunal que dirige el proceso judicial la suspensi\u00f3n del deshaucio.\" \/>\n<meta name=\"robots\" content=\"index, follow, max-snippet:-1, max-image-preview:large, max-video-preview:-1\" \/>\n<link rel=\"canonical\" href=\"https:\/\/www.cambrapropietatgirona.com\/es\/nueva-prorroga-en-la-suspension-de-desahucios\/\" \/>\n<meta property=\"og:locale\" content=\"es_ES\" \/>\n<meta property=\"og:type\" content=\"article\" \/>\n<meta property=\"og:title\" content=\"Nueva pr\u00f3rroga en la suspensi\u00f3n de desahucios - Cambra de la Propietat Urbana de Girona\" \/>\n<meta property=\"og:description\" content=\"Hasta el 31\/12\/2026, la persona arrendataria podr\u00e1 solicitar al tribunal que dirige el proceso judicial la suspensi\u00f3n del deshaucio.\" \/>\n<meta property=\"og:url\" content=\"https:\/\/www.cambrapropietatgirona.com\/es\/nueva-prorroga-en-la-suspension-de-desahucios\/\" \/>\n<meta property=\"og:site_name\" content=\"Cambra de la Propietat Urbana de Girona\" \/>\n<meta property=\"article:published_time\" content=\"2026-01-13T08:38:01+00:00\" \/>\n<meta property=\"article:modified_time\" content=\"2026-01-13T08:42:02+00:00\" \/>\n<meta property=\"og:image\" content=\"http:\/\/www.cambrapropietatgirona.com\/wp-content\/uploads\/2026\/01\/portada_13_1.jpg\" \/>\n\t<meta property=\"og:image:width\" content=\"640\" \/>\n\t<meta property=\"og:image:height\" content=\"640\" \/>\n\t<meta property=\"og:image:type\" content=\"image\/jpeg\" \/>\n<meta name=\"author\" content=\"AE5GBNi67xK1QkS\" \/>\n<meta name=\"twitter:card\" content=\"summary_large_image\" \/>\n<meta name=\"twitter:label1\" content=\"Written by\" \/>\n\t<meta name=\"twitter:data1\" content=\"AE5GBNi67xK1QkS\" \/>\n\t<meta name=\"twitter:label2\" content=\"Est. reading time\" \/>\n\t<meta name=\"twitter:data2\" content=\"4 minutes\" \/>\n<script type=\"application\/ld+json\" class=\"yoast-schema-graph\">{\"@context\":\"https:\\\/\\\/schema.org\",\"@graph\":[{\"@type\":\"Article\",\"@id\":\"https:\\\/\\\/www.cambrapropietatgirona.com\\\/es\\\/nueva-prorroga-en-la-suspension-de-desahucios\\\/#article\",\"isPartOf\":{\"@id\":\"https:\\\/\\\/www.cambrapropietatgirona.com\\\/es\\\/nueva-prorroga-en-la-suspension-de-desahucios\\\/\"},\"author\":{\"name\":\"AE5GBNi67xK1QkS\",\"@id\":\"https:\\\/\\\/www.cambrapropietatgirona.com\\\/#\\\/schema\\\/person\\\/839c74db646ec3d6738ce2dcf5b3447c\"},\"headline\":\"Nueva pr\u00f3rroga en la suspensi\u00f3n de desahucios\",\"datePublished\":\"2026-01-13T08:38:01+00:00\",\"dateModified\":\"2026-01-13T08:42:02+00:00\",\"mainEntityOfPage\":{\"@id\":\"https:\\\/\\\/www.cambrapropietatgirona.com\\\/es\\\/nueva-prorroga-en-la-suspension-de-desahucios\\\/\"},\"wordCount\":679,\"commentCount\":0,\"publisher\":{\"@id\":\"https:\\\/\\\/www.cambrapropietatgirona.com\\\/#organization\"},\"image\":{\"@id\":\"https:\\\/\\\/www.cambrapropietatgirona.com\\\/es\\\/nueva-prorroga-en-la-suspension-de-desahucios\\\/#primaryimage\"},\"thumbnailUrl\":\"https:\\\/\\\/www.cambrapropietatgirona.com\\\/wp-content\\\/uploads\\\/2026\\\/01\\\/portada_13_1.jpg\",\"articleSection\":[\"Actualidad\",\"Arrendaments\",\"Legislaci\u00f3n\"],\"inLanguage\":\"es-ES\",\"potentialAction\":[{\"@type\":\"CommentAction\",\"name\":\"Comment\",\"target\":[\"https:\\\/\\\/www.cambrapropietatgirona.com\\\/es\\\/nueva-prorroga-en-la-suspension-de-desahucios\\\/#respond\"]}]},{\"@type\":\"WebPage\",\"@id\":\"https:\\\/\\\/www.cambrapropietatgirona.com\\\/es\\\/nueva-prorroga-en-la-suspension-de-desahucios\\\/\",\"url\":\"https:\\\/\\\/www.cambrapropietatgirona.com\\\/es\\\/nueva-prorroga-en-la-suspension-de-desahucios\\\/\",\"name\":\"Nueva pr\u00f3rroga en la suspensi\u00f3n de desahucios - Cambra de la Propietat Urbana de Girona\",\"isPartOf\":{\"@id\":\"https:\\\/\\\/www.cambrapropietatgirona.com\\\/#website\"},\"primaryImageOfPage\":{\"@id\":\"https:\\\/\\\/www.cambrapropietatgirona.com\\\/es\\\/nueva-prorroga-en-la-suspension-de-desahucios\\\/#primaryimage\"},\"image\":{\"@id\":\"https:\\\/\\\/www.cambrapropietatgirona.com\\\/es\\\/nueva-prorroga-en-la-suspension-de-desahucios\\\/#primaryimage\"},\"thumbnailUrl\":\"https:\\\/\\\/www.cambrapropietatgirona.com\\\/wp-content\\\/uploads\\\/2026\\\/01\\\/portada_13_1.jpg\",\"datePublished\":\"2026-01-13T08:38:01+00:00\",\"dateModified\":\"2026-01-13T08:42:02+00:00\",\"description\":\"Hasta el 31\\\/12\\\/2026, la persona arrendataria podr\u00e1 solicitar al tribunal que dirige el proceso judicial la suspensi\u00f3n del deshaucio.\",\"breadcrumb\":{\"@id\":\"https:\\\/\\\/www.cambrapropietatgirona.com\\\/es\\\/nueva-prorroga-en-la-suspension-de-desahucios\\\/#breadcrumb\"},\"inLanguage\":\"es-ES\",\"potentialAction\":[{\"@type\":\"ReadAction\",\"target\":[\"https:\\\/\\\/www.cambrapropietatgirona.com\\\/es\\\/nueva-prorroga-en-la-suspension-de-desahucios\\\/\"]}]},{\"@type\":\"ImageObject\",\"inLanguage\":\"es-ES\",\"@id\":\"https:\\\/\\\/www.cambrapropietatgirona.com\\\/es\\\/nueva-prorroga-en-la-suspension-de-desahucios\\\/#primaryimage\",\"url\":\"https:\\\/\\\/www.cambrapropietatgirona.com\\\/wp-content\\\/uploads\\\/2026\\\/01\\\/portada_13_1.jpg\",\"contentUrl\":\"https:\\\/\\\/www.cambrapropietatgirona.com\\\/wp-content\\\/uploads\\\/2026\\\/01\\\/portada_13_1.jpg\",\"width\":640,\"height\":640,\"caption\":\"pr\u00f2rroga en la suspensi\u00f3 de desnonaments\"},{\"@type\":\"BreadcrumbList\",\"@id\":\"https:\\\/\\\/www.cambrapropietatgirona.com\\\/es\\\/nueva-prorroga-en-la-suspension-de-desahucios\\\/#breadcrumb\",\"itemListElement\":[{\"@type\":\"ListItem\",\"position\":1,\"name\":\"Inici\",\"item\":\"https:\\\/\\\/www.cambrapropietatgirona.com\\\/\"},{\"@type\":\"ListItem\",\"position\":2,\"name\":\"Nueva pr\u00f3rroga en la suspensi\u00f3n de desahucios\"}]},{\"@type\":\"WebSite\",\"@id\":\"https:\\\/\\\/www.cambrapropietatgirona.com\\\/#website\",\"url\":\"https:\\\/\\\/www.cambrapropietatgirona.com\\\/\",\"name\":\"Cambra de la Propietat Urbana de Girona\",\"description\":\"Serveis immobiliaris integrals als propietaris\",\"publisher\":{\"@id\":\"https:\\\/\\\/www.cambrapropietatgirona.com\\\/#organization\"},\"potentialAction\":[{\"@type\":\"SearchAction\",\"target\":{\"@type\":\"EntryPoint\",\"urlTemplate\":\"https:\\\/\\\/www.cambrapropietatgirona.com\\\/?s={search_term_string}\"},\"query-input\":{\"@type\":\"PropertyValueSpecification\",\"valueRequired\":true,\"valueName\":\"search_term_string\"}}],\"inLanguage\":\"es-ES\"},{\"@type\":\"Organization\",\"@id\":\"https:\\\/\\\/www.cambrapropietatgirona.com\\\/#organization\",\"name\":\"Cambra de la Propietat Urbana de Girona\",\"url\":\"https:\\\/\\\/www.cambrapropietatgirona.com\\\/\",\"logo\":{\"@type\":\"ImageObject\",\"inLanguage\":\"es-ES\",\"@id\":\"https:\\\/\\\/www.cambrapropietatgirona.com\\\/#\\\/schema\\\/logo\\\/image\\\/\",\"url\":\"https:\\\/\\\/www.cambrapropietatgirona.com\\\/wp-content\\\/uploads\\\/2018\\\/01\\\/favicon.jpg\",\"contentUrl\":\"https:\\\/\\\/www.cambrapropietatgirona.com\\\/wp-content\\\/uploads\\\/2018\\\/01\\\/favicon.jpg\",\"width\":277,\"height\":269,\"caption\":\"Cambra de la Propietat Urbana de Girona\"},\"image\":{\"@id\":\"https:\\\/\\\/www.cambrapropietatgirona.com\\\/#\\\/schema\\\/logo\\\/image\\\/\"}},{\"@type\":\"Person\",\"@id\":\"https:\\\/\\\/www.cambrapropietatgirona.com\\\/#\\\/schema\\\/person\\\/839c74db646ec3d6738ce2dcf5b3447c\",\"name\":\"AE5GBNi67xK1QkS\",\"image\":{\"@type\":\"ImageObject\",\"inLanguage\":\"es-ES\",\"@id\":\"https:\\\/\\\/secure.gravatar.com\\\/avatar\\\/4a49b57693d82ed8aed27ea81234f80da517724ec1cc1f1fb4952b6cf4b80fd7?s=96&d=mm&r=g\",\"url\":\"https:\\\/\\\/secure.gravatar.com\\\/avatar\\\/4a49b57693d82ed8aed27ea81234f80da517724ec1cc1f1fb4952b6cf4b80fd7?s=96&d=mm&r=g\",\"contentUrl\":\"https:\\\/\\\/secure.gravatar.com\\\/avatar\\\/4a49b57693d82ed8aed27ea81234f80da517724ec1cc1f1fb4952b6cf4b80fd7?s=96&d=mm&r=g\",\"caption\":\"AE5GBNi67xK1QkS\"},\"url\":\"https:\\\/\\\/www.cambrapropietatgirona.com\\\/es\\\/author\\\/ae5gbni67xk1qks\\\/\"}]}<\/script>\n<!-- \/ Yoast SEO plugin. -->","yoast_head_json":{"title":"Nueva pr\u00f3rroga en la suspensi\u00f3n de desahucios - Cambra de la Propietat Urbana de Girona","description":"Hasta el 31\/12\/2026, la persona arrendataria podr\u00e1 solicitar al tribunal que dirige el proceso judicial la suspensi\u00f3n del deshaucio.","robots":{"index":"index","follow":"follow","max-snippet":"max-snippet:-1","max-image-preview":"max-image-preview:large","max-video-preview":"max-video-preview:-1"},"canonical":"https:\/\/www.cambrapropietatgirona.com\/es\/nueva-prorroga-en-la-suspension-de-desahucios\/","og_locale":"es_ES","og_type":"article","og_title":"Nueva pr\u00f3rroga en la suspensi\u00f3n de desahucios - Cambra de la Propietat Urbana de Girona","og_description":"Hasta el 31\/12\/2026, la persona arrendataria podr\u00e1 solicitar al tribunal que dirige el proceso judicial la suspensi\u00f3n del deshaucio.","og_url":"https:\/\/www.cambrapropietatgirona.com\/es\/nueva-prorroga-en-la-suspension-de-desahucios\/","og_site_name":"Cambra de la Propietat Urbana de Girona","article_published_time":"2026-01-13T08:38:01+00:00","article_modified_time":"2026-01-13T08:42:02+00:00","og_image":[{"width":640,"height":640,"url":"http:\/\/www.cambrapropietatgirona.com\/wp-content\/uploads\/2026\/01\/portada_13_1.jpg","type":"image\/jpeg"}],"author":"AE5GBNi67xK1QkS","twitter_card":"summary_large_image","twitter_misc":{"Written by":"AE5GBNi67xK1QkS","Est. reading time":"4 minutes"},"schema":{"@context":"https:\/\/schema.org","@graph":[{"@type":"Article","@id":"https:\/\/www.cambrapropietatgirona.com\/es\/nueva-prorroga-en-la-suspension-de-desahucios\/#article","isPartOf":{"@id":"https:\/\/www.cambrapropietatgirona.com\/es\/nueva-prorroga-en-la-suspension-de-desahucios\/"},"author":{"name":"AE5GBNi67xK1QkS","@id":"https:\/\/www.cambrapropietatgirona.com\/#\/schema\/person\/839c74db646ec3d6738ce2dcf5b3447c"},"headline":"Nueva pr\u00f3rroga en la suspensi\u00f3n de desahucios","datePublished":"2026-01-13T08:38:01+00:00","dateModified":"2026-01-13T08:42:02+00:00","mainEntityOfPage":{"@id":"https:\/\/www.cambrapropietatgirona.com\/es\/nueva-prorroga-en-la-suspension-de-desahucios\/"},"wordCount":679,"commentCount":0,"publisher":{"@id":"https:\/\/www.cambrapropietatgirona.com\/#organization"},"image":{"@id":"https:\/\/www.cambrapropietatgirona.com\/es\/nueva-prorroga-en-la-suspension-de-desahucios\/#primaryimage"},"thumbnailUrl":"https:\/\/www.cambrapropietatgirona.com\/wp-content\/uploads\/2026\/01\/portada_13_1.jpg","articleSection":["Actualidad","Arrendaments","Legislaci\u00f3n"],"inLanguage":"es-ES","potentialAction":[{"@type":"CommentAction","name":"Comment","target":["https:\/\/www.cambrapropietatgirona.com\/es\/nueva-prorroga-en-la-suspension-de-desahucios\/#respond"]}]},{"@type":"WebPage","@id":"https:\/\/www.cambrapropietatgirona.com\/es\/nueva-prorroga-en-la-suspension-de-desahucios\/","url":"https:\/\/www.cambrapropietatgirona.com\/es\/nueva-prorroga-en-la-suspension-de-desahucios\/","name":"Nueva pr\u00f3rroga en la suspensi\u00f3n de desahucios - Cambra de la Propietat Urbana de Girona","isPartOf":{"@id":"https:\/\/www.cambrapropietatgirona.com\/#website"},"primaryImageOfPage":{"@id":"https:\/\/www.cambrapropietatgirona.com\/es\/nueva-prorroga-en-la-suspension-de-desahucios\/#primaryimage"},"image":{"@id":"https:\/\/www.cambrapropietatgirona.com\/es\/nueva-prorroga-en-la-suspension-de-desahucios\/#primaryimage"},"thumbnailUrl":"https:\/\/www.cambrapropietatgirona.com\/wp-content\/uploads\/2026\/01\/portada_13_1.jpg","datePublished":"2026-01-13T08:38:01+00:00","dateModified":"2026-01-13T08:42:02+00:00","description":"Hasta el 31\/12\/2026, la persona arrendataria podr\u00e1 solicitar al tribunal que dirige el proceso judicial la suspensi\u00f3n del deshaucio.","breadcrumb":{"@id":"https:\/\/www.cambrapropietatgirona.com\/es\/nueva-prorroga-en-la-suspension-de-desahucios\/#breadcrumb"},"inLanguage":"es-ES","potentialAction":[{"@type":"ReadAction","target":["https:\/\/www.cambrapropietatgirona.com\/es\/nueva-prorroga-en-la-suspension-de-desahucios\/"]}]},{"@type":"ImageObject","inLanguage":"es-ES","@id":"https:\/\/www.cambrapropietatgirona.com\/es\/nueva-prorroga-en-la-suspension-de-desahucios\/#primaryimage","url":"https:\/\/www.cambrapropietatgirona.com\/wp-content\/uploads\/2026\/01\/portada_13_1.jpg","contentUrl":"https:\/\/www.cambrapropietatgirona.com\/wp-content\/uploads\/2026\/01\/portada_13_1.jpg","width":640,"height":640,"caption":"pr\u00f2rroga en la suspensi\u00f3 de desnonaments"},{"@type":"BreadcrumbList","@id":"https:\/\/www.cambrapropietatgirona.com\/es\/nueva-prorroga-en-la-suspension-de-desahucios\/#breadcrumb","itemListElement":[{"@type":"ListItem","position":1,"name":"Inici","item":"https:\/\/www.cambrapropietatgirona.com\/"},{"@type":"ListItem","position":2,"name":"Nueva pr\u00f3rroga en la suspensi\u00f3n de desahucios"}]},{"@type":"WebSite","@id":"https:\/\/www.cambrapropietatgirona.com\/#website","url":"https:\/\/www.cambrapropietatgirona.com\/","name":"Cambra de la Propietat Urbana de Girona","description":"Serveis immobiliaris integrals als propietaris","publisher":{"@id":"https:\/\/www.cambrapropietatgirona.com\/#organization"},"potentialAction":[{"@type":"SearchAction","target":{"@type":"EntryPoint","urlTemplate":"https:\/\/www.cambrapropietatgirona.com\/?s={search_term_string}"},"query-input":{"@type":"PropertyValueSpecification","valueRequired":true,"valueName":"search_term_string"}}],"inLanguage":"es-ES"},{"@type":"Organization","@id":"https:\/\/www.cambrapropietatgirona.com\/#organization","name":"Cambra de la Propietat Urbana de Girona","url":"https:\/\/www.cambrapropietatgirona.com\/","logo":{"@type":"ImageObject","inLanguage":"es-ES","@id":"https:\/\/www.cambrapropietatgirona.com\/#\/schema\/logo\/image\/","url":"https:\/\/www.cambrapropietatgirona.com\/wp-content\/uploads\/2018\/01\/favicon.jpg","contentUrl":"https:\/\/www.cambrapropietatgirona.com\/wp-content\/uploads\/2018\/01\/favicon.jpg","width":277,"height":269,"caption":"Cambra de la Propietat Urbana de Girona"},"image":{"@id":"https:\/\/www.cambrapropietatgirona.com\/#\/schema\/logo\/image\/"}},{"@type":"Person","@id":"https:\/\/www.cambrapropietatgirona.com\/#\/schema\/person\/839c74db646ec3d6738ce2dcf5b3447c","name":"AE5GBNi67xK1QkS","image":{"@type":"ImageObject","inLanguage":"es-ES","@id":"https:\/\/secure.gravatar.com\/avatar\/4a49b57693d82ed8aed27ea81234f80da517724ec1cc1f1fb4952b6cf4b80fd7?s=96&d=mm&r=g","url":"https:\/\/secure.gravatar.com\/avatar\/4a49b57693d82ed8aed27ea81234f80da517724ec1cc1f1fb4952b6cf4b80fd7?s=96&d=mm&r=g","contentUrl":"https:\/\/secure.gravatar.com\/avatar\/4a49b57693d82ed8aed27ea81234f80da517724ec1cc1f1fb4952b6cf4b80fd7?s=96&d=mm&r=g","caption":"AE5GBNi67xK1QkS"},"url":"https:\/\/www.cambrapropietatgirona.com\/es\/author\/ae5gbni67xk1qks\/"}]}},"_links":{"self":[{"href":"https:\/\/www.cambrapropietatgirona.com\/es\/wp-json\/wp\/v2\/posts\/6114","targetHints":{"allow":["GET"]}}],"collection":[{"href":"https:\/\/www.cambrapropietatgirona.com\/es\/wp-json\/wp\/v2\/posts"}],"about":[{"href":"https:\/\/www.cambrapropietatgirona.com\/es\/wp-json\/wp\/v2\/types\/post"}],"author":[{"embeddable":true,"href":"https:\/\/www.cambrapropietatgirona.com\/es\/wp-json\/wp\/v2\/users\/1"}],"replies":[{"embeddable":true,"href":"https:\/\/www.cambrapropietatgirona.com\/es\/wp-json\/wp\/v2\/comments?post=6114"}],"version-history":[{"count":2,"href":"https:\/\/www.cambrapropietatgirona.com\/es\/wp-json\/wp\/v2\/posts\/6114\/revisions"}],"predecessor-version":[{"id":6116,"href":"https:\/\/www.cambrapropietatgirona.com\/es\/wp-json\/wp\/v2\/posts\/6114\/revisions\/6116"}],"wp:featuredmedia":[{"embeddable":true,"href":"https:\/\/www.cambrapropietatgirona.com\/es\/wp-json\/wp\/v2\/media\/6112"}],"wp:attachment":[{"href":"https:\/\/www.cambrapropietatgirona.com\/es\/wp-json\/wp\/v2\/media?parent=6114"}],"wp:term":[{"taxonomy":"category","embeddable":true,"href":"https:\/\/www.cambrapropietatgirona.com\/es\/wp-json\/wp\/v2\/categories?post=6114"},{"taxonomy":"post_tag","embeddable":true,"href":"https:\/\/www.cambrapropietatgirona.com\/es\/wp-json\/wp\/v2\/tags?post=6114"}],"curies":[{"name":"wp","href":"https:\/\/api.w.org\/{rel}","templated":true}]}}