{"id":6001,"date":"2025-09-22T13:19:25","date_gmt":"2025-09-22T11:19:25","guid":{"rendered":"https:\/\/www.cambrapropietatgirona.com\/modificacions-de-limpost-sobre-transmissions-patrimonials-i-actes-juridics-documentats-arran-de-la-publicacio-de-la-llei-8-2025-de-lestatut-de-municipis-rurals\/"},"modified":"2025-09-22T13:28:08","modified_gmt":"2025-09-22T11:28:08","slug":"modificaciones-del-impuesto-sobre-transmisiones-patrimoniales-y-actos-juridicos-documentados-tras-la-publicacion-de-la-ley-8-2025-de-lestatut-de-municipis-rurals","status":"publish","type":"post","link":"https:\/\/www.cambrapropietatgirona.com\/es\/modificaciones-del-impuesto-sobre-transmisiones-patrimoniales-y-actos-juridicos-documentados-tras-la-publicacion-de-la-ley-8-2025-de-lestatut-de-municipis-rurals\/","title":{"rendered":"Modificaciones del Impuesto sobre Transmisiones Patrimoniales y Actos Jur\u00eddicos Documentados tras la publicaci\u00f3n de la Ley 8\/2025 de l\u2019Estatut de Municipis Rurals"},"content":{"rendered":"<p>La publicaci\u00f3n de la Ley 8\/2025, de 30 de julio, de l\u2019Estatut de Municipis Rurals, establece diferentes medidas con objetivos claros:<\/p>\n<h2><strong>frenar y revertir la despoblaci\u00f3n del medio rural, fomentar el arraigo de las personas en el territorio rural y potenciar el reequilibrio territorial.<\/strong><\/h2>\n<p>Para alcanzar estas metas facilitando el acceso a la vivienda y la rehabilitaci\u00f3n de inmuebles en el medio rural, la ley tambi\u00e9n ha introducido medidas en materia tributaria. Una de las novedades m\u00e1s destacadas afecta al Impuesto sobre Transmisiones Patrimoniales y Actos Jur\u00eddicos Documentados (ITPAJD) y pretende aplicar incentivos fiscales para favorecer la compra y rehabilitaci\u00f3n de viviendas.<\/p>\n<h4><strong>Transmisi\u00f3n de inmuebles destinados a ser vivienda habitual.<\/strong><\/h4>\n<p>Si adquieres una casa en zonas rurales, pagar\u00e1s menos impuestos:<\/p>\n<ul>\n<li>En la compra de un inmueble, el tipo aplicable es del 4% (tarifa TMR).<\/li>\n<li>En la compra de un inmueble situado en un municipio rural de especial atenci\u00f3n, este tipo aplicable baja al 3% (tarifa TEA).<\/li>\n<\/ul>\n<h4><strong>Transmisiones de inmuebles para su rehabilitaci\u00f3n.<\/strong><\/h4>\n<ul>\n<li>Si compras una vivienda para rehabilitarla, el tipo aplicable es del 4% (tarifa TRR).<\/li>\n<li>En zonas de especial atenci\u00f3n, el tipo tambi\u00e9n se sit\u00faa en el 3% (tarifa TRA).<\/li>\n<\/ul>\n<h4><strong>Bonificaciones adicionales.<\/strong><\/h4>\n<ul>\n<li>Existe una bonificaci\u00f3n del 75% en expedientes de dominio, actos de notoriedad y actos complementarios de documentos p\u00fablicos cuando hacen referencia a inmuebles situados en un municipio rural (bonificaci\u00f3n 457).<\/li>\n<\/ul>\n<p>Estas medidas son aplicables \u00fanicamente a los <strong>municipios catalogados como rurales o rurales de especial atenci\u00f3n<\/strong>, y se pueden aplicar solo a las adquisiciones realizadas <strong>a partir del 20 de agosto de 2025<\/strong>.<\/p>\n<p><a href=\"https:\/\/govern.cat\/govern\/docs\/2025\/07\/16\/14\/35\/f8ef139f-1113-42b3-b3e8-440671147eb4.pdf\">Consulta l\u2019Estatut de municipis rurals de Catalunya y el listado de municipiios que pertenecen al mundo rural.<\/a> considera municipio rural aquel cuya poblaci\u00f3n es inferior o igual a 2.000 habitantes y que pertenece a una comarca rural.<\/p>\n<p>Con estas modificaciones, se pretende incentivar la compra, rehabilitaci\u00f3n y conservaci\u00f3n de inmuebles en el mundo rural, ayudando a reactivar la econom\u00eda y la vida social de los municipios m\u00e1s peque\u00f1os.<\/p>\n","protected":false},"excerpt":{"rendered":"<p>La publicaci\u00f3n de la Ley 8\/2025, de 30 de julio, de l\u2019Estatut de Municipis Rurals, establece diferentes medidas con objetivos claros: frenar y revertir la despoblaci\u00f3n del medio rural, fomentar el arraigo de las personas en el territorio rural y potenciar el reequilibrio territorial. Para alcanzar estas metas facilitando el acceso a la vivienda y [&hellip;]<\/p>\n","protected":false},"author":1,"featured_media":5999,"comment_status":"open","ping_status":"open","sticky":false,"template":"","format":"standard","meta":{"_acf_changed":false,"inline_featured_image":false,"disable_featured_image":false,"footnotes":""},"categories":[13],"tags":[],"class_list":["post-6001","post","type-post","status-publish","format-standard","has-post-thumbnail","hentry","category-actualidad"],"acf":[],"yoast_head":"<!-- This site is optimized with the Yoast SEO plugin v27.5 - https:\/\/yoast.com\/product\/yoast-seo-wordpress\/ -->\n<title>Cambios de la ITPAJ con la Ley 8\/2025 de l\u2019Estatut de Municipis Rurals - Cambra de la Propietat Urbana de Girona<\/title>\n<meta name=\"description\" content=\"La Ley 8\/2025 de l\u2019Estatut de Municipis Rurals establece distintas medidas para frenar y revertir la despoblaci\u00f3n del medio rural.\" \/>\n<meta name=\"robots\" content=\"index, follow, max-snippet:-1, max-image-preview:large, max-video-preview:-1\" \/>\n<link rel=\"canonical\" href=\"https:\/\/www.cambrapropietatgirona.com\/es\/modificaciones-del-impuesto-sobre-transmisiones-patrimoniales-y-actos-juridicos-documentados-tras-la-publicacion-de-la-ley-8-2025-de-lestatut-de-municipis-rurals\/\" \/>\n<meta property=\"og:locale\" content=\"es_ES\" \/>\n<meta property=\"og:type\" content=\"article\" \/>\n<meta property=\"og:title\" content=\"Cambios de la ITPAJ con la Ley 8\/2025 de l\u2019Estatut de Municipis Rurals - Cambra de la Propietat Urbana de Girona\" \/>\n<meta property=\"og:description\" content=\"La Ley 8\/2025 de l\u2019Estatut de Municipis Rurals establece distintas medidas para frenar y revertir la despoblaci\u00f3n del medio rural.\" \/>\n<meta property=\"og:url\" content=\"https:\/\/www.cambrapropietatgirona.com\/es\/modificaciones-del-impuesto-sobre-transmisiones-patrimoniales-y-actos-juridicos-documentados-tras-la-publicacion-de-la-ley-8-2025-de-lestatut-de-municipis-rurals\/\" \/>\n<meta property=\"og:site_name\" content=\"Cambra de la Propietat Urbana de Girona\" \/>\n<meta property=\"article:published_time\" content=\"2025-09-22T11:19:25+00:00\" \/>\n<meta property=\"article:modified_time\" content=\"2025-09-22T11:28:08+00:00\" \/>\n<meta property=\"og:image\" content=\"http:\/\/www.cambrapropietatgirona.com\/wp-content\/uploads\/2025\/09\/cambra_portada_Mesa-de-trabajo-1.png\" \/>\n\t<meta property=\"og:image:width\" content=\"640\" \/>\n\t<meta property=\"og:image:height\" content=\"640\" \/>\n\t<meta property=\"og:image:type\" content=\"image\/png\" \/>\n<meta name=\"author\" content=\"AE5GBNi67xK1QkS\" \/>\n<meta name=\"twitter:card\" content=\"summary_large_image\" \/>\n<meta name=\"twitter:label1\" content=\"Written by\" \/>\n\t<meta name=\"twitter:data1\" content=\"AE5GBNi67xK1QkS\" \/>\n\t<meta name=\"twitter:label2\" content=\"Est. reading time\" \/>\n\t<meta name=\"twitter:data2\" content=\"2 minutes\" \/>\n<script type=\"application\/ld+json\" class=\"yoast-schema-graph\">{\"@context\":\"https:\\\/\\\/schema.org\",\"@graph\":[{\"@type\":\"Article\",\"@id\":\"https:\\\/\\\/www.cambrapropietatgirona.com\\\/es\\\/modificaciones-del-impuesto-sobre-transmisiones-patrimoniales-y-actos-juridicos-documentados-tras-la-publicacion-de-la-ley-8-2025-de-lestatut-de-municipis-rurals\\\/#article\",\"isPartOf\":{\"@id\":\"https:\\\/\\\/www.cambrapropietatgirona.com\\\/es\\\/modificaciones-del-impuesto-sobre-transmisiones-patrimoniales-y-actos-juridicos-documentados-tras-la-publicacion-de-la-ley-8-2025-de-lestatut-de-municipis-rurals\\\/\"},\"author\":{\"name\":\"AE5GBNi67xK1QkS\",\"@id\":\"https:\\\/\\\/www.cambrapropietatgirona.com\\\/#\\\/schema\\\/person\\\/839c74db646ec3d6738ce2dcf5b3447c\"},\"headline\":\"Modificaciones del Impuesto sobre Transmisiones Patrimoniales y Actos Jur\u00eddicos Documentados tras la publicaci\u00f3n de la Ley 8\\\/2025 de l\u2019Estatut de Municipis Rurals\",\"datePublished\":\"2025-09-22T11:19:25+00:00\",\"dateModified\":\"2025-09-22T11:28:08+00:00\",\"mainEntityOfPage\":{\"@id\":\"https:\\\/\\\/www.cambrapropietatgirona.com\\\/es\\\/modificaciones-del-impuesto-sobre-transmisiones-patrimoniales-y-actos-juridicos-documentados-tras-la-publicacion-de-la-ley-8-2025-de-lestatut-de-municipis-rurals\\\/\"},\"wordCount\":363,\"commentCount\":0,\"publisher\":{\"@id\":\"https:\\\/\\\/www.cambrapropietatgirona.com\\\/#organization\"},\"image\":{\"@id\":\"https:\\\/\\\/www.cambrapropietatgirona.com\\\/es\\\/modificaciones-del-impuesto-sobre-transmisiones-patrimoniales-y-actos-juridicos-documentados-tras-la-publicacion-de-la-ley-8-2025-de-lestatut-de-municipis-rurals\\\/#primaryimage\"},\"thumbnailUrl\":\"https:\\\/\\\/www.cambrapropietatgirona.com\\\/wp-content\\\/uploads\\\/2025\\\/09\\\/cambra_portada_Mesa-de-trabajo-1.png\",\"articleSection\":[\"Actualidad\"],\"inLanguage\":\"es-ES\",\"potentialAction\":[{\"@type\":\"CommentAction\",\"name\":\"Comment\",\"target\":[\"https:\\\/\\\/www.cambrapropietatgirona.com\\\/es\\\/modificaciones-del-impuesto-sobre-transmisiones-patrimoniales-y-actos-juridicos-documentados-tras-la-publicacion-de-la-ley-8-2025-de-lestatut-de-municipis-rurals\\\/#respond\"]}]},{\"@type\":\"WebPage\",\"@id\":\"https:\\\/\\\/www.cambrapropietatgirona.com\\\/es\\\/modificaciones-del-impuesto-sobre-transmisiones-patrimoniales-y-actos-juridicos-documentados-tras-la-publicacion-de-la-ley-8-2025-de-lestatut-de-municipis-rurals\\\/\",\"url\":\"https:\\\/\\\/www.cambrapropietatgirona.com\\\/es\\\/modificaciones-del-impuesto-sobre-transmisiones-patrimoniales-y-actos-juridicos-documentados-tras-la-publicacion-de-la-ley-8-2025-de-lestatut-de-municipis-rurals\\\/\",\"name\":\"Cambios de la ITPAJ con la Ley 8\\\/2025 de l\u2019Estatut de Municipis Rurals - Cambra de la Propietat Urbana de Girona\",\"isPartOf\":{\"@id\":\"https:\\\/\\\/www.cambrapropietatgirona.com\\\/#website\"},\"primaryImageOfPage\":{\"@id\":\"https:\\\/\\\/www.cambrapropietatgirona.com\\\/es\\\/modificaciones-del-impuesto-sobre-transmisiones-patrimoniales-y-actos-juridicos-documentados-tras-la-publicacion-de-la-ley-8-2025-de-lestatut-de-municipis-rurals\\\/#primaryimage\"},\"image\":{\"@id\":\"https:\\\/\\\/www.cambrapropietatgirona.com\\\/es\\\/modificaciones-del-impuesto-sobre-transmisiones-patrimoniales-y-actos-juridicos-documentados-tras-la-publicacion-de-la-ley-8-2025-de-lestatut-de-municipis-rurals\\\/#primaryimage\"},\"thumbnailUrl\":\"https:\\\/\\\/www.cambrapropietatgirona.com\\\/wp-content\\\/uploads\\\/2025\\\/09\\\/cambra_portada_Mesa-de-trabajo-1.png\",\"datePublished\":\"2025-09-22T11:19:25+00:00\",\"dateModified\":\"2025-09-22T11:28:08+00:00\",\"description\":\"La Ley 8\\\/2025 de l\u2019Estatut de Municipis Rurals establece distintas medidas para frenar y revertir la despoblaci\u00f3n del medio rural.\",\"breadcrumb\":{\"@id\":\"https:\\\/\\\/www.cambrapropietatgirona.com\\\/es\\\/modificaciones-del-impuesto-sobre-transmisiones-patrimoniales-y-actos-juridicos-documentados-tras-la-publicacion-de-la-ley-8-2025-de-lestatut-de-municipis-rurals\\\/#breadcrumb\"},\"inLanguage\":\"es-ES\",\"potentialAction\":[{\"@type\":\"ReadAction\",\"target\":[\"https:\\\/\\\/www.cambrapropietatgirona.com\\\/es\\\/modificaciones-del-impuesto-sobre-transmisiones-patrimoniales-y-actos-juridicos-documentados-tras-la-publicacion-de-la-ley-8-2025-de-lestatut-de-municipis-rurals\\\/\"]}]},{\"@type\":\"ImageObject\",\"inLanguage\":\"es-ES\",\"@id\":\"https:\\\/\\\/www.cambrapropietatgirona.com\\\/es\\\/modificaciones-del-impuesto-sobre-transmisiones-patrimoniales-y-actos-juridicos-documentados-tras-la-publicacion-de-la-ley-8-2025-de-lestatut-de-municipis-rurals\\\/#primaryimage\",\"url\":\"https:\\\/\\\/www.cambrapropietatgirona.com\\\/wp-content\\\/uploads\\\/2025\\\/09\\\/cambra_portada_Mesa-de-trabajo-1.png\",\"contentUrl\":\"https:\\\/\\\/www.cambrapropietatgirona.com\\\/wp-content\\\/uploads\\\/2025\\\/09\\\/cambra_portada_Mesa-de-trabajo-1.png\",\"width\":640,\"height\":640,\"caption\":\"Modificacions de l\u2019Impost sobre Transmissions patrimonials i actes jur\u00eddics documentats\"},{\"@type\":\"BreadcrumbList\",\"@id\":\"https:\\\/\\\/www.cambrapropietatgirona.com\\\/es\\\/modificaciones-del-impuesto-sobre-transmisiones-patrimoniales-y-actos-juridicos-documentados-tras-la-publicacion-de-la-ley-8-2025-de-lestatut-de-municipis-rurals\\\/#breadcrumb\",\"itemListElement\":[{\"@type\":\"ListItem\",\"position\":1,\"name\":\"Inici\",\"item\":\"https:\\\/\\\/www.cambrapropietatgirona.com\\\/\"},{\"@type\":\"ListItem\",\"position\":2,\"name\":\"Modificaciones del Impuesto sobre Transmisiones Patrimoniales y Actos Jur\u00eddicos Documentados tras la publicaci\u00f3n de la Ley 8\\\/2025 de l\u2019Estatut de Municipis Rurals\"}]},{\"@type\":\"WebSite\",\"@id\":\"https:\\\/\\\/www.cambrapropietatgirona.com\\\/#website\",\"url\":\"https:\\\/\\\/www.cambrapropietatgirona.com\\\/\",\"name\":\"Cambra de la Propietat Urbana de Girona\",\"description\":\"Serveis immobiliaris integrals als propietaris\",\"publisher\":{\"@id\":\"https:\\\/\\\/www.cambrapropietatgirona.com\\\/#organization\"},\"potentialAction\":[{\"@type\":\"SearchAction\",\"target\":{\"@type\":\"EntryPoint\",\"urlTemplate\":\"https:\\\/\\\/www.cambrapropietatgirona.com\\\/?s={search_term_string}\"},\"query-input\":{\"@type\":\"PropertyValueSpecification\",\"valueRequired\":true,\"valueName\":\"search_term_string\"}}],\"inLanguage\":\"es-ES\"},{\"@type\":\"Organization\",\"@id\":\"https:\\\/\\\/www.cambrapropietatgirona.com\\\/#organization\",\"name\":\"Cambra de la Propietat Urbana de Girona\",\"url\":\"https:\\\/\\\/www.cambrapropietatgirona.com\\\/\",\"logo\":{\"@type\":\"ImageObject\",\"inLanguage\":\"es-ES\",\"@id\":\"https:\\\/\\\/www.cambrapropietatgirona.com\\\/#\\\/schema\\\/logo\\\/image\\\/\",\"url\":\"https:\\\/\\\/www.cambrapropietatgirona.com\\\/wp-content\\\/uploads\\\/2018\\\/01\\\/favicon.jpg\",\"contentUrl\":\"https:\\\/\\\/www.cambrapropietatgirona.com\\\/wp-content\\\/uploads\\\/2018\\\/01\\\/favicon.jpg\",\"width\":277,\"height\":269,\"caption\":\"Cambra de la Propietat Urbana de Girona\"},\"image\":{\"@id\":\"https:\\\/\\\/www.cambrapropietatgirona.com\\\/#\\\/schema\\\/logo\\\/image\\\/\"}},{\"@type\":\"Person\",\"@id\":\"https:\\\/\\\/www.cambrapropietatgirona.com\\\/#\\\/schema\\\/person\\\/839c74db646ec3d6738ce2dcf5b3447c\",\"name\":\"AE5GBNi67xK1QkS\",\"image\":{\"@type\":\"ImageObject\",\"inLanguage\":\"es-ES\",\"@id\":\"https:\\\/\\\/secure.gravatar.com\\\/avatar\\\/4a49b57693d82ed8aed27ea81234f80da517724ec1cc1f1fb4952b6cf4b80fd7?s=96&d=mm&r=g\",\"url\":\"https:\\\/\\\/secure.gravatar.com\\\/avatar\\\/4a49b57693d82ed8aed27ea81234f80da517724ec1cc1f1fb4952b6cf4b80fd7?s=96&d=mm&r=g\",\"contentUrl\":\"https:\\\/\\\/secure.gravatar.com\\\/avatar\\\/4a49b57693d82ed8aed27ea81234f80da517724ec1cc1f1fb4952b6cf4b80fd7?s=96&d=mm&r=g\",\"caption\":\"AE5GBNi67xK1QkS\"},\"url\":\"https:\\\/\\\/www.cambrapropietatgirona.com\\\/es\\\/author\\\/ae5gbni67xk1qks\\\/\"}]}<\/script>\n<!-- \/ Yoast SEO plugin. -->","yoast_head_json":{"title":"Cambios de la ITPAJ con la Ley 8\/2025 de l\u2019Estatut de Municipis Rurals - Cambra de la Propietat Urbana de Girona","description":"La Ley 8\/2025 de l\u2019Estatut de Municipis Rurals establece distintas medidas para frenar y revertir la despoblaci\u00f3n del medio rural.","robots":{"index":"index","follow":"follow","max-snippet":"max-snippet:-1","max-image-preview":"max-image-preview:large","max-video-preview":"max-video-preview:-1"},"canonical":"https:\/\/www.cambrapropietatgirona.com\/es\/modificaciones-del-impuesto-sobre-transmisiones-patrimoniales-y-actos-juridicos-documentados-tras-la-publicacion-de-la-ley-8-2025-de-lestatut-de-municipis-rurals\/","og_locale":"es_ES","og_type":"article","og_title":"Cambios de la ITPAJ con la Ley 8\/2025 de l\u2019Estatut de Municipis Rurals - Cambra de la Propietat Urbana de Girona","og_description":"La Ley 8\/2025 de l\u2019Estatut de Municipis Rurals establece distintas medidas para frenar y revertir la despoblaci\u00f3n del medio rural.","og_url":"https:\/\/www.cambrapropietatgirona.com\/es\/modificaciones-del-impuesto-sobre-transmisiones-patrimoniales-y-actos-juridicos-documentados-tras-la-publicacion-de-la-ley-8-2025-de-lestatut-de-municipis-rurals\/","og_site_name":"Cambra de la Propietat Urbana de Girona","article_published_time":"2025-09-22T11:19:25+00:00","article_modified_time":"2025-09-22T11:28:08+00:00","og_image":[{"width":640,"height":640,"url":"http:\/\/www.cambrapropietatgirona.com\/wp-content\/uploads\/2025\/09\/cambra_portada_Mesa-de-trabajo-1.png","type":"image\/png"}],"author":"AE5GBNi67xK1QkS","twitter_card":"summary_large_image","twitter_misc":{"Written by":"AE5GBNi67xK1QkS","Est. reading time":"2 minutes"},"schema":{"@context":"https:\/\/schema.org","@graph":[{"@type":"Article","@id":"https:\/\/www.cambrapropietatgirona.com\/es\/modificaciones-del-impuesto-sobre-transmisiones-patrimoniales-y-actos-juridicos-documentados-tras-la-publicacion-de-la-ley-8-2025-de-lestatut-de-municipis-rurals\/#article","isPartOf":{"@id":"https:\/\/www.cambrapropietatgirona.com\/es\/modificaciones-del-impuesto-sobre-transmisiones-patrimoniales-y-actos-juridicos-documentados-tras-la-publicacion-de-la-ley-8-2025-de-lestatut-de-municipis-rurals\/"},"author":{"name":"AE5GBNi67xK1QkS","@id":"https:\/\/www.cambrapropietatgirona.com\/#\/schema\/person\/839c74db646ec3d6738ce2dcf5b3447c"},"headline":"Modificaciones del Impuesto sobre Transmisiones Patrimoniales y Actos Jur\u00eddicos Documentados tras la publicaci\u00f3n de la Ley 8\/2025 de l\u2019Estatut de Municipis Rurals","datePublished":"2025-09-22T11:19:25+00:00","dateModified":"2025-09-22T11:28:08+00:00","mainEntityOfPage":{"@id":"https:\/\/www.cambrapropietatgirona.com\/es\/modificaciones-del-impuesto-sobre-transmisiones-patrimoniales-y-actos-juridicos-documentados-tras-la-publicacion-de-la-ley-8-2025-de-lestatut-de-municipis-rurals\/"},"wordCount":363,"commentCount":0,"publisher":{"@id":"https:\/\/www.cambrapropietatgirona.com\/#organization"},"image":{"@id":"https:\/\/www.cambrapropietatgirona.com\/es\/modificaciones-del-impuesto-sobre-transmisiones-patrimoniales-y-actos-juridicos-documentados-tras-la-publicacion-de-la-ley-8-2025-de-lestatut-de-municipis-rurals\/#primaryimage"},"thumbnailUrl":"https:\/\/www.cambrapropietatgirona.com\/wp-content\/uploads\/2025\/09\/cambra_portada_Mesa-de-trabajo-1.png","articleSection":["Actualidad"],"inLanguage":"es-ES","potentialAction":[{"@type":"CommentAction","name":"Comment","target":["https:\/\/www.cambrapropietatgirona.com\/es\/modificaciones-del-impuesto-sobre-transmisiones-patrimoniales-y-actos-juridicos-documentados-tras-la-publicacion-de-la-ley-8-2025-de-lestatut-de-municipis-rurals\/#respond"]}]},{"@type":"WebPage","@id":"https:\/\/www.cambrapropietatgirona.com\/es\/modificaciones-del-impuesto-sobre-transmisiones-patrimoniales-y-actos-juridicos-documentados-tras-la-publicacion-de-la-ley-8-2025-de-lestatut-de-municipis-rurals\/","url":"https:\/\/www.cambrapropietatgirona.com\/es\/modificaciones-del-impuesto-sobre-transmisiones-patrimoniales-y-actos-juridicos-documentados-tras-la-publicacion-de-la-ley-8-2025-de-lestatut-de-municipis-rurals\/","name":"Cambios de la ITPAJ con la Ley 8\/2025 de l\u2019Estatut de Municipis Rurals - Cambra de la Propietat Urbana de Girona","isPartOf":{"@id":"https:\/\/www.cambrapropietatgirona.com\/#website"},"primaryImageOfPage":{"@id":"https:\/\/www.cambrapropietatgirona.com\/es\/modificaciones-del-impuesto-sobre-transmisiones-patrimoniales-y-actos-juridicos-documentados-tras-la-publicacion-de-la-ley-8-2025-de-lestatut-de-municipis-rurals\/#primaryimage"},"image":{"@id":"https:\/\/www.cambrapropietatgirona.com\/es\/modificaciones-del-impuesto-sobre-transmisiones-patrimoniales-y-actos-juridicos-documentados-tras-la-publicacion-de-la-ley-8-2025-de-lestatut-de-municipis-rurals\/#primaryimage"},"thumbnailUrl":"https:\/\/www.cambrapropietatgirona.com\/wp-content\/uploads\/2025\/09\/cambra_portada_Mesa-de-trabajo-1.png","datePublished":"2025-09-22T11:19:25+00:00","dateModified":"2025-09-22T11:28:08+00:00","description":"La Ley 8\/2025 de l\u2019Estatut de Municipis Rurals establece distintas medidas para frenar y revertir la despoblaci\u00f3n del medio rural.","breadcrumb":{"@id":"https:\/\/www.cambrapropietatgirona.com\/es\/modificaciones-del-impuesto-sobre-transmisiones-patrimoniales-y-actos-juridicos-documentados-tras-la-publicacion-de-la-ley-8-2025-de-lestatut-de-municipis-rurals\/#breadcrumb"},"inLanguage":"es-ES","potentialAction":[{"@type":"ReadAction","target":["https:\/\/www.cambrapropietatgirona.com\/es\/modificaciones-del-impuesto-sobre-transmisiones-patrimoniales-y-actos-juridicos-documentados-tras-la-publicacion-de-la-ley-8-2025-de-lestatut-de-municipis-rurals\/"]}]},{"@type":"ImageObject","inLanguage":"es-ES","@id":"https:\/\/www.cambrapropietatgirona.com\/es\/modificaciones-del-impuesto-sobre-transmisiones-patrimoniales-y-actos-juridicos-documentados-tras-la-publicacion-de-la-ley-8-2025-de-lestatut-de-municipis-rurals\/#primaryimage","url":"https:\/\/www.cambrapropietatgirona.com\/wp-content\/uploads\/2025\/09\/cambra_portada_Mesa-de-trabajo-1.png","contentUrl":"https:\/\/www.cambrapropietatgirona.com\/wp-content\/uploads\/2025\/09\/cambra_portada_Mesa-de-trabajo-1.png","width":640,"height":640,"caption":"Modificacions de l\u2019Impost sobre Transmissions patrimonials i actes jur\u00eddics documentats"},{"@type":"BreadcrumbList","@id":"https:\/\/www.cambrapropietatgirona.com\/es\/modificaciones-del-impuesto-sobre-transmisiones-patrimoniales-y-actos-juridicos-documentados-tras-la-publicacion-de-la-ley-8-2025-de-lestatut-de-municipis-rurals\/#breadcrumb","itemListElement":[{"@type":"ListItem","position":1,"name":"Inici","item":"https:\/\/www.cambrapropietatgirona.com\/"},{"@type":"ListItem","position":2,"name":"Modificaciones del Impuesto sobre Transmisiones Patrimoniales y Actos Jur\u00eddicos Documentados tras la publicaci\u00f3n de la Ley 8\/2025 de l\u2019Estatut de Municipis Rurals"}]},{"@type":"WebSite","@id":"https:\/\/www.cambrapropietatgirona.com\/#website","url":"https:\/\/www.cambrapropietatgirona.com\/","name":"Cambra de la Propietat Urbana de Girona","description":"Serveis immobiliaris integrals als propietaris","publisher":{"@id":"https:\/\/www.cambrapropietatgirona.com\/#organization"},"potentialAction":[{"@type":"SearchAction","target":{"@type":"EntryPoint","urlTemplate":"https:\/\/www.cambrapropietatgirona.com\/?s={search_term_string}"},"query-input":{"@type":"PropertyValueSpecification","valueRequired":true,"valueName":"search_term_string"}}],"inLanguage":"es-ES"},{"@type":"Organization","@id":"https:\/\/www.cambrapropietatgirona.com\/#organization","name":"Cambra de la Propietat Urbana de Girona","url":"https:\/\/www.cambrapropietatgirona.com\/","logo":{"@type":"ImageObject","inLanguage":"es-ES","@id":"https:\/\/www.cambrapropietatgirona.com\/#\/schema\/logo\/image\/","url":"https:\/\/www.cambrapropietatgirona.com\/wp-content\/uploads\/2018\/01\/favicon.jpg","contentUrl":"https:\/\/www.cambrapropietatgirona.com\/wp-content\/uploads\/2018\/01\/favicon.jpg","width":277,"height":269,"caption":"Cambra de la Propietat Urbana de Girona"},"image":{"@id":"https:\/\/www.cambrapropietatgirona.com\/#\/schema\/logo\/image\/"}},{"@type":"Person","@id":"https:\/\/www.cambrapropietatgirona.com\/#\/schema\/person\/839c74db646ec3d6738ce2dcf5b3447c","name":"AE5GBNi67xK1QkS","image":{"@type":"ImageObject","inLanguage":"es-ES","@id":"https:\/\/secure.gravatar.com\/avatar\/4a49b57693d82ed8aed27ea81234f80da517724ec1cc1f1fb4952b6cf4b80fd7?s=96&d=mm&r=g","url":"https:\/\/secure.gravatar.com\/avatar\/4a49b57693d82ed8aed27ea81234f80da517724ec1cc1f1fb4952b6cf4b80fd7?s=96&d=mm&r=g","contentUrl":"https:\/\/secure.gravatar.com\/avatar\/4a49b57693d82ed8aed27ea81234f80da517724ec1cc1f1fb4952b6cf4b80fd7?s=96&d=mm&r=g","caption":"AE5GBNi67xK1QkS"},"url":"https:\/\/www.cambrapropietatgirona.com\/es\/author\/ae5gbni67xk1qks\/"}]}},"_links":{"self":[{"href":"https:\/\/www.cambrapropietatgirona.com\/es\/wp-json\/wp\/v2\/posts\/6001","targetHints":{"allow":["GET"]}}],"collection":[{"href":"https:\/\/www.cambrapropietatgirona.com\/es\/wp-json\/wp\/v2\/posts"}],"about":[{"href":"https:\/\/www.cambrapropietatgirona.com\/es\/wp-json\/wp\/v2\/types\/post"}],"author":[{"embeddable":true,"href":"https:\/\/www.cambrapropietatgirona.com\/es\/wp-json\/wp\/v2\/users\/1"}],"replies":[{"embeddable":true,"href":"https:\/\/www.cambrapropietatgirona.com\/es\/wp-json\/wp\/v2\/comments?post=6001"}],"version-history":[{"count":2,"href":"https:\/\/www.cambrapropietatgirona.com\/es\/wp-json\/wp\/v2\/posts\/6001\/revisions"}],"predecessor-version":[{"id":6003,"href":"https:\/\/www.cambrapropietatgirona.com\/es\/wp-json\/wp\/v2\/posts\/6001\/revisions\/6003"}],"wp:featuredmedia":[{"embeddable":true,"href":"https:\/\/www.cambrapropietatgirona.com\/es\/wp-json\/wp\/v2\/media\/5999"}],"wp:attachment":[{"href":"https:\/\/www.cambrapropietatgirona.com\/es\/wp-json\/wp\/v2\/media?parent=6001"}],"wp:term":[{"taxonomy":"category","embeddable":true,"href":"https:\/\/www.cambrapropietatgirona.com\/es\/wp-json\/wp\/v2\/categories?post=6001"},{"taxonomy":"post_tag","embeddable":true,"href":"https:\/\/www.cambrapropietatgirona.com\/es\/wp-json\/wp\/v2\/tags?post=6001"}],"curies":[{"name":"wp","href":"https:\/\/api.w.org\/{rel}","templated":true}]}}