{"id":5865,"date":"2025-05-28T09:10:13","date_gmt":"2025-05-28T07:10:13","guid":{"rendered":"https:\/\/www.cambrapropietatgirona.com\/exposicio-gelida-de-julia-garcia-arboix\/"},"modified":"2025-05-28T09:13:38","modified_gmt":"2025-05-28T07:13:38","slug":"exposicion-gelida-de-julia-garcia-arboix","status":"publish","type":"post","link":"https:\/\/www.cambrapropietatgirona.com\/es\/exposicion-gelida-de-julia-garcia-arboix\/","title":{"rendered":"Exposici\u00f3n \u201cG\u00e8lida\u201d de J\u00falia Garcia Arboix"},"content":{"rendered":"<h2>Te invitamos a visitar la exposici\u00f3n \u201cG\u00e8lida\u201d, de J\u00falia Garcia Arboix, que podr\u00e1 verse en la sede de la Cambra (Calle Ciutadans, 12, Girona), del 4 al 28 de junio de 2025, de lunes a viernes, de 16 a 19 h.<\/h2>\n<h4><strong>La inauguraci\u00f3n tendr\u00e1 lugar el d\u00eda 4 de junio a las 19 h.<\/strong><\/h4>\n<p>El acto de bienvenida ir\u00e1 a cargo de Raimonda Coll, presidenta de los Amigos del Museo de Arte de Girona. A continuaci\u00f3n, la artista, J\u00falia Garcia Arboix, nos adentrar\u00e1 en el universo silencioso y templado de G\u00e8lida, revelando las sombras, las texturas y los pensamientos que lo habitan.<\/p>\n<p>Seguidamente, intervendr\u00e1 el mos\u00e9n Joan Perera, quien ofrecer\u00e1 una lectura de poes\u00eda y reflexiones espirituales en torno al silencio, la contemplaci\u00f3n y la vida en las monta\u00f1as. El evento finalizar\u00e1 con un tiempo para la observaci\u00f3n pausada de las obras, el di\u00e1logo con la artista y un aperitivo.<\/p>\n<p>&nbsp;<\/p>\n<h3><strong>Exposici\u00f3n organizada pels Amics del Museu d\u2019Art de Girona.<\/strong><\/h3>\n<h4><strong>Sobre la exposici\u00f3n.<\/strong><\/h4>\n<p><em>G\u00e8lida<\/em> es una colecci\u00f3n que explora la conexi\u00f3n entre la vacuidad filos\u00f3fica y la est\u00e9tica <em>wabi-sabi<\/em>, que valora la belleza de lo ef\u00edmero, lo imperfecto y lo aut\u00e9ntico. Las obras reflejan experiencias vividas en paisajes de monta\u00f1as y bosques, fr\u00edos y oscuros; donde la luz m\u00ednima y el ambiente g\u00e9lido invitan al silencio contemplativo. Los gestos pict\u00f3ricos, espont\u00e1neos y arraigados en la intuici\u00f3n, se convierten en ecos de un lenguaje abstracto y descodificado.<\/p>\n<p>Las formas surgen y se desvanecen, como si fueran trazos de una memoria latente y fragmentos de un paisaje que nunca se revela completamente. A trav\u00e9s de texturas y tonalidades apagadas, la colecci\u00f3n busca expresar la relaci\u00f3n entre la oscuridad llena de vida y la serenidad del vac\u00edo, conectando al observador con una atm\u00f3sfera introspectiva y atemporal.<\/p>\n","protected":false},"excerpt":{"rendered":"<p>Te invitamos a visitar la exposici\u00f3n \u201cG\u00e8lida\u201d, de J\u00falia Garcia Arboix, que podr\u00e1 verse en la sede de la Cambra (Calle Ciutadans, 12, Girona), del 4 al 28 de junio de 2025, de lunes a viernes, de 16 a 19 h. La inauguraci\u00f3n tendr\u00e1 lugar el d\u00eda 4 de junio a las 19 h. El [&hellip;]<\/p>\n","protected":false},"author":1,"featured_media":5863,"comment_status":"open","ping_status":"open","sticky":false,"template":"","format":"standard","meta":{"_acf_changed":false,"inline_featured_image":false,"disable_featured_image":false,"footnotes":""},"categories":[13],"tags":[],"class_list":["post-5865","post","type-post","status-publish","format-standard","has-post-thumbnail","hentry","category-actualidad"],"acf":[],"yoast_head":"<!-- This site is optimized with the Yoast SEO plugin v27.5 - https:\/\/yoast.com\/product\/yoast-seo-wordpress\/ -->\n<title>Exposici\u00f3n \u201cG\u00e8lida\u201d, de J\u00falia Garcia Arboix - Cambra de la Propietat Urbana de Girona<\/title>\n<meta name=\"description\" content=\"Te invitamos a visitar la exposici\u00f3n \u201cG\u00e8lida\u201d, de J\u00falia Garcia Arboix, que podr\u00e1 verse en la sede de la Cambra, del 4 al 28 de junio.\" \/>\n<meta name=\"robots\" content=\"index, follow, max-snippet:-1, max-image-preview:large, max-video-preview:-1\" \/>\n<link rel=\"canonical\" href=\"https:\/\/www.cambrapropietatgirona.com\/es\/exposicion-gelida-de-julia-garcia-arboix\/\" \/>\n<meta property=\"og:locale\" content=\"es_ES\" \/>\n<meta property=\"og:type\" content=\"article\" \/>\n<meta property=\"og:title\" content=\"Exposici\u00f3n \u201cG\u00e8lida\u201d, de J\u00falia Garcia Arboix - Cambra de la Propietat Urbana de Girona\" \/>\n<meta property=\"og:description\" content=\"Te invitamos a visitar la exposici\u00f3n \u201cG\u00e8lida\u201d, de J\u00falia Garcia Arboix, que podr\u00e1 verse en la sede de la Cambra, del 4 al 28 de junio.\" \/>\n<meta property=\"og:url\" content=\"https:\/\/www.cambrapropietatgirona.com\/es\/exposicion-gelida-de-julia-garcia-arboix\/\" \/>\n<meta property=\"og:site_name\" content=\"Cambra de la Propietat Urbana de Girona\" \/>\n<meta property=\"article:published_time\" content=\"2025-05-28T07:10:13+00:00\" \/>\n<meta property=\"article:modified_time\" content=\"2025-05-28T07:13:38+00:00\" \/>\n<meta property=\"og:image\" content=\"http:\/\/www.cambrapropietatgirona.com\/wp-content\/uploads\/2025\/05\/gelida.jpg\" \/>\n\t<meta property=\"og:image:width\" content=\"516\" \/>\n\t<meta property=\"og:image:height\" content=\"640\" \/>\n\t<meta property=\"og:image:type\" content=\"image\/jpeg\" \/>\n<meta name=\"author\" content=\"AE5GBNi67xK1QkS\" \/>\n<meta name=\"twitter:card\" content=\"summary_large_image\" \/>\n<meta name=\"twitter:label1\" content=\"Written by\" \/>\n\t<meta name=\"twitter:data1\" content=\"AE5GBNi67xK1QkS\" \/>\n\t<meta name=\"twitter:label2\" content=\"Est. reading time\" \/>\n\t<meta name=\"twitter:data2\" content=\"2 minutes\" \/>\n<script type=\"application\/ld+json\" class=\"yoast-schema-graph\">{\"@context\":\"https:\\\/\\\/schema.org\",\"@graph\":[{\"@type\":\"Article\",\"@id\":\"https:\\\/\\\/www.cambrapropietatgirona.com\\\/es\\\/exposicion-gelida-de-julia-garcia-arboix\\\/#article\",\"isPartOf\":{\"@id\":\"https:\\\/\\\/www.cambrapropietatgirona.com\\\/es\\\/exposicion-gelida-de-julia-garcia-arboix\\\/\"},\"author\":{\"name\":\"AE5GBNi67xK1QkS\",\"@id\":\"https:\\\/\\\/www.cambrapropietatgirona.com\\\/#\\\/schema\\\/person\\\/839c74db646ec3d6738ce2dcf5b3447c\"},\"headline\":\"Exposici\u00f3n \u201cG\u00e8lida\u201d de J\u00falia Garcia Arboix\",\"datePublished\":\"2025-05-28T07:10:13+00:00\",\"dateModified\":\"2025-05-28T07:13:38+00:00\",\"mainEntityOfPage\":{\"@id\":\"https:\\\/\\\/www.cambrapropietatgirona.com\\\/es\\\/exposicion-gelida-de-julia-garcia-arboix\\\/\"},\"wordCount\":330,\"commentCount\":0,\"publisher\":{\"@id\":\"https:\\\/\\\/www.cambrapropietatgirona.com\\\/#organization\"},\"image\":{\"@id\":\"https:\\\/\\\/www.cambrapropietatgirona.com\\\/es\\\/exposicion-gelida-de-julia-garcia-arboix\\\/#primaryimage\"},\"thumbnailUrl\":\"https:\\\/\\\/www.cambrapropietatgirona.com\\\/wp-content\\\/uploads\\\/2025\\\/05\\\/gelida.jpg\",\"articleSection\":[\"Actualidad\"],\"inLanguage\":\"es-ES\",\"potentialAction\":[{\"@type\":\"CommentAction\",\"name\":\"Comment\",\"target\":[\"https:\\\/\\\/www.cambrapropietatgirona.com\\\/es\\\/exposicion-gelida-de-julia-garcia-arboix\\\/#respond\"]}]},{\"@type\":\"WebPage\",\"@id\":\"https:\\\/\\\/www.cambrapropietatgirona.com\\\/es\\\/exposicion-gelida-de-julia-garcia-arboix\\\/\",\"url\":\"https:\\\/\\\/www.cambrapropietatgirona.com\\\/es\\\/exposicion-gelida-de-julia-garcia-arboix\\\/\",\"name\":\"Exposici\u00f3n \u201cG\u00e8lida\u201d, de J\u00falia Garcia Arboix - Cambra de la Propietat Urbana de Girona\",\"isPartOf\":{\"@id\":\"https:\\\/\\\/www.cambrapropietatgirona.com\\\/#website\"},\"primaryImageOfPage\":{\"@id\":\"https:\\\/\\\/www.cambrapropietatgirona.com\\\/es\\\/exposicion-gelida-de-julia-garcia-arboix\\\/#primaryimage\"},\"image\":{\"@id\":\"https:\\\/\\\/www.cambrapropietatgirona.com\\\/es\\\/exposicion-gelida-de-julia-garcia-arboix\\\/#primaryimage\"},\"thumbnailUrl\":\"https:\\\/\\\/www.cambrapropietatgirona.com\\\/wp-content\\\/uploads\\\/2025\\\/05\\\/gelida.jpg\",\"datePublished\":\"2025-05-28T07:10:13+00:00\",\"dateModified\":\"2025-05-28T07:13:38+00:00\",\"description\":\"Te invitamos a visitar la exposici\u00f3n \u201cG\u00e8lida\u201d, de J\u00falia Garcia Arboix, que podr\u00e1 verse en la sede de la Cambra, del 4 al 28 de junio.\",\"breadcrumb\":{\"@id\":\"https:\\\/\\\/www.cambrapropietatgirona.com\\\/es\\\/exposicion-gelida-de-julia-garcia-arboix\\\/#breadcrumb\"},\"inLanguage\":\"es-ES\",\"potentialAction\":[{\"@type\":\"ReadAction\",\"target\":[\"https:\\\/\\\/www.cambrapropietatgirona.com\\\/es\\\/exposicion-gelida-de-julia-garcia-arboix\\\/\"]}]},{\"@type\":\"ImageObject\",\"inLanguage\":\"es-ES\",\"@id\":\"https:\\\/\\\/www.cambrapropietatgirona.com\\\/es\\\/exposicion-gelida-de-julia-garcia-arboix\\\/#primaryimage\",\"url\":\"https:\\\/\\\/www.cambrapropietatgirona.com\\\/wp-content\\\/uploads\\\/2025\\\/05\\\/gelida.jpg\",\"contentUrl\":\"https:\\\/\\\/www.cambrapropietatgirona.com\\\/wp-content\\\/uploads\\\/2025\\\/05\\\/gelida.jpg\",\"width\":516,\"height\":640,\"caption\":\"Exposici\u00f3 \u201cG\u00e8lida\u201d de J\u00falia Garcia Arboix\"},{\"@type\":\"BreadcrumbList\",\"@id\":\"https:\\\/\\\/www.cambrapropietatgirona.com\\\/es\\\/exposicion-gelida-de-julia-garcia-arboix\\\/#breadcrumb\",\"itemListElement\":[{\"@type\":\"ListItem\",\"position\":1,\"name\":\"Inici\",\"item\":\"https:\\\/\\\/www.cambrapropietatgirona.com\\\/\"},{\"@type\":\"ListItem\",\"position\":2,\"name\":\"Exposici\u00f3n \u201cG\u00e8lida\u201d de J\u00falia Garcia Arboix\"}]},{\"@type\":\"WebSite\",\"@id\":\"https:\\\/\\\/www.cambrapropietatgirona.com\\\/#website\",\"url\":\"https:\\\/\\\/www.cambrapropietatgirona.com\\\/\",\"name\":\"Cambra de la Propietat Urbana de Girona\",\"description\":\"Serveis immobiliaris integrals als propietaris\",\"publisher\":{\"@id\":\"https:\\\/\\\/www.cambrapropietatgirona.com\\\/#organization\"},\"potentialAction\":[{\"@type\":\"SearchAction\",\"target\":{\"@type\":\"EntryPoint\",\"urlTemplate\":\"https:\\\/\\\/www.cambrapropietatgirona.com\\\/?s={search_term_string}\"},\"query-input\":{\"@type\":\"PropertyValueSpecification\",\"valueRequired\":true,\"valueName\":\"search_term_string\"}}],\"inLanguage\":\"es-ES\"},{\"@type\":\"Organization\",\"@id\":\"https:\\\/\\\/www.cambrapropietatgirona.com\\\/#organization\",\"name\":\"Cambra de la Propietat Urbana de Girona\",\"url\":\"https:\\\/\\\/www.cambrapropietatgirona.com\\\/\",\"logo\":{\"@type\":\"ImageObject\",\"inLanguage\":\"es-ES\",\"@id\":\"https:\\\/\\\/www.cambrapropietatgirona.com\\\/#\\\/schema\\\/logo\\\/image\\\/\",\"url\":\"https:\\\/\\\/www.cambrapropietatgirona.com\\\/wp-content\\\/uploads\\\/2018\\\/01\\\/favicon.jpg\",\"contentUrl\":\"https:\\\/\\\/www.cambrapropietatgirona.com\\\/wp-content\\\/uploads\\\/2018\\\/01\\\/favicon.jpg\",\"width\":277,\"height\":269,\"caption\":\"Cambra de la Propietat Urbana de Girona\"},\"image\":{\"@id\":\"https:\\\/\\\/www.cambrapropietatgirona.com\\\/#\\\/schema\\\/logo\\\/image\\\/\"}},{\"@type\":\"Person\",\"@id\":\"https:\\\/\\\/www.cambrapropietatgirona.com\\\/#\\\/schema\\\/person\\\/839c74db646ec3d6738ce2dcf5b3447c\",\"name\":\"AE5GBNi67xK1QkS\",\"image\":{\"@type\":\"ImageObject\",\"inLanguage\":\"es-ES\",\"@id\":\"https:\\\/\\\/secure.gravatar.com\\\/avatar\\\/4a49b57693d82ed8aed27ea81234f80da517724ec1cc1f1fb4952b6cf4b80fd7?s=96&d=mm&r=g\",\"url\":\"https:\\\/\\\/secure.gravatar.com\\\/avatar\\\/4a49b57693d82ed8aed27ea81234f80da517724ec1cc1f1fb4952b6cf4b80fd7?s=96&d=mm&r=g\",\"contentUrl\":\"https:\\\/\\\/secure.gravatar.com\\\/avatar\\\/4a49b57693d82ed8aed27ea81234f80da517724ec1cc1f1fb4952b6cf4b80fd7?s=96&d=mm&r=g\",\"caption\":\"AE5GBNi67xK1QkS\"},\"url\":\"https:\\\/\\\/www.cambrapropietatgirona.com\\\/es\\\/author\\\/ae5gbni67xk1qks\\\/\"}]}<\/script>\n<!-- \/ Yoast SEO plugin. -->","yoast_head_json":{"title":"Exposici\u00f3n \u201cG\u00e8lida\u201d, de J\u00falia Garcia Arboix - Cambra de la Propietat Urbana de Girona","description":"Te invitamos a visitar la exposici\u00f3n \u201cG\u00e8lida\u201d, de J\u00falia Garcia Arboix, que podr\u00e1 verse en la sede de la Cambra, del 4 al 28 de junio.","robots":{"index":"index","follow":"follow","max-snippet":"max-snippet:-1","max-image-preview":"max-image-preview:large","max-video-preview":"max-video-preview:-1"},"canonical":"https:\/\/www.cambrapropietatgirona.com\/es\/exposicion-gelida-de-julia-garcia-arboix\/","og_locale":"es_ES","og_type":"article","og_title":"Exposici\u00f3n \u201cG\u00e8lida\u201d, de J\u00falia Garcia Arboix - Cambra de la Propietat Urbana de Girona","og_description":"Te invitamos a visitar la exposici\u00f3n \u201cG\u00e8lida\u201d, de J\u00falia Garcia Arboix, que podr\u00e1 verse en la sede de la Cambra, del 4 al 28 de junio.","og_url":"https:\/\/www.cambrapropietatgirona.com\/es\/exposicion-gelida-de-julia-garcia-arboix\/","og_site_name":"Cambra de la Propietat Urbana de Girona","article_published_time":"2025-05-28T07:10:13+00:00","article_modified_time":"2025-05-28T07:13:38+00:00","og_image":[{"width":516,"height":640,"url":"http:\/\/www.cambrapropietatgirona.com\/wp-content\/uploads\/2025\/05\/gelida.jpg","type":"image\/jpeg"}],"author":"AE5GBNi67xK1QkS","twitter_card":"summary_large_image","twitter_misc":{"Written by":"AE5GBNi67xK1QkS","Est. reading time":"2 minutes"},"schema":{"@context":"https:\/\/schema.org","@graph":[{"@type":"Article","@id":"https:\/\/www.cambrapropietatgirona.com\/es\/exposicion-gelida-de-julia-garcia-arboix\/#article","isPartOf":{"@id":"https:\/\/www.cambrapropietatgirona.com\/es\/exposicion-gelida-de-julia-garcia-arboix\/"},"author":{"name":"AE5GBNi67xK1QkS","@id":"https:\/\/www.cambrapropietatgirona.com\/#\/schema\/person\/839c74db646ec3d6738ce2dcf5b3447c"},"headline":"Exposici\u00f3n \u201cG\u00e8lida\u201d de J\u00falia Garcia Arboix","datePublished":"2025-05-28T07:10:13+00:00","dateModified":"2025-05-28T07:13:38+00:00","mainEntityOfPage":{"@id":"https:\/\/www.cambrapropietatgirona.com\/es\/exposicion-gelida-de-julia-garcia-arboix\/"},"wordCount":330,"commentCount":0,"publisher":{"@id":"https:\/\/www.cambrapropietatgirona.com\/#organization"},"image":{"@id":"https:\/\/www.cambrapropietatgirona.com\/es\/exposicion-gelida-de-julia-garcia-arboix\/#primaryimage"},"thumbnailUrl":"https:\/\/www.cambrapropietatgirona.com\/wp-content\/uploads\/2025\/05\/gelida.jpg","articleSection":["Actualidad"],"inLanguage":"es-ES","potentialAction":[{"@type":"CommentAction","name":"Comment","target":["https:\/\/www.cambrapropietatgirona.com\/es\/exposicion-gelida-de-julia-garcia-arboix\/#respond"]}]},{"@type":"WebPage","@id":"https:\/\/www.cambrapropietatgirona.com\/es\/exposicion-gelida-de-julia-garcia-arboix\/","url":"https:\/\/www.cambrapropietatgirona.com\/es\/exposicion-gelida-de-julia-garcia-arboix\/","name":"Exposici\u00f3n \u201cG\u00e8lida\u201d, de J\u00falia Garcia Arboix - Cambra de la Propietat Urbana de Girona","isPartOf":{"@id":"https:\/\/www.cambrapropietatgirona.com\/#website"},"primaryImageOfPage":{"@id":"https:\/\/www.cambrapropietatgirona.com\/es\/exposicion-gelida-de-julia-garcia-arboix\/#primaryimage"},"image":{"@id":"https:\/\/www.cambrapropietatgirona.com\/es\/exposicion-gelida-de-julia-garcia-arboix\/#primaryimage"},"thumbnailUrl":"https:\/\/www.cambrapropietatgirona.com\/wp-content\/uploads\/2025\/05\/gelida.jpg","datePublished":"2025-05-28T07:10:13+00:00","dateModified":"2025-05-28T07:13:38+00:00","description":"Te invitamos a visitar la exposici\u00f3n \u201cG\u00e8lida\u201d, de J\u00falia Garcia Arboix, que podr\u00e1 verse en la sede de la Cambra, del 4 al 28 de junio.","breadcrumb":{"@id":"https:\/\/www.cambrapropietatgirona.com\/es\/exposicion-gelida-de-julia-garcia-arboix\/#breadcrumb"},"inLanguage":"es-ES","potentialAction":[{"@type":"ReadAction","target":["https:\/\/www.cambrapropietatgirona.com\/es\/exposicion-gelida-de-julia-garcia-arboix\/"]}]},{"@type":"ImageObject","inLanguage":"es-ES","@id":"https:\/\/www.cambrapropietatgirona.com\/es\/exposicion-gelida-de-julia-garcia-arboix\/#primaryimage","url":"https:\/\/www.cambrapropietatgirona.com\/wp-content\/uploads\/2025\/05\/gelida.jpg","contentUrl":"https:\/\/www.cambrapropietatgirona.com\/wp-content\/uploads\/2025\/05\/gelida.jpg","width":516,"height":640,"caption":"Exposici\u00f3 \u201cG\u00e8lida\u201d de J\u00falia Garcia Arboix"},{"@type":"BreadcrumbList","@id":"https:\/\/www.cambrapropietatgirona.com\/es\/exposicion-gelida-de-julia-garcia-arboix\/#breadcrumb","itemListElement":[{"@type":"ListItem","position":1,"name":"Inici","item":"https:\/\/www.cambrapropietatgirona.com\/"},{"@type":"ListItem","position":2,"name":"Exposici\u00f3n \u201cG\u00e8lida\u201d de J\u00falia Garcia Arboix"}]},{"@type":"WebSite","@id":"https:\/\/www.cambrapropietatgirona.com\/#website","url":"https:\/\/www.cambrapropietatgirona.com\/","name":"Cambra de la Propietat Urbana de Girona","description":"Serveis immobiliaris integrals als propietaris","publisher":{"@id":"https:\/\/www.cambrapropietatgirona.com\/#organization"},"potentialAction":[{"@type":"SearchAction","target":{"@type":"EntryPoint","urlTemplate":"https:\/\/www.cambrapropietatgirona.com\/?s={search_term_string}"},"query-input":{"@type":"PropertyValueSpecification","valueRequired":true,"valueName":"search_term_string"}}],"inLanguage":"es-ES"},{"@type":"Organization","@id":"https:\/\/www.cambrapropietatgirona.com\/#organization","name":"Cambra de la Propietat Urbana de Girona","url":"https:\/\/www.cambrapropietatgirona.com\/","logo":{"@type":"ImageObject","inLanguage":"es-ES","@id":"https:\/\/www.cambrapropietatgirona.com\/#\/schema\/logo\/image\/","url":"https:\/\/www.cambrapropietatgirona.com\/wp-content\/uploads\/2018\/01\/favicon.jpg","contentUrl":"https:\/\/www.cambrapropietatgirona.com\/wp-content\/uploads\/2018\/01\/favicon.jpg","width":277,"height":269,"caption":"Cambra de la Propietat Urbana de Girona"},"image":{"@id":"https:\/\/www.cambrapropietatgirona.com\/#\/schema\/logo\/image\/"}},{"@type":"Person","@id":"https:\/\/www.cambrapropietatgirona.com\/#\/schema\/person\/839c74db646ec3d6738ce2dcf5b3447c","name":"AE5GBNi67xK1QkS","image":{"@type":"ImageObject","inLanguage":"es-ES","@id":"https:\/\/secure.gravatar.com\/avatar\/4a49b57693d82ed8aed27ea81234f80da517724ec1cc1f1fb4952b6cf4b80fd7?s=96&d=mm&r=g","url":"https:\/\/secure.gravatar.com\/avatar\/4a49b57693d82ed8aed27ea81234f80da517724ec1cc1f1fb4952b6cf4b80fd7?s=96&d=mm&r=g","contentUrl":"https:\/\/secure.gravatar.com\/avatar\/4a49b57693d82ed8aed27ea81234f80da517724ec1cc1f1fb4952b6cf4b80fd7?s=96&d=mm&r=g","caption":"AE5GBNi67xK1QkS"},"url":"https:\/\/www.cambrapropietatgirona.com\/es\/author\/ae5gbni67xk1qks\/"}]}},"_links":{"self":[{"href":"https:\/\/www.cambrapropietatgirona.com\/es\/wp-json\/wp\/v2\/posts\/5865","targetHints":{"allow":["GET"]}}],"collection":[{"href":"https:\/\/www.cambrapropietatgirona.com\/es\/wp-json\/wp\/v2\/posts"}],"about":[{"href":"https:\/\/www.cambrapropietatgirona.com\/es\/wp-json\/wp\/v2\/types\/post"}],"author":[{"embeddable":true,"href":"https:\/\/www.cambrapropietatgirona.com\/es\/wp-json\/wp\/v2\/users\/1"}],"replies":[{"embeddable":true,"href":"https:\/\/www.cambrapropietatgirona.com\/es\/wp-json\/wp\/v2\/comments?post=5865"}],"version-history":[{"count":2,"href":"https:\/\/www.cambrapropietatgirona.com\/es\/wp-json\/wp\/v2\/posts\/5865\/revisions"}],"predecessor-version":[{"id":5867,"href":"https:\/\/www.cambrapropietatgirona.com\/es\/wp-json\/wp\/v2\/posts\/5865\/revisions\/5867"}],"wp:featuredmedia":[{"embeddable":true,"href":"https:\/\/www.cambrapropietatgirona.com\/es\/wp-json\/wp\/v2\/media\/5863"}],"wp:attachment":[{"href":"https:\/\/www.cambrapropietatgirona.com\/es\/wp-json\/wp\/v2\/media?parent=5865"}],"wp:term":[{"taxonomy":"category","embeddable":true,"href":"https:\/\/www.cambrapropietatgirona.com\/es\/wp-json\/wp\/v2\/categories?post=5865"},{"taxonomy":"post_tag","embeddable":true,"href":"https:\/\/www.cambrapropietatgirona.com\/es\/wp-json\/wp\/v2\/tags?post=5865"}],"curies":[{"name":"wp","href":"https:\/\/api.w.org\/{rel}","templated":true}]}}