{"id":5857,"date":"2025-05-26T12:51:04","date_gmt":"2025-05-26T10:51:04","guid":{"rendered":"https:\/\/www.cambrapropietatgirona.com\/?p=5857"},"modified":"2025-05-23T12:57:38","modified_gmt":"2025-05-23T10:57:38","slug":"la-actual-politica-de-vivienda-provoca-que-los-pequenos-propietarios-no-pongan-sus-viviendas-en-alquiler","status":"publish","type":"post","link":"https:\/\/www.cambrapropietatgirona.com\/es\/la-actual-politica-de-vivienda-provoca-que-los-pequenos-propietarios-no-pongan-sus-viviendas-en-alquiler\/","title":{"rendered":"La actual pol\u00edtica de vivienda provoca que los peque\u00f1os propietarios no pongan sus viviendas en alquiler"},"content":{"rendered":"<h2>Se intensifica la escasez de vivienda aportada por los peque\u00f1os propietarios, que representan el 90 % del parque de viviendas de alquiler.<\/h2>\n<p>Desde la Cambra Propietat Urbana de Girona alertamos de que los datos confirman que la oferta de vivienda de alquiler no deja de disminuir y, como consecuencia, aumenta la dificultad de acceso a la vivienda. La escasa oferta y la elevada demanda convierten la situaci\u00f3n en una especie de subasta en la que los m\u00e1s perjudicados son quienes cuentan con econom\u00edas m\u00e1s d\u00e9biles. Estas personas tampoco encuentran soluciones en la vivienda social, ya que desde hace d\u00e9cadas no se construyen nuevas promociones, ni p\u00fablicas ni privadas.<\/p>\n<h4><strong>El acceso a la vivienda en alquiler se ha convertido en uno de los mayores problemas sociales debido a la escasez de oferta, que a su vez empuja los precios al alza.<\/strong><\/h4>\n<p>Desde un inicio, las administraciones han optado por confrontar a los arrendadores, sean peque\u00f1os o grandes, con un sinf\u00edn de disposiciones perjudiciales para los intereses de los propietarios, trasladando al \u00e1mbito privado una labor social que corresponde a la administraci\u00f3n.<\/p>\n<p><strong>El resultado es claro: el problema del acceso a la vivienda, lejos de solucionarse, empeora porque muchos arrendadores est\u00e1n optando por vender sus inmuebles. <\/strong>Esta opci\u00f3n no solo se est\u00e1 dando entre peque\u00f1os propietarios, sino que tambi\u00e9n observamos en los medios c\u00f3mo grupos inversores que hab\u00edan apostado por crear carteras de viviendas en alquiler en Catalunya est\u00e1n ahora deshaci\u00e9ndose de ellas.<\/p>\n<h4><strong>Las aportaciones de los peque\u00f1os propietarios representan m\u00e1s del 90 % del parque de viviendas en alquiler.<\/strong><\/h4>\n<p>Son muchos los factores que desincentivan a los arrendadores a continuar con su actividad. Entre ellos destacan la perpetuaci\u00f3n de situaciones de ocupaci\u00f3n con largos procesos judiciales y el elevado coste que ello implica. Tambi\u00e9n influye la regulaci\u00f3n de precios, basada en una metodolog\u00eda que genera situaciones discriminatorias, o la declaraci\u00f3n de zonas de mercado tensionado para el 87 % del parque inmobiliario, aplicando las mismas medidas de contenci\u00f3n de rentas en peque\u00f1os municipios que en Barcelona, donde el precio del alquiler se triplica.<br \/>\nOtros factores que desincentivan son la reducci\u00f3n de bonificaciones en el IRPF y la pretendida eliminaci\u00f3n de los contratos de arrendamiento de temporada, acompa\u00f1ada de un r\u00e9gimen sancionador con multas completamente desproporcionadas que pueden llegar hasta los 900.000 euros.<\/p>\n<p>Por su parte, <strong>los peque\u00f1os propietarios arrendadores, titulares de hasta cinco viviendas, incluyendo la propia y una posible segunda residencia, quedan sujetos a las mayores limitaciones que se aplican a los denominados grandes tenedores<\/strong>. Esto conlleva restricciones m\u00e1s severas de precios, la obligaci\u00f3n de ofrecer alquiler social en casos de impago y ocupaci\u00f3n, y una fiscalidad especialmente dura, duplicando los porcentajes del ITP para adquisiciones, entre otras medidas.<\/p>\n<p>Otro factor que incide negativamente sobre los precios del alquiler es el exceso de fiscalidad que sufre el sector inmobiliario en Espa\u00f1a, a\u00fan m\u00e1s acentuado en Catalunya.<br \/>\nUn reciente estudio del Instituto de Estudios Econ\u00f3micos cifra en el 30,3 % la carga fiscal sobre la rentabilidad de una vivienda en propiedad, que se eleva al 44 % en el caso de inmuebles destinados al alquiler. Este c\u00e1lculo contempla la diversidad de impuestos que afectan al sector, como el ICIO, el ITP, el IVA, la plusval\u00eda municipal y el IRPF. <strong>Este mismo estudio, que abarca todos los pa\u00edses de la OCDE, sit\u00faa la carga fiscal en Espa\u00f1a en un 30,3 %, la segunda m\u00e1s alta a nivel mundial<\/strong>, solo por detr\u00e1s de Canad\u00e1 (38,9 %), y <strong>muy por encima de la media europea (6,5 %)<\/strong> o la media de la OCDE (9,7 %).<\/p>\n<h4><strong>Para paliar el problema de la vivienda es necesaria la colaboraci\u00f3n de todos los agentes:<\/strong><\/h4>\n<p>Las administraciones, mediante la creaci\u00f3n de vivienda social; las entidades sin \u00e1nimo de lucro, que durante muchos a\u00f1os han contribuido a este fin; el sector privado, que con incentivos adecuados podr\u00eda aportar un gran n\u00famero de viviendas nuevas al mercado de alquiler; y, por supuesto, los peque\u00f1os propietarios, cuya aportaci\u00f3n \u2014como ya se ha mencionado\u2014 representa m\u00e1s del 90 % del parque de viviendas en alquiler.<\/p>\n<h4><strong>Es urgente un cambio en la pol\u00edtica de vivienda.<\/strong><\/h4>\n<p><strong>Debe dejarse de se\u00f1alar a los propietarios como los culpables de la actual precariedad del mercado de la vivienda<\/strong>. Los propietarios se han convertido en destinatarios de una multiplicidad de regulaciones, limitaciones y sanciones, en un contexto de creciente inseguridad jur\u00eddica.<br \/>\n<strong>Es necesario impulsar iniciativas incentivadoras que logren que todos los propietarios, desde los m\u00e1s peque\u00f1os hasta las grandes empresas, puedan contribuir con el mayor n\u00famero posible de viviendas al mercado de alquiler<\/strong> de forma sostenida en el tiempo, con el fin de aumentar la oferta disponible.<\/p>\n<h2><strong>Reduciendo la escasez de viviendas en alquiler, se normalizar\u00e1n los precios del arrendamiento.<\/strong><\/h2>\n<p>&nbsp;<\/p>\n","protected":false},"excerpt":{"rendered":"<p>Se intensifica la escasez de vivienda aportada por los peque\u00f1os propietarios, que representan el 90 % del parque de viviendas de alquiler. Desde la Cambra Propietat Urbana de Girona alertamos de que los datos confirman que la oferta de vivienda de alquiler no deja de disminuir y, como consecuencia, aumenta la dificultad de acceso a [&hellip;]<\/p>\n","protected":false},"author":1,"featured_media":5855,"comment_status":"open","ping_status":"open","sticky":false,"template":"","format":"standard","meta":{"_acf_changed":false,"inline_featured_image":false,"disable_featured_image":false,"footnotes":""},"categories":[13,719],"tags":[],"class_list":["post-5857","post","type-post","status-publish","format-standard","has-post-thumbnail","hentry","category-actualidad","category-arrendaments-es"],"acf":[],"yoast_head":"<!-- This site is optimized with the Yoast SEO plugin v27.5 - https:\/\/yoast.com\/product\/yoast-seo-wordpress\/ -->\n<title>Los peque\u00f1os propietarios no pongan sus viviendas en alquiler - Cambra de la Propietat Urbana de Girona<\/title>\n<meta name=\"description\" content=\"La pol\u00edtica de vivienda provoca que los peque\u00f1os propietarios no pongan sus viviendas en alquiler y se intensifica la escasez de oferta\" \/>\n<meta name=\"robots\" content=\"index, follow, max-snippet:-1, max-image-preview:large, max-video-preview:-1\" \/>\n<link rel=\"canonical\" href=\"https:\/\/www.cambrapropietatgirona.com\/lactual-politica-dhabitatge-provoca-que-els-petits-propietaris-no-posin-els-habitatges-a-lloguer\/\" \/>\n<meta property=\"og:locale\" content=\"es_ES\" \/>\n<meta property=\"og:type\" content=\"article\" \/>\n<meta property=\"og:title\" content=\"Los peque\u00f1os propietarios no pongan sus viviendas en alquiler - Cambra de la Propietat Urbana de Girona\" \/>\n<meta property=\"og:description\" content=\"La pol\u00edtica de vivienda provoca que los peque\u00f1os propietarios no pongan sus viviendas en alquiler y se intensifica la escasez de oferta\" \/>\n<meta property=\"og:url\" content=\"https:\/\/www.cambrapropietatgirona.com\/lactual-politica-dhabitatge-provoca-que-els-petits-propietaris-no-posin-els-habitatges-a-lloguer\/\" \/>\n<meta property=\"og:site_name\" content=\"Cambra de la Propietat Urbana de Girona\" \/>\n<meta property=\"article:published_time\" content=\"2025-05-26T10:51:04+00:00\" \/>\n<meta property=\"og:image\" content=\"https:\/\/www.cambrapropietatgirona.com\/wp-content\/uploads\/2025\/05\/cambra_26_5.jpg\" \/>\n\t<meta property=\"og:image:width\" content=\"640\" \/>\n\t<meta property=\"og:image:height\" content=\"640\" \/>\n\t<meta property=\"og:image:type\" content=\"image\/jpeg\" \/>\n<meta name=\"author\" content=\"AE5GBNi67xK1QkS\" \/>\n<meta name=\"twitter:card\" content=\"summary_large_image\" \/>\n<meta name=\"twitter:label1\" content=\"Written by\" \/>\n\t<meta name=\"twitter:data1\" content=\"AE5GBNi67xK1QkS\" \/>\n\t<meta name=\"twitter:label2\" content=\"Est. reading time\" \/>\n\t<meta name=\"twitter:data2\" content=\"5 minutes\" \/>\n<script type=\"application\/ld+json\" class=\"yoast-schema-graph\">{\"@context\":\"https:\\\/\\\/schema.org\",\"@graph\":[{\"@type\":\"Article\",\"@id\":\"https:\\\/\\\/www.cambrapropietatgirona.com\\\/lactual-politica-dhabitatge-provoca-que-els-petits-propietaris-no-posin-els-habitatges-a-lloguer\\\/#article\",\"isPartOf\":{\"@id\":\"https:\\\/\\\/www.cambrapropietatgirona.com\\\/lactual-politica-dhabitatge-provoca-que-els-petits-propietaris-no-posin-els-habitatges-a-lloguer\\\/\"},\"author\":{\"name\":\"AE5GBNi67xK1QkS\",\"@id\":\"https:\\\/\\\/www.cambrapropietatgirona.com\\\/#\\\/schema\\\/person\\\/839c74db646ec3d6738ce2dcf5b3447c\"},\"headline\":\"La actual pol\u00edtica de vivienda provoca que los peque\u00f1os propietarios no pongan sus viviendas en alquiler\",\"datePublished\":\"2025-05-26T10:51:04+00:00\",\"mainEntityOfPage\":{\"@id\":\"https:\\\/\\\/www.cambrapropietatgirona.com\\\/lactual-politica-dhabitatge-provoca-que-els-petits-propietaris-no-posin-els-habitatges-a-lloguer\\\/\"},\"wordCount\":842,\"commentCount\":0,\"publisher\":{\"@id\":\"https:\\\/\\\/www.cambrapropietatgirona.com\\\/#organization\"},\"image\":{\"@id\":\"https:\\\/\\\/www.cambrapropietatgirona.com\\\/lactual-politica-dhabitatge-provoca-que-els-petits-propietaris-no-posin-els-habitatges-a-lloguer\\\/#primaryimage\"},\"thumbnailUrl\":\"https:\\\/\\\/www.cambrapropietatgirona.com\\\/wp-content\\\/uploads\\\/2025\\\/05\\\/cambra_26_5.jpg\",\"articleSection\":[\"Actualidad\",\"Arrendaments\"],\"inLanguage\":\"es-ES\",\"potentialAction\":[{\"@type\":\"CommentAction\",\"name\":\"Comment\",\"target\":[\"https:\\\/\\\/www.cambrapropietatgirona.com\\\/lactual-politica-dhabitatge-provoca-que-els-petits-propietaris-no-posin-els-habitatges-a-lloguer\\\/#respond\"]}]},{\"@type\":\"WebPage\",\"@id\":\"https:\\\/\\\/www.cambrapropietatgirona.com\\\/lactual-politica-dhabitatge-provoca-que-els-petits-propietaris-no-posin-els-habitatges-a-lloguer\\\/\",\"url\":\"https:\\\/\\\/www.cambrapropietatgirona.com\\\/lactual-politica-dhabitatge-provoca-que-els-petits-propietaris-no-posin-els-habitatges-a-lloguer\\\/\",\"name\":\"Los peque\u00f1os propietarios no pongan sus viviendas en alquiler - Cambra de la Propietat Urbana de Girona\",\"isPartOf\":{\"@id\":\"https:\\\/\\\/www.cambrapropietatgirona.com\\\/#website\"},\"primaryImageOfPage\":{\"@id\":\"https:\\\/\\\/www.cambrapropietatgirona.com\\\/lactual-politica-dhabitatge-provoca-que-els-petits-propietaris-no-posin-els-habitatges-a-lloguer\\\/#primaryimage\"},\"image\":{\"@id\":\"https:\\\/\\\/www.cambrapropietatgirona.com\\\/lactual-politica-dhabitatge-provoca-que-els-petits-propietaris-no-posin-els-habitatges-a-lloguer\\\/#primaryimage\"},\"thumbnailUrl\":\"https:\\\/\\\/www.cambrapropietatgirona.com\\\/wp-content\\\/uploads\\\/2025\\\/05\\\/cambra_26_5.jpg\",\"datePublished\":\"2025-05-26T10:51:04+00:00\",\"description\":\"La pol\u00edtica de vivienda provoca que los peque\u00f1os propietarios no pongan sus viviendas en alquiler y se intensifica la escasez de oferta\",\"breadcrumb\":{\"@id\":\"https:\\\/\\\/www.cambrapropietatgirona.com\\\/lactual-politica-dhabitatge-provoca-que-els-petits-propietaris-no-posin-els-habitatges-a-lloguer\\\/#breadcrumb\"},\"inLanguage\":\"es-ES\",\"potentialAction\":[{\"@type\":\"ReadAction\",\"target\":[\"https:\\\/\\\/www.cambrapropietatgirona.com\\\/lactual-politica-dhabitatge-provoca-que-els-petits-propietaris-no-posin-els-habitatges-a-lloguer\\\/\"]}]},{\"@type\":\"ImageObject\",\"inLanguage\":\"es-ES\",\"@id\":\"https:\\\/\\\/www.cambrapropietatgirona.com\\\/lactual-politica-dhabitatge-provoca-que-els-petits-propietaris-no-posin-els-habitatges-a-lloguer\\\/#primaryimage\",\"url\":\"https:\\\/\\\/www.cambrapropietatgirona.com\\\/wp-content\\\/uploads\\\/2025\\\/05\\\/cambra_26_5.jpg\",\"contentUrl\":\"https:\\\/\\\/www.cambrapropietatgirona.com\\\/wp-content\\\/uploads\\\/2025\\\/05\\\/cambra_26_5.jpg\",\"width\":640,\"height\":640,\"caption\":\"Problema de l'habitatge\"},{\"@type\":\"BreadcrumbList\",\"@id\":\"https:\\\/\\\/www.cambrapropietatgirona.com\\\/lactual-politica-dhabitatge-provoca-que-els-petits-propietaris-no-posin-els-habitatges-a-lloguer\\\/#breadcrumb\",\"itemListElement\":[{\"@type\":\"ListItem\",\"position\":1,\"name\":\"Inici\",\"item\":\"https:\\\/\\\/www.cambrapropietatgirona.com\\\/\"},{\"@type\":\"ListItem\",\"position\":2,\"name\":\"La actual pol\u00edtica de vivienda provoca que los peque\u00f1os propietarios no pongan sus viviendas en alquiler\"}]},{\"@type\":\"WebSite\",\"@id\":\"https:\\\/\\\/www.cambrapropietatgirona.com\\\/#website\",\"url\":\"https:\\\/\\\/www.cambrapropietatgirona.com\\\/\",\"name\":\"Cambra de la Propietat Urbana de Girona\",\"description\":\"Serveis immobiliaris integrals als propietaris\",\"publisher\":{\"@id\":\"https:\\\/\\\/www.cambrapropietatgirona.com\\\/#organization\"},\"potentialAction\":[{\"@type\":\"SearchAction\",\"target\":{\"@type\":\"EntryPoint\",\"urlTemplate\":\"https:\\\/\\\/www.cambrapropietatgirona.com\\\/?s={search_term_string}\"},\"query-input\":{\"@type\":\"PropertyValueSpecification\",\"valueRequired\":true,\"valueName\":\"search_term_string\"}}],\"inLanguage\":\"es-ES\"},{\"@type\":\"Organization\",\"@id\":\"https:\\\/\\\/www.cambrapropietatgirona.com\\\/#organization\",\"name\":\"Cambra de la Propietat Urbana de Girona\",\"url\":\"https:\\\/\\\/www.cambrapropietatgirona.com\\\/\",\"logo\":{\"@type\":\"ImageObject\",\"inLanguage\":\"es-ES\",\"@id\":\"https:\\\/\\\/www.cambrapropietatgirona.com\\\/#\\\/schema\\\/logo\\\/image\\\/\",\"url\":\"https:\\\/\\\/www.cambrapropietatgirona.com\\\/wp-content\\\/uploads\\\/2018\\\/01\\\/favicon.jpg\",\"contentUrl\":\"https:\\\/\\\/www.cambrapropietatgirona.com\\\/wp-content\\\/uploads\\\/2018\\\/01\\\/favicon.jpg\",\"width\":277,\"height\":269,\"caption\":\"Cambra de la Propietat Urbana de Girona\"},\"image\":{\"@id\":\"https:\\\/\\\/www.cambrapropietatgirona.com\\\/#\\\/schema\\\/logo\\\/image\\\/\"}},{\"@type\":\"Person\",\"@id\":\"https:\\\/\\\/www.cambrapropietatgirona.com\\\/#\\\/schema\\\/person\\\/839c74db646ec3d6738ce2dcf5b3447c\",\"name\":\"AE5GBNi67xK1QkS\",\"image\":{\"@type\":\"ImageObject\",\"inLanguage\":\"es-ES\",\"@id\":\"https:\\\/\\\/secure.gravatar.com\\\/avatar\\\/4a49b57693d82ed8aed27ea81234f80da517724ec1cc1f1fb4952b6cf4b80fd7?s=96&d=mm&r=g\",\"url\":\"https:\\\/\\\/secure.gravatar.com\\\/avatar\\\/4a49b57693d82ed8aed27ea81234f80da517724ec1cc1f1fb4952b6cf4b80fd7?s=96&d=mm&r=g\",\"contentUrl\":\"https:\\\/\\\/secure.gravatar.com\\\/avatar\\\/4a49b57693d82ed8aed27ea81234f80da517724ec1cc1f1fb4952b6cf4b80fd7?s=96&d=mm&r=g\",\"caption\":\"AE5GBNi67xK1QkS\"},\"url\":\"https:\\\/\\\/www.cambrapropietatgirona.com\\\/es\\\/author\\\/ae5gbni67xk1qks\\\/\"}]}<\/script>\n<!-- \/ Yoast SEO plugin. -->","yoast_head_json":{"title":"Los peque\u00f1os propietarios no pongan sus viviendas en alquiler - Cambra de la Propietat Urbana de Girona","description":"La pol\u00edtica de vivienda provoca que los peque\u00f1os propietarios no pongan sus viviendas en alquiler y se intensifica la escasez de oferta","robots":{"index":"index","follow":"follow","max-snippet":"max-snippet:-1","max-image-preview":"max-image-preview:large","max-video-preview":"max-video-preview:-1"},"canonical":"https:\/\/www.cambrapropietatgirona.com\/lactual-politica-dhabitatge-provoca-que-els-petits-propietaris-no-posin-els-habitatges-a-lloguer\/","og_locale":"es_ES","og_type":"article","og_title":"Los peque\u00f1os propietarios no pongan sus viviendas en alquiler - Cambra de la Propietat Urbana de Girona","og_description":"La pol\u00edtica de vivienda provoca que los peque\u00f1os propietarios no pongan sus viviendas en alquiler y se intensifica la escasez de oferta","og_url":"https:\/\/www.cambrapropietatgirona.com\/lactual-politica-dhabitatge-provoca-que-els-petits-propietaris-no-posin-els-habitatges-a-lloguer\/","og_site_name":"Cambra de la Propietat Urbana de Girona","article_published_time":"2025-05-26T10:51:04+00:00","og_image":[{"width":640,"height":640,"url":"https:\/\/www.cambrapropietatgirona.com\/wp-content\/uploads\/2025\/05\/cambra_26_5.jpg","type":"image\/jpeg"}],"author":"AE5GBNi67xK1QkS","twitter_card":"summary_large_image","twitter_misc":{"Written by":"AE5GBNi67xK1QkS","Est. reading time":"5 minutes"},"schema":{"@context":"https:\/\/schema.org","@graph":[{"@type":"Article","@id":"https:\/\/www.cambrapropietatgirona.com\/lactual-politica-dhabitatge-provoca-que-els-petits-propietaris-no-posin-els-habitatges-a-lloguer\/#article","isPartOf":{"@id":"https:\/\/www.cambrapropietatgirona.com\/lactual-politica-dhabitatge-provoca-que-els-petits-propietaris-no-posin-els-habitatges-a-lloguer\/"},"author":{"name":"AE5GBNi67xK1QkS","@id":"https:\/\/www.cambrapropietatgirona.com\/#\/schema\/person\/839c74db646ec3d6738ce2dcf5b3447c"},"headline":"La actual pol\u00edtica de vivienda provoca que los peque\u00f1os propietarios no pongan sus viviendas en alquiler","datePublished":"2025-05-26T10:51:04+00:00","mainEntityOfPage":{"@id":"https:\/\/www.cambrapropietatgirona.com\/lactual-politica-dhabitatge-provoca-que-els-petits-propietaris-no-posin-els-habitatges-a-lloguer\/"},"wordCount":842,"commentCount":0,"publisher":{"@id":"https:\/\/www.cambrapropietatgirona.com\/#organization"},"image":{"@id":"https:\/\/www.cambrapropietatgirona.com\/lactual-politica-dhabitatge-provoca-que-els-petits-propietaris-no-posin-els-habitatges-a-lloguer\/#primaryimage"},"thumbnailUrl":"https:\/\/www.cambrapropietatgirona.com\/wp-content\/uploads\/2025\/05\/cambra_26_5.jpg","articleSection":["Actualidad","Arrendaments"],"inLanguage":"es-ES","potentialAction":[{"@type":"CommentAction","name":"Comment","target":["https:\/\/www.cambrapropietatgirona.com\/lactual-politica-dhabitatge-provoca-que-els-petits-propietaris-no-posin-els-habitatges-a-lloguer\/#respond"]}]},{"@type":"WebPage","@id":"https:\/\/www.cambrapropietatgirona.com\/lactual-politica-dhabitatge-provoca-que-els-petits-propietaris-no-posin-els-habitatges-a-lloguer\/","url":"https:\/\/www.cambrapropietatgirona.com\/lactual-politica-dhabitatge-provoca-que-els-petits-propietaris-no-posin-els-habitatges-a-lloguer\/","name":"Los peque\u00f1os propietarios no pongan sus viviendas en alquiler - Cambra de la Propietat Urbana de Girona","isPartOf":{"@id":"https:\/\/www.cambrapropietatgirona.com\/#website"},"primaryImageOfPage":{"@id":"https:\/\/www.cambrapropietatgirona.com\/lactual-politica-dhabitatge-provoca-que-els-petits-propietaris-no-posin-els-habitatges-a-lloguer\/#primaryimage"},"image":{"@id":"https:\/\/www.cambrapropietatgirona.com\/lactual-politica-dhabitatge-provoca-que-els-petits-propietaris-no-posin-els-habitatges-a-lloguer\/#primaryimage"},"thumbnailUrl":"https:\/\/www.cambrapropietatgirona.com\/wp-content\/uploads\/2025\/05\/cambra_26_5.jpg","datePublished":"2025-05-26T10:51:04+00:00","description":"La pol\u00edtica de vivienda provoca que los peque\u00f1os propietarios no pongan sus viviendas en alquiler y se intensifica la escasez de oferta","breadcrumb":{"@id":"https:\/\/www.cambrapropietatgirona.com\/lactual-politica-dhabitatge-provoca-que-els-petits-propietaris-no-posin-els-habitatges-a-lloguer\/#breadcrumb"},"inLanguage":"es-ES","potentialAction":[{"@type":"ReadAction","target":["https:\/\/www.cambrapropietatgirona.com\/lactual-politica-dhabitatge-provoca-que-els-petits-propietaris-no-posin-els-habitatges-a-lloguer\/"]}]},{"@type":"ImageObject","inLanguage":"es-ES","@id":"https:\/\/www.cambrapropietatgirona.com\/lactual-politica-dhabitatge-provoca-que-els-petits-propietaris-no-posin-els-habitatges-a-lloguer\/#primaryimage","url":"https:\/\/www.cambrapropietatgirona.com\/wp-content\/uploads\/2025\/05\/cambra_26_5.jpg","contentUrl":"https:\/\/www.cambrapropietatgirona.com\/wp-content\/uploads\/2025\/05\/cambra_26_5.jpg","width":640,"height":640,"caption":"Problema de l'habitatge"},{"@type":"BreadcrumbList","@id":"https:\/\/www.cambrapropietatgirona.com\/lactual-politica-dhabitatge-provoca-que-els-petits-propietaris-no-posin-els-habitatges-a-lloguer\/#breadcrumb","itemListElement":[{"@type":"ListItem","position":1,"name":"Inici","item":"https:\/\/www.cambrapropietatgirona.com\/"},{"@type":"ListItem","position":2,"name":"La actual pol\u00edtica de vivienda provoca que los peque\u00f1os propietarios no pongan sus viviendas en alquiler"}]},{"@type":"WebSite","@id":"https:\/\/www.cambrapropietatgirona.com\/#website","url":"https:\/\/www.cambrapropietatgirona.com\/","name":"Cambra de la Propietat Urbana de Girona","description":"Serveis immobiliaris integrals als propietaris","publisher":{"@id":"https:\/\/www.cambrapropietatgirona.com\/#organization"},"potentialAction":[{"@type":"SearchAction","target":{"@type":"EntryPoint","urlTemplate":"https:\/\/www.cambrapropietatgirona.com\/?s={search_term_string}"},"query-input":{"@type":"PropertyValueSpecification","valueRequired":true,"valueName":"search_term_string"}}],"inLanguage":"es-ES"},{"@type":"Organization","@id":"https:\/\/www.cambrapropietatgirona.com\/#organization","name":"Cambra de la Propietat Urbana de Girona","url":"https:\/\/www.cambrapropietatgirona.com\/","logo":{"@type":"ImageObject","inLanguage":"es-ES","@id":"https:\/\/www.cambrapropietatgirona.com\/#\/schema\/logo\/image\/","url":"https:\/\/www.cambrapropietatgirona.com\/wp-content\/uploads\/2018\/01\/favicon.jpg","contentUrl":"https:\/\/www.cambrapropietatgirona.com\/wp-content\/uploads\/2018\/01\/favicon.jpg","width":277,"height":269,"caption":"Cambra de la Propietat Urbana de Girona"},"image":{"@id":"https:\/\/www.cambrapropietatgirona.com\/#\/schema\/logo\/image\/"}},{"@type":"Person","@id":"https:\/\/www.cambrapropietatgirona.com\/#\/schema\/person\/839c74db646ec3d6738ce2dcf5b3447c","name":"AE5GBNi67xK1QkS","image":{"@type":"ImageObject","inLanguage":"es-ES","@id":"https:\/\/secure.gravatar.com\/avatar\/4a49b57693d82ed8aed27ea81234f80da517724ec1cc1f1fb4952b6cf4b80fd7?s=96&d=mm&r=g","url":"https:\/\/secure.gravatar.com\/avatar\/4a49b57693d82ed8aed27ea81234f80da517724ec1cc1f1fb4952b6cf4b80fd7?s=96&d=mm&r=g","contentUrl":"https:\/\/secure.gravatar.com\/avatar\/4a49b57693d82ed8aed27ea81234f80da517724ec1cc1f1fb4952b6cf4b80fd7?s=96&d=mm&r=g","caption":"AE5GBNi67xK1QkS"},"url":"https:\/\/www.cambrapropietatgirona.com\/es\/author\/ae5gbni67xk1qks\/"}]}},"_links":{"self":[{"href":"https:\/\/www.cambrapropietatgirona.com\/es\/wp-json\/wp\/v2\/posts\/5857","targetHints":{"allow":["GET"]}}],"collection":[{"href":"https:\/\/www.cambrapropietatgirona.com\/es\/wp-json\/wp\/v2\/posts"}],"about":[{"href":"https:\/\/www.cambrapropietatgirona.com\/es\/wp-json\/wp\/v2\/types\/post"}],"author":[{"embeddable":true,"href":"https:\/\/www.cambrapropietatgirona.com\/es\/wp-json\/wp\/v2\/users\/1"}],"replies":[{"embeddable":true,"href":"https:\/\/www.cambrapropietatgirona.com\/es\/wp-json\/wp\/v2\/comments?post=5857"}],"version-history":[{"count":2,"href":"https:\/\/www.cambrapropietatgirona.com\/es\/wp-json\/wp\/v2\/posts\/5857\/revisions"}],"predecessor-version":[{"id":5859,"href":"https:\/\/www.cambrapropietatgirona.com\/es\/wp-json\/wp\/v2\/posts\/5857\/revisions\/5859"}],"wp:featuredmedia":[{"embeddable":true,"href":"https:\/\/www.cambrapropietatgirona.com\/es\/wp-json\/wp\/v2\/media\/5855"}],"wp:attachment":[{"href":"https:\/\/www.cambrapropietatgirona.com\/es\/wp-json\/wp\/v2\/media?parent=5857"}],"wp:term":[{"taxonomy":"category","embeddable":true,"href":"https:\/\/www.cambrapropietatgirona.com\/es\/wp-json\/wp\/v2\/categories?post=5857"},{"taxonomy":"post_tag","embeddable":true,"href":"https:\/\/www.cambrapropietatgirona.com\/es\/wp-json\/wp\/v2\/tags?post=5857"}],"curies":[{"name":"wp","href":"https:\/\/api.w.org\/{rel}","templated":true}]}}