{"id":5682,"date":"2025-02-06T16:12:23","date_gmt":"2025-02-06T15:12:23","guid":{"rendered":"https:\/\/www.cambrapropietatgirona.com\/?p=5682"},"modified":"2025-02-04T08:19:27","modified_gmt":"2025-02-04T07:19:27","slug":"te-invitamos-a-visitar-la-exposicion-el-trac-rebel-de-gerardo-d-cristante","status":"publish","type":"post","link":"https:\/\/www.cambrapropietatgirona.com\/es\/te-invitamos-a-visitar-la-exposicion-el-trac-rebel-de-gerardo-d-cristante\/","title":{"rendered":"Te invitamos a visitar la Exposici\u00f3n \u201cEl tra\u00e7 rebel\u201d, de Gerardo D. Cristante"},"content":{"rendered":"<p>La inauguraci\u00f3n de esta exposici\u00f3n tendr\u00e1 lugar este viernes 7 de febrero a las 19 h, y se podr\u00e1 visitar en la sede de la C\u00e1mara, en la calle Ciutadans, 12, de Girona, hasta el 28 de febrero, de lunes a viernes de 16 h a 19 h. Esta exhibici\u00f3n est\u00e1 organizada por los Amigos del Museo de Arte de Girona.<\/p>\n<h3><strong>Sobre la exposici\u00f3n<\/strong><\/h3>\n<p>La caligraf\u00eda japonesa, como arte moderno, es el impulso contempor\u00e1neo del movimiento Art Shod\u014d de Jap\u00f3n tras la revoluci\u00f3n de la abstracci\u00f3n caligr\u00e1fica liderada por el grupo de cal\u00edgrafos de vanguardia llamado Bokujinkai a mediados del siglo XX. Un di\u00e1logo de 10 a\u00f1os con el informalismo europeo y la abstracci\u00f3n americana fue suficiente para transformar la historia del arte.<\/p>\n<p>Yuichi Inoue, con sus obras de un solo kanji, se introdujo de lleno en el panorama art\u00edstico mundial. Las obras que se presentan aqu\u00ed se inspiran en este movimiento y en el universo del kanji, aunque no pretenden alcanzar su legibilidad, sino poner de manifiesto la cruda presencia del trazo. Toda la obra del autor puede leerse como un amoroso elogio a la torpeza. Torpeza del trazo que cultiva como un gesto de aut\u00e9ntica rebeld\u00eda frente al acabado, lo perfecto, lo limpio, lo sublime, lo controlable, lo premeditado.<\/p>\n<p>Haciendo uso de elementos cotidianos como estropajos de acero o estropajos naturales como el arbusto cola de zorro, entre otros, encontrados en los paseos por el Valle de Ll\u00e9mena para fabricar sus propios pinceles, el artista se aleja de la destreza y la zona de confort que la familiaridad con los materiales tradicionales puede generar para lanzarse al vac\u00edo incontrolado e instintivo del arte del trazo.<\/p>\n<p>Haciendo suya la premisa filos\u00f3fica de Morita Shiryuu, donde se menciona que la caligraf\u00eda recoge el movimiento din\u00e1mico de la existencia, el autor indaga en la interioridad de lo que llama el \u201ctrazo rebelde\u201d. Mediante un golpe veloz, sin pensar, huyendo de los artificios, aceptando la l\u00edquida consubstancialidad de la tinta con la vida, en plena conexi\u00f3n con la humilde mente de principiante de la tradici\u00f3n del zen y la interioridad concreta del trazo que no acepta correcciones, que ama el \u201cerror\u201d, la imperfecci\u00f3n, el misterio y el azar. Cada kanji es un universo en s\u00ed mismo, un nudo de significaciones que se abre al gesto que lo penetra y resignifica para devolverlo al mundo en un relato siempre contempor\u00e1neo.<\/p>\n","protected":false},"excerpt":{"rendered":"<p>La inauguraci\u00f3n de esta exposici\u00f3n tendr\u00e1 lugar este viernes 7 de febrero a las 19 h, y se podr\u00e1 visitar en la sede de la C\u00e1mara, en la calle Ciutadans, 12, de Girona, hasta el 28 de febrero, de lunes a viernes de 16 h a 19 h. Esta exhibici\u00f3n est\u00e1 organizada por los Amigos [&hellip;]<\/p>\n","protected":false},"author":1,"featured_media":5681,"comment_status":"open","ping_status":"open","sticky":false,"template":"","format":"standard","meta":{"_acf_changed":false,"inline_featured_image":false,"disable_featured_image":false,"footnotes":""},"categories":[13],"tags":[],"class_list":["post-5682","post","type-post","status-publish","format-standard","has-post-thumbnail","hentry","category-actualidad"],"acf":[],"yoast_head":"<!-- This site is optimized with the Yoast SEO plugin v27.5 - https:\/\/yoast.com\/product\/yoast-seo-wordpress\/ -->\n<title>Te invitamos a visitar la Exposici\u00f3n \u201cEl tra\u00e7 rebel\u201d, de Gerardo D. Cristante - Cambra de la Propietat Urbana de Girona<\/title>\n<meta name=\"description\" content=\"La inauguraci\u00f3n de esta exposici\u00f3n tendr\u00e1 lugar este viernes 7 a las 19 h, y se podr\u00e1 visitar en C\/Ciutadans, 12, de Girona, hasta el 28 de febrero\" \/>\n<meta name=\"robots\" content=\"index, follow, max-snippet:-1, max-image-preview:large, max-video-preview:-1\" \/>\n<link rel=\"canonical\" href=\"https:\/\/www.cambrapropietatgirona.com\/et-convidem-a-visitar-lexposicio-el-trac-rebel-de-gerardo-d-cristante\/\" \/>\n<meta property=\"og:locale\" content=\"es_ES\" \/>\n<meta property=\"og:type\" content=\"article\" \/>\n<meta property=\"og:title\" content=\"Te invitamos a visitar la Exposici\u00f3n \u201cEl tra\u00e7 rebel\u201d, de Gerardo D. Cristante - Cambra de la Propietat Urbana de Girona\" \/>\n<meta property=\"og:description\" content=\"La inauguraci\u00f3n de esta exposici\u00f3n tendr\u00e1 lugar este viernes 7 a las 19 h, y se podr\u00e1 visitar en C\/Ciutadans, 12, de Girona, hasta el 28 de febrero\" \/>\n<meta property=\"og:url\" content=\"https:\/\/www.cambrapropietatgirona.com\/et-convidem-a-visitar-lexposicio-el-trac-rebel-de-gerardo-d-cristante\/\" \/>\n<meta property=\"og:site_name\" content=\"Cambra de la Propietat Urbana de Girona\" \/>\n<meta property=\"article:published_time\" content=\"2025-02-06T15:12:23+00:00\" \/>\n<meta property=\"og:image\" content=\"https:\/\/www.cambrapropietatgirona.com\/wp-content\/uploads\/2025\/02\/exposicio_cambra.jpg\" \/>\n\t<meta property=\"og:image:width\" content=\"640\" \/>\n\t<meta property=\"og:image:height\" content=\"764\" \/>\n\t<meta property=\"og:image:type\" content=\"image\/jpeg\" \/>\n<meta name=\"author\" content=\"AE5GBNi67xK1QkS\" \/>\n<meta name=\"twitter:card\" content=\"summary_large_image\" \/>\n<meta name=\"twitter:label1\" content=\"Written by\" \/>\n\t<meta name=\"twitter:data1\" content=\"AE5GBNi67xK1QkS\" \/>\n\t<meta name=\"twitter:label2\" content=\"Est. reading time\" \/>\n\t<meta name=\"twitter:data2\" content=\"3 minutes\" \/>\n<script type=\"application\/ld+json\" class=\"yoast-schema-graph\">{\"@context\":\"https:\\\/\\\/schema.org\",\"@graph\":[{\"@type\":\"Article\",\"@id\":\"https:\\\/\\\/www.cambrapropietatgirona.com\\\/et-convidem-a-visitar-lexposicio-el-trac-rebel-de-gerardo-d-cristante\\\/#article\",\"isPartOf\":{\"@id\":\"https:\\\/\\\/www.cambrapropietatgirona.com\\\/et-convidem-a-visitar-lexposicio-el-trac-rebel-de-gerardo-d-cristante\\\/\"},\"author\":{\"name\":\"AE5GBNi67xK1QkS\",\"@id\":\"https:\\\/\\\/www.cambrapropietatgirona.com\\\/#\\\/schema\\\/person\\\/839c74db646ec3d6738ce2dcf5b3447c\"},\"headline\":\"Te invitamos a visitar la Exposici\u00f3n \u201cEl tra\u00e7 rebel\u201d, de Gerardo D. Cristante\",\"datePublished\":\"2025-02-06T15:12:23+00:00\",\"mainEntityOfPage\":{\"@id\":\"https:\\\/\\\/www.cambrapropietatgirona.com\\\/et-convidem-a-visitar-lexposicio-el-trac-rebel-de-gerardo-d-cristante\\\/\"},\"wordCount\":432,\"commentCount\":0,\"publisher\":{\"@id\":\"https:\\\/\\\/www.cambrapropietatgirona.com\\\/#organization\"},\"image\":{\"@id\":\"https:\\\/\\\/www.cambrapropietatgirona.com\\\/et-convidem-a-visitar-lexposicio-el-trac-rebel-de-gerardo-d-cristante\\\/#primaryimage\"},\"thumbnailUrl\":\"https:\\\/\\\/www.cambrapropietatgirona.com\\\/wp-content\\\/uploads\\\/2025\\\/02\\\/exposicio_cambra.jpg\",\"articleSection\":[\"Actualidad\"],\"inLanguage\":\"es-ES\",\"potentialAction\":[{\"@type\":\"CommentAction\",\"name\":\"Comment\",\"target\":[\"https:\\\/\\\/www.cambrapropietatgirona.com\\\/et-convidem-a-visitar-lexposicio-el-trac-rebel-de-gerardo-d-cristante\\\/#respond\"]}]},{\"@type\":\"WebPage\",\"@id\":\"https:\\\/\\\/www.cambrapropietatgirona.com\\\/et-convidem-a-visitar-lexposicio-el-trac-rebel-de-gerardo-d-cristante\\\/\",\"url\":\"https:\\\/\\\/www.cambrapropietatgirona.com\\\/et-convidem-a-visitar-lexposicio-el-trac-rebel-de-gerardo-d-cristante\\\/\",\"name\":\"Te invitamos a visitar la Exposici\u00f3n \u201cEl tra\u00e7 rebel\u201d, de Gerardo D. Cristante - Cambra de la Propietat Urbana de Girona\",\"isPartOf\":{\"@id\":\"https:\\\/\\\/www.cambrapropietatgirona.com\\\/#website\"},\"primaryImageOfPage\":{\"@id\":\"https:\\\/\\\/www.cambrapropietatgirona.com\\\/et-convidem-a-visitar-lexposicio-el-trac-rebel-de-gerardo-d-cristante\\\/#primaryimage\"},\"image\":{\"@id\":\"https:\\\/\\\/www.cambrapropietatgirona.com\\\/et-convidem-a-visitar-lexposicio-el-trac-rebel-de-gerardo-d-cristante\\\/#primaryimage\"},\"thumbnailUrl\":\"https:\\\/\\\/www.cambrapropietatgirona.com\\\/wp-content\\\/uploads\\\/2025\\\/02\\\/exposicio_cambra.jpg\",\"datePublished\":\"2025-02-06T15:12:23+00:00\",\"description\":\"La inauguraci\u00f3n de esta exposici\u00f3n tendr\u00e1 lugar este viernes 7 a las 19 h, y se podr\u00e1 visitar en C\\\/Ciutadans, 12, de Girona, hasta el 28 de febrero\",\"breadcrumb\":{\"@id\":\"https:\\\/\\\/www.cambrapropietatgirona.com\\\/et-convidem-a-visitar-lexposicio-el-trac-rebel-de-gerardo-d-cristante\\\/#breadcrumb\"},\"inLanguage\":\"es-ES\",\"potentialAction\":[{\"@type\":\"ReadAction\",\"target\":[\"https:\\\/\\\/www.cambrapropietatgirona.com\\\/et-convidem-a-visitar-lexposicio-el-trac-rebel-de-gerardo-d-cristante\\\/\"]}]},{\"@type\":\"ImageObject\",\"inLanguage\":\"es-ES\",\"@id\":\"https:\\\/\\\/www.cambrapropietatgirona.com\\\/et-convidem-a-visitar-lexposicio-el-trac-rebel-de-gerardo-d-cristante\\\/#primaryimage\",\"url\":\"https:\\\/\\\/www.cambrapropietatgirona.com\\\/wp-content\\\/uploads\\\/2025\\\/02\\\/exposicio_cambra.jpg\",\"contentUrl\":\"https:\\\/\\\/www.cambrapropietatgirona.com\\\/wp-content\\\/uploads\\\/2025\\\/02\\\/exposicio_cambra.jpg\",\"width\":640,\"height\":764,\"caption\":\"Exposici\u00f3 Cambra\"},{\"@type\":\"BreadcrumbList\",\"@id\":\"https:\\\/\\\/www.cambrapropietatgirona.com\\\/et-convidem-a-visitar-lexposicio-el-trac-rebel-de-gerardo-d-cristante\\\/#breadcrumb\",\"itemListElement\":[{\"@type\":\"ListItem\",\"position\":1,\"name\":\"Inici\",\"item\":\"https:\\\/\\\/www.cambrapropietatgirona.com\\\/\"},{\"@type\":\"ListItem\",\"position\":2,\"name\":\"Te invitamos a visitar la Exposici\u00f3n \u201cEl tra\u00e7 rebel\u201d, de Gerardo D. Cristante\"}]},{\"@type\":\"WebSite\",\"@id\":\"https:\\\/\\\/www.cambrapropietatgirona.com\\\/#website\",\"url\":\"https:\\\/\\\/www.cambrapropietatgirona.com\\\/\",\"name\":\"Cambra de la Propietat Urbana de Girona\",\"description\":\"Serveis immobiliaris integrals als propietaris\",\"publisher\":{\"@id\":\"https:\\\/\\\/www.cambrapropietatgirona.com\\\/#organization\"},\"potentialAction\":[{\"@type\":\"SearchAction\",\"target\":{\"@type\":\"EntryPoint\",\"urlTemplate\":\"https:\\\/\\\/www.cambrapropietatgirona.com\\\/?s={search_term_string}\"},\"query-input\":{\"@type\":\"PropertyValueSpecification\",\"valueRequired\":true,\"valueName\":\"search_term_string\"}}],\"inLanguage\":\"es-ES\"},{\"@type\":\"Organization\",\"@id\":\"https:\\\/\\\/www.cambrapropietatgirona.com\\\/#organization\",\"name\":\"Cambra de la Propietat Urbana de Girona\",\"url\":\"https:\\\/\\\/www.cambrapropietatgirona.com\\\/\",\"logo\":{\"@type\":\"ImageObject\",\"inLanguage\":\"es-ES\",\"@id\":\"https:\\\/\\\/www.cambrapropietatgirona.com\\\/#\\\/schema\\\/logo\\\/image\\\/\",\"url\":\"https:\\\/\\\/www.cambrapropietatgirona.com\\\/wp-content\\\/uploads\\\/2018\\\/01\\\/favicon.jpg\",\"contentUrl\":\"https:\\\/\\\/www.cambrapropietatgirona.com\\\/wp-content\\\/uploads\\\/2018\\\/01\\\/favicon.jpg\",\"width\":277,\"height\":269,\"caption\":\"Cambra de la Propietat Urbana de Girona\"},\"image\":{\"@id\":\"https:\\\/\\\/www.cambrapropietatgirona.com\\\/#\\\/schema\\\/logo\\\/image\\\/\"}},{\"@type\":\"Person\",\"@id\":\"https:\\\/\\\/www.cambrapropietatgirona.com\\\/#\\\/schema\\\/person\\\/839c74db646ec3d6738ce2dcf5b3447c\",\"name\":\"AE5GBNi67xK1QkS\",\"image\":{\"@type\":\"ImageObject\",\"inLanguage\":\"es-ES\",\"@id\":\"https:\\\/\\\/secure.gravatar.com\\\/avatar\\\/4a49b57693d82ed8aed27ea81234f80da517724ec1cc1f1fb4952b6cf4b80fd7?s=96&d=mm&r=g\",\"url\":\"https:\\\/\\\/secure.gravatar.com\\\/avatar\\\/4a49b57693d82ed8aed27ea81234f80da517724ec1cc1f1fb4952b6cf4b80fd7?s=96&d=mm&r=g\",\"contentUrl\":\"https:\\\/\\\/secure.gravatar.com\\\/avatar\\\/4a49b57693d82ed8aed27ea81234f80da517724ec1cc1f1fb4952b6cf4b80fd7?s=96&d=mm&r=g\",\"caption\":\"AE5GBNi67xK1QkS\"},\"url\":\"https:\\\/\\\/www.cambrapropietatgirona.com\\\/es\\\/author\\\/ae5gbni67xk1qks\\\/\"}]}<\/script>\n<!-- \/ Yoast SEO plugin. -->","yoast_head_json":{"title":"Te invitamos a visitar la Exposici\u00f3n \u201cEl tra\u00e7 rebel\u201d, de Gerardo D. Cristante - Cambra de la Propietat Urbana de Girona","description":"La inauguraci\u00f3n de esta exposici\u00f3n tendr\u00e1 lugar este viernes 7 a las 19 h, y se podr\u00e1 visitar en C\/Ciutadans, 12, de Girona, hasta el 28 de febrero","robots":{"index":"index","follow":"follow","max-snippet":"max-snippet:-1","max-image-preview":"max-image-preview:large","max-video-preview":"max-video-preview:-1"},"canonical":"https:\/\/www.cambrapropietatgirona.com\/et-convidem-a-visitar-lexposicio-el-trac-rebel-de-gerardo-d-cristante\/","og_locale":"es_ES","og_type":"article","og_title":"Te invitamos a visitar la Exposici\u00f3n \u201cEl tra\u00e7 rebel\u201d, de Gerardo D. Cristante - Cambra de la Propietat Urbana de Girona","og_description":"La inauguraci\u00f3n de esta exposici\u00f3n tendr\u00e1 lugar este viernes 7 a las 19 h, y se podr\u00e1 visitar en C\/Ciutadans, 12, de Girona, hasta el 28 de febrero","og_url":"https:\/\/www.cambrapropietatgirona.com\/et-convidem-a-visitar-lexposicio-el-trac-rebel-de-gerardo-d-cristante\/","og_site_name":"Cambra de la Propietat Urbana de Girona","article_published_time":"2025-02-06T15:12:23+00:00","og_image":[{"width":640,"height":764,"url":"https:\/\/www.cambrapropietatgirona.com\/wp-content\/uploads\/2025\/02\/exposicio_cambra.jpg","type":"image\/jpeg"}],"author":"AE5GBNi67xK1QkS","twitter_card":"summary_large_image","twitter_misc":{"Written by":"AE5GBNi67xK1QkS","Est. reading time":"3 minutes"},"schema":{"@context":"https:\/\/schema.org","@graph":[{"@type":"Article","@id":"https:\/\/www.cambrapropietatgirona.com\/et-convidem-a-visitar-lexposicio-el-trac-rebel-de-gerardo-d-cristante\/#article","isPartOf":{"@id":"https:\/\/www.cambrapropietatgirona.com\/et-convidem-a-visitar-lexposicio-el-trac-rebel-de-gerardo-d-cristante\/"},"author":{"name":"AE5GBNi67xK1QkS","@id":"https:\/\/www.cambrapropietatgirona.com\/#\/schema\/person\/839c74db646ec3d6738ce2dcf5b3447c"},"headline":"Te invitamos a visitar la Exposici\u00f3n \u201cEl tra\u00e7 rebel\u201d, de Gerardo D. Cristante","datePublished":"2025-02-06T15:12:23+00:00","mainEntityOfPage":{"@id":"https:\/\/www.cambrapropietatgirona.com\/et-convidem-a-visitar-lexposicio-el-trac-rebel-de-gerardo-d-cristante\/"},"wordCount":432,"commentCount":0,"publisher":{"@id":"https:\/\/www.cambrapropietatgirona.com\/#organization"},"image":{"@id":"https:\/\/www.cambrapropietatgirona.com\/et-convidem-a-visitar-lexposicio-el-trac-rebel-de-gerardo-d-cristante\/#primaryimage"},"thumbnailUrl":"https:\/\/www.cambrapropietatgirona.com\/wp-content\/uploads\/2025\/02\/exposicio_cambra.jpg","articleSection":["Actualidad"],"inLanguage":"es-ES","potentialAction":[{"@type":"CommentAction","name":"Comment","target":["https:\/\/www.cambrapropietatgirona.com\/et-convidem-a-visitar-lexposicio-el-trac-rebel-de-gerardo-d-cristante\/#respond"]}]},{"@type":"WebPage","@id":"https:\/\/www.cambrapropietatgirona.com\/et-convidem-a-visitar-lexposicio-el-trac-rebel-de-gerardo-d-cristante\/","url":"https:\/\/www.cambrapropietatgirona.com\/et-convidem-a-visitar-lexposicio-el-trac-rebel-de-gerardo-d-cristante\/","name":"Te invitamos a visitar la Exposici\u00f3n \u201cEl tra\u00e7 rebel\u201d, de Gerardo D. Cristante - Cambra de la Propietat Urbana de Girona","isPartOf":{"@id":"https:\/\/www.cambrapropietatgirona.com\/#website"},"primaryImageOfPage":{"@id":"https:\/\/www.cambrapropietatgirona.com\/et-convidem-a-visitar-lexposicio-el-trac-rebel-de-gerardo-d-cristante\/#primaryimage"},"image":{"@id":"https:\/\/www.cambrapropietatgirona.com\/et-convidem-a-visitar-lexposicio-el-trac-rebel-de-gerardo-d-cristante\/#primaryimage"},"thumbnailUrl":"https:\/\/www.cambrapropietatgirona.com\/wp-content\/uploads\/2025\/02\/exposicio_cambra.jpg","datePublished":"2025-02-06T15:12:23+00:00","description":"La inauguraci\u00f3n de esta exposici\u00f3n tendr\u00e1 lugar este viernes 7 a las 19 h, y se podr\u00e1 visitar en C\/Ciutadans, 12, de Girona, hasta el 28 de febrero","breadcrumb":{"@id":"https:\/\/www.cambrapropietatgirona.com\/et-convidem-a-visitar-lexposicio-el-trac-rebel-de-gerardo-d-cristante\/#breadcrumb"},"inLanguage":"es-ES","potentialAction":[{"@type":"ReadAction","target":["https:\/\/www.cambrapropietatgirona.com\/et-convidem-a-visitar-lexposicio-el-trac-rebel-de-gerardo-d-cristante\/"]}]},{"@type":"ImageObject","inLanguage":"es-ES","@id":"https:\/\/www.cambrapropietatgirona.com\/et-convidem-a-visitar-lexposicio-el-trac-rebel-de-gerardo-d-cristante\/#primaryimage","url":"https:\/\/www.cambrapropietatgirona.com\/wp-content\/uploads\/2025\/02\/exposicio_cambra.jpg","contentUrl":"https:\/\/www.cambrapropietatgirona.com\/wp-content\/uploads\/2025\/02\/exposicio_cambra.jpg","width":640,"height":764,"caption":"Exposici\u00f3 Cambra"},{"@type":"BreadcrumbList","@id":"https:\/\/www.cambrapropietatgirona.com\/et-convidem-a-visitar-lexposicio-el-trac-rebel-de-gerardo-d-cristante\/#breadcrumb","itemListElement":[{"@type":"ListItem","position":1,"name":"Inici","item":"https:\/\/www.cambrapropietatgirona.com\/"},{"@type":"ListItem","position":2,"name":"Te invitamos a visitar la Exposici\u00f3n \u201cEl tra\u00e7 rebel\u201d, de Gerardo D. Cristante"}]},{"@type":"WebSite","@id":"https:\/\/www.cambrapropietatgirona.com\/#website","url":"https:\/\/www.cambrapropietatgirona.com\/","name":"Cambra de la Propietat Urbana de Girona","description":"Serveis immobiliaris integrals als propietaris","publisher":{"@id":"https:\/\/www.cambrapropietatgirona.com\/#organization"},"potentialAction":[{"@type":"SearchAction","target":{"@type":"EntryPoint","urlTemplate":"https:\/\/www.cambrapropietatgirona.com\/?s={search_term_string}"},"query-input":{"@type":"PropertyValueSpecification","valueRequired":true,"valueName":"search_term_string"}}],"inLanguage":"es-ES"},{"@type":"Organization","@id":"https:\/\/www.cambrapropietatgirona.com\/#organization","name":"Cambra de la Propietat Urbana de Girona","url":"https:\/\/www.cambrapropietatgirona.com\/","logo":{"@type":"ImageObject","inLanguage":"es-ES","@id":"https:\/\/www.cambrapropietatgirona.com\/#\/schema\/logo\/image\/","url":"https:\/\/www.cambrapropietatgirona.com\/wp-content\/uploads\/2018\/01\/favicon.jpg","contentUrl":"https:\/\/www.cambrapropietatgirona.com\/wp-content\/uploads\/2018\/01\/favicon.jpg","width":277,"height":269,"caption":"Cambra de la Propietat Urbana de Girona"},"image":{"@id":"https:\/\/www.cambrapropietatgirona.com\/#\/schema\/logo\/image\/"}},{"@type":"Person","@id":"https:\/\/www.cambrapropietatgirona.com\/#\/schema\/person\/839c74db646ec3d6738ce2dcf5b3447c","name":"AE5GBNi67xK1QkS","image":{"@type":"ImageObject","inLanguage":"es-ES","@id":"https:\/\/secure.gravatar.com\/avatar\/4a49b57693d82ed8aed27ea81234f80da517724ec1cc1f1fb4952b6cf4b80fd7?s=96&d=mm&r=g","url":"https:\/\/secure.gravatar.com\/avatar\/4a49b57693d82ed8aed27ea81234f80da517724ec1cc1f1fb4952b6cf4b80fd7?s=96&d=mm&r=g","contentUrl":"https:\/\/secure.gravatar.com\/avatar\/4a49b57693d82ed8aed27ea81234f80da517724ec1cc1f1fb4952b6cf4b80fd7?s=96&d=mm&r=g","caption":"AE5GBNi67xK1QkS"},"url":"https:\/\/www.cambrapropietatgirona.com\/es\/author\/ae5gbni67xk1qks\/"}]}},"_links":{"self":[{"href":"https:\/\/www.cambrapropietatgirona.com\/es\/wp-json\/wp\/v2\/posts\/5682","targetHints":{"allow":["GET"]}}],"collection":[{"href":"https:\/\/www.cambrapropietatgirona.com\/es\/wp-json\/wp\/v2\/posts"}],"about":[{"href":"https:\/\/www.cambrapropietatgirona.com\/es\/wp-json\/wp\/v2\/types\/post"}],"author":[{"embeddable":true,"href":"https:\/\/www.cambrapropietatgirona.com\/es\/wp-json\/wp\/v2\/users\/1"}],"replies":[{"embeddable":true,"href":"https:\/\/www.cambrapropietatgirona.com\/es\/wp-json\/wp\/v2\/comments?post=5682"}],"version-history":[{"count":2,"href":"https:\/\/www.cambrapropietatgirona.com\/es\/wp-json\/wp\/v2\/posts\/5682\/revisions"}],"predecessor-version":[{"id":5684,"href":"https:\/\/www.cambrapropietatgirona.com\/es\/wp-json\/wp\/v2\/posts\/5682\/revisions\/5684"}],"wp:featuredmedia":[{"embeddable":true,"href":"https:\/\/www.cambrapropietatgirona.com\/es\/wp-json\/wp\/v2\/media\/5681"}],"wp:attachment":[{"href":"https:\/\/www.cambrapropietatgirona.com\/es\/wp-json\/wp\/v2\/media?parent=5682"}],"wp:term":[{"taxonomy":"category","embeddable":true,"href":"https:\/\/www.cambrapropietatgirona.com\/es\/wp-json\/wp\/v2\/categories?post=5682"},{"taxonomy":"post_tag","embeddable":true,"href":"https:\/\/www.cambrapropietatgirona.com\/es\/wp-json\/wp\/v2\/tags?post=5682"}],"curies":[{"name":"wp","href":"https:\/\/api.w.org\/{rel}","templated":true}]}}