{"id":5626,"date":"2025-01-08T11:26:52","date_gmt":"2025-01-08T10:26:52","guid":{"rendered":"https:\/\/www.cambrapropietatgirona.com\/els-contractes-de-curta-durada-sota-control-estricte\/"},"modified":"2025-01-08T11:43:51","modified_gmt":"2025-01-08T10:43:51","slug":"los-contratos-de-corta-duracion-bajo-control-estricto","status":"publish","type":"post","link":"https:\/\/www.cambrapropietatgirona.com\/es\/los-contratos-de-corta-duracion-bajo-control-estricto\/","title":{"rendered":"Los contratos de corta duraci\u00f3n, bajo control estricto"},"content":{"rendered":"<p>Desde este 2 de enero ya est\u00e1 en vigor la nueva regulaci\u00f3n de los contratos de corta duraci\u00f3n. Sin embargo, <strong>su aplicaci\u00f3n se demorar\u00e1 hasta el 1 de julio para dar un plazo que permita generar las herramientas tecnol\u00f3gicas necesarias para su implementaci\u00f3n<\/strong>.<\/p>\n<p>La regulaci\u00f3n afecta a todos los contratos de corta duraci\u00f3n, ya sea para uso tur\u00edstico o no, de viviendas completas, partes de ellas o habitaciones. Por lo tanto, afecta de lleno a todas las modalidades de temporada, incluyendo aquellos contratos de temporada habitualmente utilizados por estudiantes, desplazados laborales o por cualquier otra circunstancia, que los diferencia de los contratos de residencia habitual. En cualquier caso, estas viviendas deben contar con el mobiliario y equipamiento necesario para el uso al que est\u00e1n destinadas.<\/p>\n<h4><strong>\u00bfEn qu\u00e9 consiste esta regulaci\u00f3n?<\/strong><\/h4>\n<p><strong>Todos estos alquileres estar\u00e1n obligados a obtener un n\u00famero de registro \u00fanico que facilitar\u00e1 el Registro de la Propiedad.<\/strong> Adem\u00e1s, sin este registro previo no se podr\u00e1 publicar ning\u00fan anuncio en las plataformas digitales, que son el medio habitual para ofrecer estos alquileres.<\/p>\n<p>Para obtener el n\u00famero de registro, ser\u00e1 necesario identificar el inmueble con la direcci\u00f3n, el n\u00famero de identificaci\u00f3n registral y el n\u00famero de referencia catastral, especificar si se alquila de forma parcial, total o por habitaciones, si es parte de la residencia principal o secundaria del arrendador, el n\u00famero m\u00e1ximo de personas arrendatarias, si el arrendamiento est\u00e1 sujeto a licencia o si se alquila con finalidad tur\u00edstica o no. Tambi\u00e9n se requerir\u00e1n varios datos identificativos del arrendador solicitante.<\/p>\n<p>Si se mantienen los requisitos mencionados, el n\u00famero de registro se prorrogar\u00e1 anualmente, siempre que el arrendador cumpla con la <strong>obligaci\u00f3n de presentar cada 12 meses el listado de los arrendamientos constituidos y la finalidad tur\u00edstica o no de los mismos<\/strong>.<\/p>\n<h4><strong>Ventanilla \u00fanica digital de arrendamientos<\/strong><\/h4>\n<p>Por otra parte, se ha creado la Ventanilla \u00danica Digital de Arrendamientos, que depende del Ministerio de Vivienda. Esta herramienta servir\u00e1 para <strong>gestionar la transmisi\u00f3n electr\u00f3nica de datos entre las plataformas que ofrecen alquileres de corta duraci\u00f3n online y la Administraci\u00f3n<\/strong>. Estas plataformas digitales estar\u00e1n obligadas a facilitar, a trav\u00e9s de esta v\u00eda y a la Administraci\u00f3n, toda la actividad que hayan tenido todas y cada una de las unidades inmobiliarias, identificadas seg\u00fan su n\u00famero de Registro, con la direcci\u00f3n espec\u00edfica e identificaci\u00f3n de la URL de los anuncios publicados.<\/p>\n<p>Esta ventanilla \u00fanica tambi\u00e9n permitir\u00e1 las comprobaciones oportunas que deben realizar tanto las plataformas como las diferentes administraciones para verificar que los arrendadores y sus inmuebles cumplen con las obligaciones y requisitos establecidos por esta normativa en la gesti\u00f3n de los arrendamientos de corta duraci\u00f3n.<\/p>\n<h4><strong>Objetivos de la nueva regulaci\u00f3n<\/strong><\/h4>\n<p>La regulaci\u00f3n descrita tiene como objetivo dar cumplimiento al Reglamento 2024\/1028 del Parlamento Europeo y as\u00ed <strong>mejorar la transparencia y la seguridad jur\u00eddica<\/strong> de los servicios de arrendamiento de corta duraci\u00f3n, <strong>reforzar que los arrendamientos de temporada se ajusten a los supuestos previstos en la Ley de Arrendamientos Urbanos<\/strong> y <strong>garantizar que las viviendas de uso tur\u00edstico se adecuen a las regulaciones<\/strong> que les son propias.<\/p>\n<p>&nbsp;<\/p>\n","protected":false},"excerpt":{"rendered":"<p>Desde este 2 de enero ya est\u00e1 en vigor la nueva regulaci\u00f3n de los contratos de corta duraci\u00f3n. Sin embargo, su aplicaci\u00f3n se demorar\u00e1 hasta el 1 de julio para dar un plazo que permita generar las herramientas tecnol\u00f3gicas necesarias para su implementaci\u00f3n. La regulaci\u00f3n afecta a todos los contratos de corta duraci\u00f3n, ya sea [&hellip;]<\/p>\n","protected":false},"author":1,"featured_media":5625,"comment_status":"open","ping_status":"open","sticky":false,"template":"","format":"standard","meta":{"_acf_changed":false,"inline_featured_image":false,"disable_featured_image":false,"footnotes":""},"categories":[13,968],"tags":[],"class_list":["post-5626","post","type-post","status-publish","format-standard","has-post-thumbnail","hentry","category-actualidad","category-lloguers-de-temporada-es"],"acf":[],"yoast_head":"<!-- This site is optimized with the Yoast SEO plugin v27.4 - https:\/\/yoast.com\/product\/yoast-seo-wordpress\/ -->\n<title>Los contratos de corta duraci\u00f3n, bajo control estricto - Cambra de la Propietat Urbana de Girona<\/title>\n<meta name=\"description\" content=\"Nueva regulaci\u00f3n de los contratos de corta duraci\u00f3n. Todos estos alquileres deben obtener un n\u00famero de registro \u00fanico\" \/>\n<meta name=\"robots\" content=\"index, follow, max-snippet:-1, max-image-preview:large, max-video-preview:-1\" \/>\n<link rel=\"canonical\" href=\"https:\/\/www.cambrapropietatgirona.com\/es\/los-contratos-de-corta-duracion-bajo-control-estricto\/\" \/>\n<meta property=\"og:locale\" content=\"es_ES\" \/>\n<meta property=\"og:type\" content=\"article\" \/>\n<meta property=\"og:title\" content=\"Los contratos de corta duraci\u00f3n, bajo control estricto - Cambra de la Propietat Urbana de Girona\" \/>\n<meta property=\"og:description\" content=\"Nueva regulaci\u00f3n de los contratos de corta duraci\u00f3n. Todos estos alquileres deben obtener un n\u00famero de registro \u00fanico\" \/>\n<meta property=\"og:url\" content=\"https:\/\/www.cambrapropietatgirona.com\/es\/los-contratos-de-corta-duracion-bajo-control-estricto\/\" \/>\n<meta property=\"og:site_name\" content=\"Cambra de la Propietat Urbana de Girona\" \/>\n<meta property=\"article:published_time\" content=\"2025-01-08T10:26:52+00:00\" \/>\n<meta property=\"article:modified_time\" content=\"2025-01-08T10:43:51+00:00\" \/>\n<meta property=\"og:image\" content=\"http:\/\/www.cambrapropietatgirona.com\/wp-content\/uploads\/2025\/01\/cambra_propietat.jpg\" \/>\n\t<meta property=\"og:image:width\" content=\"640\" \/>\n\t<meta property=\"og:image:height\" content=\"640\" \/>\n\t<meta property=\"og:image:type\" content=\"image\/jpeg\" \/>\n<meta name=\"author\" content=\"AE5GBNi67xK1QkS\" \/>\n<meta name=\"twitter:card\" content=\"summary_large_image\" \/>\n<meta name=\"twitter:label1\" content=\"Written by\" \/>\n\t<meta name=\"twitter:data1\" content=\"AE5GBNi67xK1QkS\" \/>\n\t<meta name=\"twitter:label2\" content=\"Est. reading time\" \/>\n\t<meta name=\"twitter:data2\" content=\"3 minutes\" \/>\n<script type=\"application\/ld+json\" class=\"yoast-schema-graph\">{\"@context\":\"https:\\\/\\\/schema.org\",\"@graph\":[{\"@type\":\"Article\",\"@id\":\"https:\\\/\\\/www.cambrapropietatgirona.com\\\/es\\\/los-contratos-de-corta-duracion-bajo-control-estricto\\\/#article\",\"isPartOf\":{\"@id\":\"https:\\\/\\\/www.cambrapropietatgirona.com\\\/es\\\/los-contratos-de-corta-duracion-bajo-control-estricto\\\/\"},\"author\":{\"name\":\"AE5GBNi67xK1QkS\",\"@id\":\"https:\\\/\\\/www.cambrapropietatgirona.com\\\/#\\\/schema\\\/person\\\/839c74db646ec3d6738ce2dcf5b3447c\"},\"headline\":\"Los contratos de corta duraci\u00f3n, bajo control estricto\",\"datePublished\":\"2025-01-08T10:26:52+00:00\",\"dateModified\":\"2025-01-08T10:43:51+00:00\",\"mainEntityOfPage\":{\"@id\":\"https:\\\/\\\/www.cambrapropietatgirona.com\\\/es\\\/los-contratos-de-corta-duracion-bajo-control-estricto\\\/\"},\"wordCount\":557,\"commentCount\":0,\"publisher\":{\"@id\":\"https:\\\/\\\/www.cambrapropietatgirona.com\\\/#organization\"},\"image\":{\"@id\":\"https:\\\/\\\/www.cambrapropietatgirona.com\\\/es\\\/los-contratos-de-corta-duracion-bajo-control-estricto\\\/#primaryimage\"},\"thumbnailUrl\":\"https:\\\/\\\/www.cambrapropietatgirona.com\\\/wp-content\\\/uploads\\\/2025\\\/01\\\/cambra_propietat.jpg\",\"articleSection\":[\"Actualidad\",\"Lloguers de temporada\"],\"inLanguage\":\"es-ES\",\"potentialAction\":[{\"@type\":\"CommentAction\",\"name\":\"Comment\",\"target\":[\"https:\\\/\\\/www.cambrapropietatgirona.com\\\/es\\\/los-contratos-de-corta-duracion-bajo-control-estricto\\\/#respond\"]}]},{\"@type\":\"WebPage\",\"@id\":\"https:\\\/\\\/www.cambrapropietatgirona.com\\\/es\\\/los-contratos-de-corta-duracion-bajo-control-estricto\\\/\",\"url\":\"https:\\\/\\\/www.cambrapropietatgirona.com\\\/es\\\/los-contratos-de-corta-duracion-bajo-control-estricto\\\/\",\"name\":\"Los contratos de corta duraci\u00f3n, bajo control estricto - Cambra de la Propietat Urbana de Girona\",\"isPartOf\":{\"@id\":\"https:\\\/\\\/www.cambrapropietatgirona.com\\\/#website\"},\"primaryImageOfPage\":{\"@id\":\"https:\\\/\\\/www.cambrapropietatgirona.com\\\/es\\\/los-contratos-de-corta-duracion-bajo-control-estricto\\\/#primaryimage\"},\"image\":{\"@id\":\"https:\\\/\\\/www.cambrapropietatgirona.com\\\/es\\\/los-contratos-de-corta-duracion-bajo-control-estricto\\\/#primaryimage\"},\"thumbnailUrl\":\"https:\\\/\\\/www.cambrapropietatgirona.com\\\/wp-content\\\/uploads\\\/2025\\\/01\\\/cambra_propietat.jpg\",\"datePublished\":\"2025-01-08T10:26:52+00:00\",\"dateModified\":\"2025-01-08T10:43:51+00:00\",\"description\":\"Nueva regulaci\u00f3n de los contratos de corta duraci\u00f3n. Todos estos alquileres deben obtener un n\u00famero de registro \u00fanico\",\"breadcrumb\":{\"@id\":\"https:\\\/\\\/www.cambrapropietatgirona.com\\\/es\\\/los-contratos-de-corta-duracion-bajo-control-estricto\\\/#breadcrumb\"},\"inLanguage\":\"es-ES\",\"potentialAction\":[{\"@type\":\"ReadAction\",\"target\":[\"https:\\\/\\\/www.cambrapropietatgirona.com\\\/es\\\/los-contratos-de-corta-duracion-bajo-control-estricto\\\/\"]}]},{\"@type\":\"ImageObject\",\"inLanguage\":\"es-ES\",\"@id\":\"https:\\\/\\\/www.cambrapropietatgirona.com\\\/es\\\/los-contratos-de-corta-duracion-bajo-control-estricto\\\/#primaryimage\",\"url\":\"https:\\\/\\\/www.cambrapropietatgirona.com\\\/wp-content\\\/uploads\\\/2025\\\/01\\\/cambra_propietat.jpg\",\"contentUrl\":\"https:\\\/\\\/www.cambrapropietatgirona.com\\\/wp-content\\\/uploads\\\/2025\\\/01\\\/cambra_propietat.jpg\",\"width\":640,\"height\":640,\"caption\":\"contractes de curta durada\"},{\"@type\":\"BreadcrumbList\",\"@id\":\"https:\\\/\\\/www.cambrapropietatgirona.com\\\/es\\\/los-contratos-de-corta-duracion-bajo-control-estricto\\\/#breadcrumb\",\"itemListElement\":[{\"@type\":\"ListItem\",\"position\":1,\"name\":\"Inici\",\"item\":\"https:\\\/\\\/www.cambrapropietatgirona.com\\\/\"},{\"@type\":\"ListItem\",\"position\":2,\"name\":\"Los contratos de corta duraci\u00f3n, bajo control estricto\"}]},{\"@type\":\"WebSite\",\"@id\":\"https:\\\/\\\/www.cambrapropietatgirona.com\\\/#website\",\"url\":\"https:\\\/\\\/www.cambrapropietatgirona.com\\\/\",\"name\":\"Cambra de la Propietat Urbana de Girona\",\"description\":\"Serveis immobiliaris integrals als propietaris\",\"publisher\":{\"@id\":\"https:\\\/\\\/www.cambrapropietatgirona.com\\\/#organization\"},\"potentialAction\":[{\"@type\":\"SearchAction\",\"target\":{\"@type\":\"EntryPoint\",\"urlTemplate\":\"https:\\\/\\\/www.cambrapropietatgirona.com\\\/?s={search_term_string}\"},\"query-input\":{\"@type\":\"PropertyValueSpecification\",\"valueRequired\":true,\"valueName\":\"search_term_string\"}}],\"inLanguage\":\"es-ES\"},{\"@type\":\"Organization\",\"@id\":\"https:\\\/\\\/www.cambrapropietatgirona.com\\\/#organization\",\"name\":\"Cambra de la Propietat Urbana de Girona\",\"url\":\"https:\\\/\\\/www.cambrapropietatgirona.com\\\/\",\"logo\":{\"@type\":\"ImageObject\",\"inLanguage\":\"es-ES\",\"@id\":\"https:\\\/\\\/www.cambrapropietatgirona.com\\\/#\\\/schema\\\/logo\\\/image\\\/\",\"url\":\"https:\\\/\\\/www.cambrapropietatgirona.com\\\/wp-content\\\/uploads\\\/2018\\\/01\\\/favicon.jpg\",\"contentUrl\":\"https:\\\/\\\/www.cambrapropietatgirona.com\\\/wp-content\\\/uploads\\\/2018\\\/01\\\/favicon.jpg\",\"width\":277,\"height\":269,\"caption\":\"Cambra de la Propietat Urbana de Girona\"},\"image\":{\"@id\":\"https:\\\/\\\/www.cambrapropietatgirona.com\\\/#\\\/schema\\\/logo\\\/image\\\/\"}},{\"@type\":\"Person\",\"@id\":\"https:\\\/\\\/www.cambrapropietatgirona.com\\\/#\\\/schema\\\/person\\\/839c74db646ec3d6738ce2dcf5b3447c\",\"name\":\"AE5GBNi67xK1QkS\",\"image\":{\"@type\":\"ImageObject\",\"inLanguage\":\"es-ES\",\"@id\":\"https:\\\/\\\/secure.gravatar.com\\\/avatar\\\/4a49b57693d82ed8aed27ea81234f80da517724ec1cc1f1fb4952b6cf4b80fd7?s=96&d=mm&r=g\",\"url\":\"https:\\\/\\\/secure.gravatar.com\\\/avatar\\\/4a49b57693d82ed8aed27ea81234f80da517724ec1cc1f1fb4952b6cf4b80fd7?s=96&d=mm&r=g\",\"contentUrl\":\"https:\\\/\\\/secure.gravatar.com\\\/avatar\\\/4a49b57693d82ed8aed27ea81234f80da517724ec1cc1f1fb4952b6cf4b80fd7?s=96&d=mm&r=g\",\"caption\":\"AE5GBNi67xK1QkS\"},\"url\":\"https:\\\/\\\/www.cambrapropietatgirona.com\\\/es\\\/author\\\/ae5gbni67xk1qks\\\/\"}]}<\/script>\n<!-- \/ Yoast SEO plugin. -->","yoast_head_json":{"title":"Los contratos de corta duraci\u00f3n, bajo control estricto - Cambra de la Propietat Urbana de Girona","description":"Nueva regulaci\u00f3n de los contratos de corta duraci\u00f3n. Todos estos alquileres deben obtener un n\u00famero de registro \u00fanico","robots":{"index":"index","follow":"follow","max-snippet":"max-snippet:-1","max-image-preview":"max-image-preview:large","max-video-preview":"max-video-preview:-1"},"canonical":"https:\/\/www.cambrapropietatgirona.com\/es\/los-contratos-de-corta-duracion-bajo-control-estricto\/","og_locale":"es_ES","og_type":"article","og_title":"Los contratos de corta duraci\u00f3n, bajo control estricto - Cambra de la Propietat Urbana de Girona","og_description":"Nueva regulaci\u00f3n de los contratos de corta duraci\u00f3n. Todos estos alquileres deben obtener un n\u00famero de registro \u00fanico","og_url":"https:\/\/www.cambrapropietatgirona.com\/es\/los-contratos-de-corta-duracion-bajo-control-estricto\/","og_site_name":"Cambra de la Propietat Urbana de Girona","article_published_time":"2025-01-08T10:26:52+00:00","article_modified_time":"2025-01-08T10:43:51+00:00","og_image":[{"width":640,"height":640,"url":"http:\/\/www.cambrapropietatgirona.com\/wp-content\/uploads\/2025\/01\/cambra_propietat.jpg","type":"image\/jpeg"}],"author":"AE5GBNi67xK1QkS","twitter_card":"summary_large_image","twitter_misc":{"Written by":"AE5GBNi67xK1QkS","Est. reading time":"3 minutes"},"schema":{"@context":"https:\/\/schema.org","@graph":[{"@type":"Article","@id":"https:\/\/www.cambrapropietatgirona.com\/es\/los-contratos-de-corta-duracion-bajo-control-estricto\/#article","isPartOf":{"@id":"https:\/\/www.cambrapropietatgirona.com\/es\/los-contratos-de-corta-duracion-bajo-control-estricto\/"},"author":{"name":"AE5GBNi67xK1QkS","@id":"https:\/\/www.cambrapropietatgirona.com\/#\/schema\/person\/839c74db646ec3d6738ce2dcf5b3447c"},"headline":"Los contratos de corta duraci\u00f3n, bajo control estricto","datePublished":"2025-01-08T10:26:52+00:00","dateModified":"2025-01-08T10:43:51+00:00","mainEntityOfPage":{"@id":"https:\/\/www.cambrapropietatgirona.com\/es\/los-contratos-de-corta-duracion-bajo-control-estricto\/"},"wordCount":557,"commentCount":0,"publisher":{"@id":"https:\/\/www.cambrapropietatgirona.com\/#organization"},"image":{"@id":"https:\/\/www.cambrapropietatgirona.com\/es\/los-contratos-de-corta-duracion-bajo-control-estricto\/#primaryimage"},"thumbnailUrl":"https:\/\/www.cambrapropietatgirona.com\/wp-content\/uploads\/2025\/01\/cambra_propietat.jpg","articleSection":["Actualidad","Lloguers de temporada"],"inLanguage":"es-ES","potentialAction":[{"@type":"CommentAction","name":"Comment","target":["https:\/\/www.cambrapropietatgirona.com\/es\/los-contratos-de-corta-duracion-bajo-control-estricto\/#respond"]}]},{"@type":"WebPage","@id":"https:\/\/www.cambrapropietatgirona.com\/es\/los-contratos-de-corta-duracion-bajo-control-estricto\/","url":"https:\/\/www.cambrapropietatgirona.com\/es\/los-contratos-de-corta-duracion-bajo-control-estricto\/","name":"Los contratos de corta duraci\u00f3n, bajo control estricto - Cambra de la Propietat Urbana de Girona","isPartOf":{"@id":"https:\/\/www.cambrapropietatgirona.com\/#website"},"primaryImageOfPage":{"@id":"https:\/\/www.cambrapropietatgirona.com\/es\/los-contratos-de-corta-duracion-bajo-control-estricto\/#primaryimage"},"image":{"@id":"https:\/\/www.cambrapropietatgirona.com\/es\/los-contratos-de-corta-duracion-bajo-control-estricto\/#primaryimage"},"thumbnailUrl":"https:\/\/www.cambrapropietatgirona.com\/wp-content\/uploads\/2025\/01\/cambra_propietat.jpg","datePublished":"2025-01-08T10:26:52+00:00","dateModified":"2025-01-08T10:43:51+00:00","description":"Nueva regulaci\u00f3n de los contratos de corta duraci\u00f3n. Todos estos alquileres deben obtener un n\u00famero de registro \u00fanico","breadcrumb":{"@id":"https:\/\/www.cambrapropietatgirona.com\/es\/los-contratos-de-corta-duracion-bajo-control-estricto\/#breadcrumb"},"inLanguage":"es-ES","potentialAction":[{"@type":"ReadAction","target":["https:\/\/www.cambrapropietatgirona.com\/es\/los-contratos-de-corta-duracion-bajo-control-estricto\/"]}]},{"@type":"ImageObject","inLanguage":"es-ES","@id":"https:\/\/www.cambrapropietatgirona.com\/es\/los-contratos-de-corta-duracion-bajo-control-estricto\/#primaryimage","url":"https:\/\/www.cambrapropietatgirona.com\/wp-content\/uploads\/2025\/01\/cambra_propietat.jpg","contentUrl":"https:\/\/www.cambrapropietatgirona.com\/wp-content\/uploads\/2025\/01\/cambra_propietat.jpg","width":640,"height":640,"caption":"contractes de curta durada"},{"@type":"BreadcrumbList","@id":"https:\/\/www.cambrapropietatgirona.com\/es\/los-contratos-de-corta-duracion-bajo-control-estricto\/#breadcrumb","itemListElement":[{"@type":"ListItem","position":1,"name":"Inici","item":"https:\/\/www.cambrapropietatgirona.com\/"},{"@type":"ListItem","position":2,"name":"Los contratos de corta duraci\u00f3n, bajo control estricto"}]},{"@type":"WebSite","@id":"https:\/\/www.cambrapropietatgirona.com\/#website","url":"https:\/\/www.cambrapropietatgirona.com\/","name":"Cambra de la Propietat Urbana de Girona","description":"Serveis immobiliaris integrals als propietaris","publisher":{"@id":"https:\/\/www.cambrapropietatgirona.com\/#organization"},"potentialAction":[{"@type":"SearchAction","target":{"@type":"EntryPoint","urlTemplate":"https:\/\/www.cambrapropietatgirona.com\/?s={search_term_string}"},"query-input":{"@type":"PropertyValueSpecification","valueRequired":true,"valueName":"search_term_string"}}],"inLanguage":"es-ES"},{"@type":"Organization","@id":"https:\/\/www.cambrapropietatgirona.com\/#organization","name":"Cambra de la Propietat Urbana de Girona","url":"https:\/\/www.cambrapropietatgirona.com\/","logo":{"@type":"ImageObject","inLanguage":"es-ES","@id":"https:\/\/www.cambrapropietatgirona.com\/#\/schema\/logo\/image\/","url":"https:\/\/www.cambrapropietatgirona.com\/wp-content\/uploads\/2018\/01\/favicon.jpg","contentUrl":"https:\/\/www.cambrapropietatgirona.com\/wp-content\/uploads\/2018\/01\/favicon.jpg","width":277,"height":269,"caption":"Cambra de la Propietat Urbana de Girona"},"image":{"@id":"https:\/\/www.cambrapropietatgirona.com\/#\/schema\/logo\/image\/"}},{"@type":"Person","@id":"https:\/\/www.cambrapropietatgirona.com\/#\/schema\/person\/839c74db646ec3d6738ce2dcf5b3447c","name":"AE5GBNi67xK1QkS","image":{"@type":"ImageObject","inLanguage":"es-ES","@id":"https:\/\/secure.gravatar.com\/avatar\/4a49b57693d82ed8aed27ea81234f80da517724ec1cc1f1fb4952b6cf4b80fd7?s=96&d=mm&r=g","url":"https:\/\/secure.gravatar.com\/avatar\/4a49b57693d82ed8aed27ea81234f80da517724ec1cc1f1fb4952b6cf4b80fd7?s=96&d=mm&r=g","contentUrl":"https:\/\/secure.gravatar.com\/avatar\/4a49b57693d82ed8aed27ea81234f80da517724ec1cc1f1fb4952b6cf4b80fd7?s=96&d=mm&r=g","caption":"AE5GBNi67xK1QkS"},"url":"https:\/\/www.cambrapropietatgirona.com\/es\/author\/ae5gbni67xk1qks\/"}]}},"_links":{"self":[{"href":"https:\/\/www.cambrapropietatgirona.com\/es\/wp-json\/wp\/v2\/posts\/5626","targetHints":{"allow":["GET"]}}],"collection":[{"href":"https:\/\/www.cambrapropietatgirona.com\/es\/wp-json\/wp\/v2\/posts"}],"about":[{"href":"https:\/\/www.cambrapropietatgirona.com\/es\/wp-json\/wp\/v2\/types\/post"}],"author":[{"embeddable":true,"href":"https:\/\/www.cambrapropietatgirona.com\/es\/wp-json\/wp\/v2\/users\/1"}],"replies":[{"embeddable":true,"href":"https:\/\/www.cambrapropietatgirona.com\/es\/wp-json\/wp\/v2\/comments?post=5626"}],"version-history":[{"count":2,"href":"https:\/\/www.cambrapropietatgirona.com\/es\/wp-json\/wp\/v2\/posts\/5626\/revisions"}],"predecessor-version":[{"id":5628,"href":"https:\/\/www.cambrapropietatgirona.com\/es\/wp-json\/wp\/v2\/posts\/5626\/revisions\/5628"}],"wp:featuredmedia":[{"embeddable":true,"href":"https:\/\/www.cambrapropietatgirona.com\/es\/wp-json\/wp\/v2\/media\/5625"}],"wp:attachment":[{"href":"https:\/\/www.cambrapropietatgirona.com\/es\/wp-json\/wp\/v2\/media?parent=5626"}],"wp:term":[{"taxonomy":"category","embeddable":true,"href":"https:\/\/www.cambrapropietatgirona.com\/es\/wp-json\/wp\/v2\/categories?post=5626"},{"taxonomy":"post_tag","embeddable":true,"href":"https:\/\/www.cambrapropietatgirona.com\/es\/wp-json\/wp\/v2\/tags?post=5626"}],"curies":[{"name":"wp","href":"https:\/\/api.w.org\/{rel}","templated":true}]}}