{"id":5611,"date":"2025-01-03T09:00:33","date_gmt":"2025-01-03T08:00:33","guid":{"rendered":"https:\/\/www.cambrapropietatgirona.com\/nou-index-de-referencia-per-a-lactualitzacio-anual-dels-contractes-de-lloguer\/"},"modified":"2025-01-07T09:07:37","modified_gmt":"2025-01-07T08:07:37","slug":"nuevo-indice-de-referencia-para-la-actualizacion-anual-de-los-contratos-de-alquiler","status":"publish","type":"post","link":"https:\/\/www.cambrapropietatgirona.com\/es\/nuevo-indice-de-referencia-para-la-actualizacion-anual-de-los-contratos-de-alquiler\/","title":{"rendered":"Nuevo \u00edndice de referencia para la actualizaci\u00f3n anual de los contratos de alquiler"},"content":{"rendered":"<h2>Este nuevo \u00edndice de referencia afecta \u00fanicamente a los contratos firmados despu\u00e9s de la entrada en vigor de la Ley de Vivienda, el 26 de mayo de 2023.<\/h2>\n<p>Una de las medidas incluidas en la Ley 12\/2023, de 24 de mayo, por el derecho a la vivienda, consiste en limitar los porcentajes aplicables para actualizar las rentas de los alquileres. As\u00ed, para cumplir con la aplicaci\u00f3n de la Ley de Vivienda, <strong>se ha creado un nuevo \u00edndice para la actualizaci\u00f3n anual de los alquileres cuyo objetivo es evitar que las rentas de alquiler sigan la trayectoria del IPC<\/strong>, especialmente en aquellos periodos en los que el IPC sea elevado.<\/p>\n<p><strong>Con la aplicaci\u00f3n del nuevo \u00edndice de referencia, que siempre ser\u00e1 inferior al IPC, los propietarios arrendadores pierden equilibrio econ\u00f3mico, ya que los alquileres no podr\u00e1n mantener el nivel de poder adquisitivo que marcan las variaciones del IPC<\/strong>. Con el paso de los a\u00f1os, los gastos e impuestos aumentar\u00e1n por encima de las rentas de alquiler y los rendimientos ir\u00e1n disminuyendo.<\/p>\n<h3><strong>C\u00f3mo funciona este nuevo \u00edndice de referencia<\/strong><\/h3>\n<p><strong>Este nuevo \u00edndice de referencia ser\u00e1 publicado mensualmente por el INE a partir de enero de 2025<\/strong> y se calcular\u00e1 tomando el valor m\u00ednimo entre el IPC, el IPC subyacente y la tasa de variaci\u00f3n anual media ajustada.<\/p>\n<p>El nuevo \u00edndice ser\u00e1 aplicable a todos aquellos contratos de arrendamiento firmados a partir de la entrada en vigor de la nueva Ley de Vivienda, el 26 de mayo de 2023. Esto significa que los contratos anteriores a esa fecha seguir\u00e1n actualizando las rentas conforme al IPC, que es el procedimiento habitualmente pactado en los contratos de arrendamiento.<\/p>\n<p>&nbsp;<\/p>\n<p>&nbsp;<\/p>\n","protected":false},"excerpt":{"rendered":"<p>Este nuevo \u00edndice de referencia afecta \u00fanicamente a los contratos firmados despu\u00e9s de la entrada en vigor de la Ley de Vivienda, el 26 de mayo de 2023. Una de las medidas incluidas en la Ley 12\/2023, de 24 de mayo, por el derecho a la vivienda, consiste en limitar los porcentajes aplicables para actualizar [&hellip;]<\/p>\n","protected":false},"author":1,"featured_media":5609,"comment_status":"open","ping_status":"open","sticky":false,"template":"","format":"standard","meta":{"_acf_changed":false,"inline_featured_image":false,"disable_featured_image":false,"footnotes":""},"categories":[13,719,919],"tags":[],"class_list":["post-5611","post","type-post","status-publish","format-standard","has-post-thumbnail","hentry","category-actualidad","category-arrendaments-es","category-llei-de-lhabitatge-es"],"acf":[],"yoast_head":"<!-- This site is optimized with the Yoast SEO plugin v27.5 - https:\/\/yoast.com\/product\/yoast-seo-wordpress\/ -->\n<title>Nuevo \u00edndice de referencia. Contratos anuales de alquiler - Cambra de la Propietat Urbana de Girona<\/title>\n<meta name=\"description\" content=\"Se ha creado un \u00edndice para la actualizaci\u00f3n anual de los alquileres para evitar que las rentas del alquiler siguen la trayectoria del IPC\" \/>\n<meta name=\"robots\" content=\"index, follow, max-snippet:-1, max-image-preview:large, max-video-preview:-1\" \/>\n<link rel=\"canonical\" href=\"https:\/\/www.cambrapropietatgirona.com\/es\/nuevo-indice-de-referencia-para-la-actualizacion-anual-de-los-contratos-de-alquiler\/\" \/>\n<meta property=\"og:locale\" content=\"es_ES\" \/>\n<meta property=\"og:type\" content=\"article\" \/>\n<meta property=\"og:title\" content=\"Nuevo \u00edndice de referencia. Contratos anuales de alquiler - Cambra de la Propietat Urbana de Girona\" \/>\n<meta property=\"og:description\" content=\"Se ha creado un \u00edndice para la actualizaci\u00f3n anual de los alquileres para evitar que las rentas del alquiler siguen la trayectoria del IPC\" \/>\n<meta property=\"og:url\" content=\"https:\/\/www.cambrapropietatgirona.com\/es\/nuevo-indice-de-referencia-para-la-actualizacion-anual-de-los-contratos-de-alquiler\/\" \/>\n<meta property=\"og:site_name\" content=\"Cambra de la Propietat Urbana de Girona\" \/>\n<meta property=\"article:published_time\" content=\"2025-01-03T08:00:33+00:00\" \/>\n<meta property=\"article:modified_time\" content=\"2025-01-07T08:07:37+00:00\" \/>\n<meta property=\"og:image\" content=\"http:\/\/www.cambrapropietatgirona.com\/wp-content\/uploads\/2025\/01\/cambra_portada.jpg\" \/>\n\t<meta property=\"og:image:width\" content=\"640\" \/>\n\t<meta property=\"og:image:height\" content=\"640\" \/>\n\t<meta property=\"og:image:type\" content=\"image\/jpeg\" \/>\n<meta name=\"author\" content=\"AE5GBNi67xK1QkS\" \/>\n<meta name=\"twitter:card\" content=\"summary_large_image\" \/>\n<meta name=\"twitter:label1\" content=\"Written by\" \/>\n\t<meta name=\"twitter:data1\" content=\"AE5GBNi67xK1QkS\" \/>\n\t<meta name=\"twitter:label2\" content=\"Est. reading time\" \/>\n\t<meta name=\"twitter:data2\" content=\"2 minutes\" \/>\n<script type=\"application\/ld+json\" class=\"yoast-schema-graph\">{\"@context\":\"https:\\\/\\\/schema.org\",\"@graph\":[{\"@type\":\"Article\",\"@id\":\"https:\\\/\\\/www.cambrapropietatgirona.com\\\/es\\\/nuevo-indice-de-referencia-para-la-actualizacion-anual-de-los-contratos-de-alquiler\\\/#article\",\"isPartOf\":{\"@id\":\"https:\\\/\\\/www.cambrapropietatgirona.com\\\/es\\\/nuevo-indice-de-referencia-para-la-actualizacion-anual-de-los-contratos-de-alquiler\\\/\"},\"author\":{\"name\":\"AE5GBNi67xK1QkS\",\"@id\":\"https:\\\/\\\/www.cambrapropietatgirona.com\\\/#\\\/schema\\\/person\\\/839c74db646ec3d6738ce2dcf5b3447c\"},\"headline\":\"Nuevo \u00edndice de referencia para la actualizaci\u00f3n anual de los contratos de alquiler\",\"datePublished\":\"2025-01-03T08:00:33+00:00\",\"dateModified\":\"2025-01-07T08:07:37+00:00\",\"mainEntityOfPage\":{\"@id\":\"https:\\\/\\\/www.cambrapropietatgirona.com\\\/es\\\/nuevo-indice-de-referencia-para-la-actualizacion-anual-de-los-contratos-de-alquiler\\\/\"},\"wordCount\":295,\"commentCount\":0,\"publisher\":{\"@id\":\"https:\\\/\\\/www.cambrapropietatgirona.com\\\/#organization\"},\"image\":{\"@id\":\"https:\\\/\\\/www.cambrapropietatgirona.com\\\/es\\\/nuevo-indice-de-referencia-para-la-actualizacion-anual-de-los-contratos-de-alquiler\\\/#primaryimage\"},\"thumbnailUrl\":\"https:\\\/\\\/www.cambrapropietatgirona.com\\\/wp-content\\\/uploads\\\/2025\\\/01\\\/cambra_portada.jpg\",\"articleSection\":[\"Actualidad\",\"Arrendaments\",\"Llei de l&#8217;Habitatge\"],\"inLanguage\":\"es-ES\",\"potentialAction\":[{\"@type\":\"CommentAction\",\"name\":\"Comment\",\"target\":[\"https:\\\/\\\/www.cambrapropietatgirona.com\\\/es\\\/nuevo-indice-de-referencia-para-la-actualizacion-anual-de-los-contratos-de-alquiler\\\/#respond\"]}]},{\"@type\":\"WebPage\",\"@id\":\"https:\\\/\\\/www.cambrapropietatgirona.com\\\/es\\\/nuevo-indice-de-referencia-para-la-actualizacion-anual-de-los-contratos-de-alquiler\\\/\",\"url\":\"https:\\\/\\\/www.cambrapropietatgirona.com\\\/es\\\/nuevo-indice-de-referencia-para-la-actualizacion-anual-de-los-contratos-de-alquiler\\\/\",\"name\":\"Nuevo \u00edndice de referencia. Contratos anuales de alquiler - Cambra de la Propietat Urbana de Girona\",\"isPartOf\":{\"@id\":\"https:\\\/\\\/www.cambrapropietatgirona.com\\\/#website\"},\"primaryImageOfPage\":{\"@id\":\"https:\\\/\\\/www.cambrapropietatgirona.com\\\/es\\\/nuevo-indice-de-referencia-para-la-actualizacion-anual-de-los-contratos-de-alquiler\\\/#primaryimage\"},\"image\":{\"@id\":\"https:\\\/\\\/www.cambrapropietatgirona.com\\\/es\\\/nuevo-indice-de-referencia-para-la-actualizacion-anual-de-los-contratos-de-alquiler\\\/#primaryimage\"},\"thumbnailUrl\":\"https:\\\/\\\/www.cambrapropietatgirona.com\\\/wp-content\\\/uploads\\\/2025\\\/01\\\/cambra_portada.jpg\",\"datePublished\":\"2025-01-03T08:00:33+00:00\",\"dateModified\":\"2025-01-07T08:07:37+00:00\",\"description\":\"Se ha creado un \u00edndice para la actualizaci\u00f3n anual de los alquileres para evitar que las rentas del alquiler siguen la trayectoria del IPC\",\"breadcrumb\":{\"@id\":\"https:\\\/\\\/www.cambrapropietatgirona.com\\\/es\\\/nuevo-indice-de-referencia-para-la-actualizacion-anual-de-los-contratos-de-alquiler\\\/#breadcrumb\"},\"inLanguage\":\"es-ES\",\"potentialAction\":[{\"@type\":\"ReadAction\",\"target\":[\"https:\\\/\\\/www.cambrapropietatgirona.com\\\/es\\\/nuevo-indice-de-referencia-para-la-actualizacion-anual-de-los-contratos-de-alquiler\\\/\"]}]},{\"@type\":\"ImageObject\",\"inLanguage\":\"es-ES\",\"@id\":\"https:\\\/\\\/www.cambrapropietatgirona.com\\\/es\\\/nuevo-indice-de-referencia-para-la-actualizacion-anual-de-los-contratos-de-alquiler\\\/#primaryimage\",\"url\":\"https:\\\/\\\/www.cambrapropietatgirona.com\\\/wp-content\\\/uploads\\\/2025\\\/01\\\/cambra_portada.jpg\",\"contentUrl\":\"https:\\\/\\\/www.cambrapropietatgirona.com\\\/wp-content\\\/uploads\\\/2025\\\/01\\\/cambra_portada.jpg\",\"width\":640,\"height\":640,\"caption\":\"nou \u00edndex de refer\u00e8ncia\"},{\"@type\":\"BreadcrumbList\",\"@id\":\"https:\\\/\\\/www.cambrapropietatgirona.com\\\/es\\\/nuevo-indice-de-referencia-para-la-actualizacion-anual-de-los-contratos-de-alquiler\\\/#breadcrumb\",\"itemListElement\":[{\"@type\":\"ListItem\",\"position\":1,\"name\":\"Inici\",\"item\":\"https:\\\/\\\/www.cambrapropietatgirona.com\\\/\"},{\"@type\":\"ListItem\",\"position\":2,\"name\":\"Nuevo \u00edndice de referencia para la actualizaci\u00f3n anual de los contratos de alquiler\"}]},{\"@type\":\"WebSite\",\"@id\":\"https:\\\/\\\/www.cambrapropietatgirona.com\\\/#website\",\"url\":\"https:\\\/\\\/www.cambrapropietatgirona.com\\\/\",\"name\":\"Cambra de la Propietat Urbana de Girona\",\"description\":\"Serveis immobiliaris integrals als propietaris\",\"publisher\":{\"@id\":\"https:\\\/\\\/www.cambrapropietatgirona.com\\\/#organization\"},\"potentialAction\":[{\"@type\":\"SearchAction\",\"target\":{\"@type\":\"EntryPoint\",\"urlTemplate\":\"https:\\\/\\\/www.cambrapropietatgirona.com\\\/?s={search_term_string}\"},\"query-input\":{\"@type\":\"PropertyValueSpecification\",\"valueRequired\":true,\"valueName\":\"search_term_string\"}}],\"inLanguage\":\"es-ES\"},{\"@type\":\"Organization\",\"@id\":\"https:\\\/\\\/www.cambrapropietatgirona.com\\\/#organization\",\"name\":\"Cambra de la Propietat Urbana de Girona\",\"url\":\"https:\\\/\\\/www.cambrapropietatgirona.com\\\/\",\"logo\":{\"@type\":\"ImageObject\",\"inLanguage\":\"es-ES\",\"@id\":\"https:\\\/\\\/www.cambrapropietatgirona.com\\\/#\\\/schema\\\/logo\\\/image\\\/\",\"url\":\"https:\\\/\\\/www.cambrapropietatgirona.com\\\/wp-content\\\/uploads\\\/2018\\\/01\\\/favicon.jpg\",\"contentUrl\":\"https:\\\/\\\/www.cambrapropietatgirona.com\\\/wp-content\\\/uploads\\\/2018\\\/01\\\/favicon.jpg\",\"width\":277,\"height\":269,\"caption\":\"Cambra de la Propietat Urbana de Girona\"},\"image\":{\"@id\":\"https:\\\/\\\/www.cambrapropietatgirona.com\\\/#\\\/schema\\\/logo\\\/image\\\/\"}},{\"@type\":\"Person\",\"@id\":\"https:\\\/\\\/www.cambrapropietatgirona.com\\\/#\\\/schema\\\/person\\\/839c74db646ec3d6738ce2dcf5b3447c\",\"name\":\"AE5GBNi67xK1QkS\",\"image\":{\"@type\":\"ImageObject\",\"inLanguage\":\"es-ES\",\"@id\":\"https:\\\/\\\/secure.gravatar.com\\\/avatar\\\/4a49b57693d82ed8aed27ea81234f80da517724ec1cc1f1fb4952b6cf4b80fd7?s=96&d=mm&r=g\",\"url\":\"https:\\\/\\\/secure.gravatar.com\\\/avatar\\\/4a49b57693d82ed8aed27ea81234f80da517724ec1cc1f1fb4952b6cf4b80fd7?s=96&d=mm&r=g\",\"contentUrl\":\"https:\\\/\\\/secure.gravatar.com\\\/avatar\\\/4a49b57693d82ed8aed27ea81234f80da517724ec1cc1f1fb4952b6cf4b80fd7?s=96&d=mm&r=g\",\"caption\":\"AE5GBNi67xK1QkS\"},\"url\":\"https:\\\/\\\/www.cambrapropietatgirona.com\\\/es\\\/author\\\/ae5gbni67xk1qks\\\/\"}]}<\/script>\n<!-- \/ Yoast SEO plugin. -->","yoast_head_json":{"title":"Nuevo \u00edndice de referencia. Contratos anuales de alquiler - Cambra de la Propietat Urbana de Girona","description":"Se ha creado un \u00edndice para la actualizaci\u00f3n anual de los alquileres para evitar que las rentas del alquiler siguen la trayectoria del IPC","robots":{"index":"index","follow":"follow","max-snippet":"max-snippet:-1","max-image-preview":"max-image-preview:large","max-video-preview":"max-video-preview:-1"},"canonical":"https:\/\/www.cambrapropietatgirona.com\/es\/nuevo-indice-de-referencia-para-la-actualizacion-anual-de-los-contratos-de-alquiler\/","og_locale":"es_ES","og_type":"article","og_title":"Nuevo \u00edndice de referencia. Contratos anuales de alquiler - Cambra de la Propietat Urbana de Girona","og_description":"Se ha creado un \u00edndice para la actualizaci\u00f3n anual de los alquileres para evitar que las rentas del alquiler siguen la trayectoria del IPC","og_url":"https:\/\/www.cambrapropietatgirona.com\/es\/nuevo-indice-de-referencia-para-la-actualizacion-anual-de-los-contratos-de-alquiler\/","og_site_name":"Cambra de la Propietat Urbana de Girona","article_published_time":"2025-01-03T08:00:33+00:00","article_modified_time":"2025-01-07T08:07:37+00:00","og_image":[{"width":640,"height":640,"url":"http:\/\/www.cambrapropietatgirona.com\/wp-content\/uploads\/2025\/01\/cambra_portada.jpg","type":"image\/jpeg"}],"author":"AE5GBNi67xK1QkS","twitter_card":"summary_large_image","twitter_misc":{"Written by":"AE5GBNi67xK1QkS","Est. reading time":"2 minutes"},"schema":{"@context":"https:\/\/schema.org","@graph":[{"@type":"Article","@id":"https:\/\/www.cambrapropietatgirona.com\/es\/nuevo-indice-de-referencia-para-la-actualizacion-anual-de-los-contratos-de-alquiler\/#article","isPartOf":{"@id":"https:\/\/www.cambrapropietatgirona.com\/es\/nuevo-indice-de-referencia-para-la-actualizacion-anual-de-los-contratos-de-alquiler\/"},"author":{"name":"AE5GBNi67xK1QkS","@id":"https:\/\/www.cambrapropietatgirona.com\/#\/schema\/person\/839c74db646ec3d6738ce2dcf5b3447c"},"headline":"Nuevo \u00edndice de referencia para la actualizaci\u00f3n anual de los contratos de alquiler","datePublished":"2025-01-03T08:00:33+00:00","dateModified":"2025-01-07T08:07:37+00:00","mainEntityOfPage":{"@id":"https:\/\/www.cambrapropietatgirona.com\/es\/nuevo-indice-de-referencia-para-la-actualizacion-anual-de-los-contratos-de-alquiler\/"},"wordCount":295,"commentCount":0,"publisher":{"@id":"https:\/\/www.cambrapropietatgirona.com\/#organization"},"image":{"@id":"https:\/\/www.cambrapropietatgirona.com\/es\/nuevo-indice-de-referencia-para-la-actualizacion-anual-de-los-contratos-de-alquiler\/#primaryimage"},"thumbnailUrl":"https:\/\/www.cambrapropietatgirona.com\/wp-content\/uploads\/2025\/01\/cambra_portada.jpg","articleSection":["Actualidad","Arrendaments","Llei de l&#8217;Habitatge"],"inLanguage":"es-ES","potentialAction":[{"@type":"CommentAction","name":"Comment","target":["https:\/\/www.cambrapropietatgirona.com\/es\/nuevo-indice-de-referencia-para-la-actualizacion-anual-de-los-contratos-de-alquiler\/#respond"]}]},{"@type":"WebPage","@id":"https:\/\/www.cambrapropietatgirona.com\/es\/nuevo-indice-de-referencia-para-la-actualizacion-anual-de-los-contratos-de-alquiler\/","url":"https:\/\/www.cambrapropietatgirona.com\/es\/nuevo-indice-de-referencia-para-la-actualizacion-anual-de-los-contratos-de-alquiler\/","name":"Nuevo \u00edndice de referencia. Contratos anuales de alquiler - Cambra de la Propietat Urbana de Girona","isPartOf":{"@id":"https:\/\/www.cambrapropietatgirona.com\/#website"},"primaryImageOfPage":{"@id":"https:\/\/www.cambrapropietatgirona.com\/es\/nuevo-indice-de-referencia-para-la-actualizacion-anual-de-los-contratos-de-alquiler\/#primaryimage"},"image":{"@id":"https:\/\/www.cambrapropietatgirona.com\/es\/nuevo-indice-de-referencia-para-la-actualizacion-anual-de-los-contratos-de-alquiler\/#primaryimage"},"thumbnailUrl":"https:\/\/www.cambrapropietatgirona.com\/wp-content\/uploads\/2025\/01\/cambra_portada.jpg","datePublished":"2025-01-03T08:00:33+00:00","dateModified":"2025-01-07T08:07:37+00:00","description":"Se ha creado un \u00edndice para la actualizaci\u00f3n anual de los alquileres para evitar que las rentas del alquiler siguen la trayectoria del IPC","breadcrumb":{"@id":"https:\/\/www.cambrapropietatgirona.com\/es\/nuevo-indice-de-referencia-para-la-actualizacion-anual-de-los-contratos-de-alquiler\/#breadcrumb"},"inLanguage":"es-ES","potentialAction":[{"@type":"ReadAction","target":["https:\/\/www.cambrapropietatgirona.com\/es\/nuevo-indice-de-referencia-para-la-actualizacion-anual-de-los-contratos-de-alquiler\/"]}]},{"@type":"ImageObject","inLanguage":"es-ES","@id":"https:\/\/www.cambrapropietatgirona.com\/es\/nuevo-indice-de-referencia-para-la-actualizacion-anual-de-los-contratos-de-alquiler\/#primaryimage","url":"https:\/\/www.cambrapropietatgirona.com\/wp-content\/uploads\/2025\/01\/cambra_portada.jpg","contentUrl":"https:\/\/www.cambrapropietatgirona.com\/wp-content\/uploads\/2025\/01\/cambra_portada.jpg","width":640,"height":640,"caption":"nou \u00edndex de refer\u00e8ncia"},{"@type":"BreadcrumbList","@id":"https:\/\/www.cambrapropietatgirona.com\/es\/nuevo-indice-de-referencia-para-la-actualizacion-anual-de-los-contratos-de-alquiler\/#breadcrumb","itemListElement":[{"@type":"ListItem","position":1,"name":"Inici","item":"https:\/\/www.cambrapropietatgirona.com\/"},{"@type":"ListItem","position":2,"name":"Nuevo \u00edndice de referencia para la actualizaci\u00f3n anual de los contratos de alquiler"}]},{"@type":"WebSite","@id":"https:\/\/www.cambrapropietatgirona.com\/#website","url":"https:\/\/www.cambrapropietatgirona.com\/","name":"Cambra de la Propietat Urbana de Girona","description":"Serveis immobiliaris integrals als propietaris","publisher":{"@id":"https:\/\/www.cambrapropietatgirona.com\/#organization"},"potentialAction":[{"@type":"SearchAction","target":{"@type":"EntryPoint","urlTemplate":"https:\/\/www.cambrapropietatgirona.com\/?s={search_term_string}"},"query-input":{"@type":"PropertyValueSpecification","valueRequired":true,"valueName":"search_term_string"}}],"inLanguage":"es-ES"},{"@type":"Organization","@id":"https:\/\/www.cambrapropietatgirona.com\/#organization","name":"Cambra de la Propietat Urbana de Girona","url":"https:\/\/www.cambrapropietatgirona.com\/","logo":{"@type":"ImageObject","inLanguage":"es-ES","@id":"https:\/\/www.cambrapropietatgirona.com\/#\/schema\/logo\/image\/","url":"https:\/\/www.cambrapropietatgirona.com\/wp-content\/uploads\/2018\/01\/favicon.jpg","contentUrl":"https:\/\/www.cambrapropietatgirona.com\/wp-content\/uploads\/2018\/01\/favicon.jpg","width":277,"height":269,"caption":"Cambra de la Propietat Urbana de Girona"},"image":{"@id":"https:\/\/www.cambrapropietatgirona.com\/#\/schema\/logo\/image\/"}},{"@type":"Person","@id":"https:\/\/www.cambrapropietatgirona.com\/#\/schema\/person\/839c74db646ec3d6738ce2dcf5b3447c","name":"AE5GBNi67xK1QkS","image":{"@type":"ImageObject","inLanguage":"es-ES","@id":"https:\/\/secure.gravatar.com\/avatar\/4a49b57693d82ed8aed27ea81234f80da517724ec1cc1f1fb4952b6cf4b80fd7?s=96&d=mm&r=g","url":"https:\/\/secure.gravatar.com\/avatar\/4a49b57693d82ed8aed27ea81234f80da517724ec1cc1f1fb4952b6cf4b80fd7?s=96&d=mm&r=g","contentUrl":"https:\/\/secure.gravatar.com\/avatar\/4a49b57693d82ed8aed27ea81234f80da517724ec1cc1f1fb4952b6cf4b80fd7?s=96&d=mm&r=g","caption":"AE5GBNi67xK1QkS"},"url":"https:\/\/www.cambrapropietatgirona.com\/es\/author\/ae5gbni67xk1qks\/"}]}},"_links":{"self":[{"href":"https:\/\/www.cambrapropietatgirona.com\/es\/wp-json\/wp\/v2\/posts\/5611","targetHints":{"allow":["GET"]}}],"collection":[{"href":"https:\/\/www.cambrapropietatgirona.com\/es\/wp-json\/wp\/v2\/posts"}],"about":[{"href":"https:\/\/www.cambrapropietatgirona.com\/es\/wp-json\/wp\/v2\/types\/post"}],"author":[{"embeddable":true,"href":"https:\/\/www.cambrapropietatgirona.com\/es\/wp-json\/wp\/v2\/users\/1"}],"replies":[{"embeddable":true,"href":"https:\/\/www.cambrapropietatgirona.com\/es\/wp-json\/wp\/v2\/comments?post=5611"}],"version-history":[{"count":4,"href":"https:\/\/www.cambrapropietatgirona.com\/es\/wp-json\/wp\/v2\/posts\/5611\/revisions"}],"predecessor-version":[{"id":5619,"href":"https:\/\/www.cambrapropietatgirona.com\/es\/wp-json\/wp\/v2\/posts\/5611\/revisions\/5619"}],"wp:featuredmedia":[{"embeddable":true,"href":"https:\/\/www.cambrapropietatgirona.com\/es\/wp-json\/wp\/v2\/media\/5609"}],"wp:attachment":[{"href":"https:\/\/www.cambrapropietatgirona.com\/es\/wp-json\/wp\/v2\/media?parent=5611"}],"wp:term":[{"taxonomy":"category","embeddable":true,"href":"https:\/\/www.cambrapropietatgirona.com\/es\/wp-json\/wp\/v2\/categories?post=5611"},{"taxonomy":"post_tag","embeddable":true,"href":"https:\/\/www.cambrapropietatgirona.com\/es\/wp-json\/wp\/v2\/tags?post=5611"}],"curies":[{"name":"wp","href":"https:\/\/api.w.org\/{rel}","templated":true}]}}