{"id":5357,"date":"2024-09-03T10:41:59","date_gmt":"2024-09-03T08:41:59","guid":{"rendered":"https:\/\/www.cambrapropietatgirona.com\/com-afectaran-als-propietaris-dimmobles-els-acords-de-govern-en-materia-dhabitatge-per-a-la-nova-legislatura-a-catalunya\/"},"modified":"2024-09-03T11:54:56","modified_gmt":"2024-09-03T09:54:56","slug":"como-afectaran-a-los-propietarios-de-inmuebles-los-acuerdos-de-gobierno-en-materia-de-vivienda-para-la-nueva-legislatura-en-catalunya","status":"publish","type":"post","link":"https:\/\/www.cambrapropietatgirona.com\/es\/como-afectaran-a-los-propietarios-de-inmuebles-los-acuerdos-de-gobierno-en-materia-de-vivienda-para-la-nueva-legislatura-en-catalunya\/","title":{"rendered":"\u00bfC\u00f3mo afectar\u00e1n a los propietarios de inmuebles los acuerdos de gobierno en materia de vivienda para la nueva legislatura en Catalunya?"},"content":{"rendered":"<p>Ha empezado una nueva legislatura en Catalunya, en la que el PSC gobernar\u00e1 en solitario. No obstante, necesitar\u00e1 el apoyo de otras formaciones pol\u00edticas para aprobar las principales leyes del mandato. Por este motivo, el PSC ha establecido unos Acuerdos de Gobierno con Esquerra Republicana de Catalunya y Comuns, lo que ha permitido tanto la investidura del Presidente de la Generalitat como la definici\u00f3n de una lista de compromisos pol\u00edticos que se deber\u00e1n cumplir.<\/p>\n<h2>A continuaci\u00f3n, reproducimos el resumen que han preparado los servicios jur\u00eddicos de la Cambra de Barcelona sobre los acuerdos de gobierno que hacen referencia a la vivienda y a la fiscalidad derivada de esta materia.<\/h2>\n<h4><strong>Accuerdos de gobierno el PSC y\u00a0 Comuns<\/strong><\/h4>\n<p>Estas dos formaciones han acordado que el nuevo gobierno de la Generalitat debe tener la vivienda como m\u00e1xima prioridad. Para poder alcanzar este objetivo, han consensuado los siguientes pactos:<\/p>\n<ul>\n<li>La puesta en marcha de un <strong>programa urgente de fomento de la vivienda protegida<\/strong>. Este programa promover\u00e1 la construcci\u00f3n de 50.000 nuevas viviendas entre 2024 y 2030, lo que incrementar\u00e1 la oferta de este tipo de viviendas. Del total de estas viviendas, el <strong>INCAS\u00d2L deber\u00e1 promover 15.000 viviendas en los pr\u00f3ximos 4 a\u00f1os<\/strong>.<\/li>\n<li><strong>La ampliaci\u00f3n del parque p\u00fablico de alquiler en 5.000 viviendas<\/strong> durante los pr\u00f3ximos 4 a\u00f1os, <strong>mediante la compra por tanteo y retracto<\/strong>. Para lograrlo, se destinar\u00e1n 350 millones de euros. Para que la Administraci\u00f3n tenga m\u00e1s opciones para ejercer los derechos de tanteo y retracto, se ampliar\u00e1 este derecho a las viviendas de los Grandes Tenedores.<\/li>\n<li>La creaci\u00f3n de un \u201c<strong>Servicio de Intervenci\u00f3n en procesos de p\u00e9rdida de la vivienda habitual<\/strong>\u201d.<\/li>\n<li><strong>El impulso de la modificaci\u00f3n de la Ley de Arrendamientos Urbanos (LAU)<\/strong> para que las limitaciones que se incluyen en el texto legal, como el precio regulado o las actualizaciones anuales limitadas, <strong>se apliquen tambi\u00e9n a los contratos de temporada o de habitaciones<\/strong>. As\u00ed, <strong>la duraci\u00f3n m\u00e1xima de un contrato de temporada ser\u00e1 de 6 meses<\/strong> y, adem\u00e1s, el arrendatario podr\u00e1 cancelar el contrato un mes despu\u00e9s de la firma, siempre que lo notifique con 10 d\u00edas de antelaci\u00f3n.<\/li>\n<li>Se mantendr\u00e1 la vigencia del Decreto Ley 3\/2023, de 7 de noviembre, en relaci\u00f3n al r\u00e9gimen urban\u00edstico de las <strong>viviendas de uso tur\u00edstico<\/strong> (sometimiento de las viviendas de uso tur\u00edstico al r\u00e9gimen de licencia urban\u00edstica previa, en municipios con problemas de acceso a la vivienda y en aquellos donde exista una alta concentraci\u00f3n de viviendas de uso tur\u00edstico).<\/li>\n<li><strong>Los Ayuntamientos contar\u00e1n con los mecanismos necesarios para desarrollar planes urban\u00edsticos especiales<\/strong> y as\u00ed regular la cantidad y el procedimiento para obtener la licencia para tener alquileres de temporada como actividad econ\u00f3mica.<\/li>\n<li>La aprobaci\u00f3n del <strong>r\u00e9gimen sancionador por incumplimiento de la regulaci\u00f3n del precio de los alquileres<\/strong> previsto en la ley estatal del Derecho a la Vivienda.<\/li>\n<li>El estudio de la aplicaci\u00f3n de un <strong>impuesto contra la especulaci\u00f3n<\/strong>.<\/li>\n<li>La <strong>pr\u00f3rroga de las calificaciones de vivienda de protecci\u00f3n en las zonas de mercado residencial tensionado<\/strong>, para que no pierdan esta condici\u00f3n mientras dure la situaci\u00f3n de emergencia residencial.<\/li>\n<li><strong>La lucha contra la vivienda vac\u00eda<\/strong>, especialmente de Grandes Tenedores, aprobando un Registro de Grandes Tenedores.<\/li>\n<li>La <strong>rehabilitaci\u00f3n de 150.000 viviendas <\/strong>en 7 a\u00f1os para incorporarlas al parque de vivienda protegida.<\/li>\n<li>El impulso del <strong>plan nacional para la erradicaci\u00f3n del amianto<\/strong>, as\u00ed como un plan de revisi\u00f3n integral de la seguridad estructural y condiciones de habitabilidad de viviendas y edificios de protecci\u00f3n oficial construidos antes de 1980.<\/li>\n<li>El impulso de un <strong>pacto por un nuevo modelo tur\u00edstico que tenga una nueva fiscalidad<\/strong> <strong>que aumente el retorno al territorio<\/strong>, vele por los usos vecinales y no impacte en el derecho a la vivienda.<\/li>\n<li>El <strong>estudio sobre la capacidad de carga tur\u00edstica del pa\u00eds<\/strong>.<\/li>\n<li>El <strong>mantenimiento de los impuestos de sucesiones y patrimonio<\/strong>.<\/li>\n<\/ul>\n<h4><strong>Acuerdos de gobierno entre PSC y ERC<\/strong><\/h4>\n<ul>\n<li><strong>La Generalitat gestionar\u00e1<\/strong>, recaudar\u00e1, liquidar\u00e1 e inspeccionar\u00e1 <strong>todos los impuestos soportados en Catalunya<\/strong>, a trav\u00e9s de la Agencia Tributaria de Catalunya.<\/li>\n<li>El <strong>mantenimiento de los impuestos de sucesiones y patrimonio<\/strong>.<\/li>\n<li>La puesta en marcha de un <strong>programa urgente de fomento de la vivienda protegida<\/strong> para construir 50.000 nuevas viviendas entre 2024 y 2030.<\/li>\n<li>La creaci\u00f3n de un <strong>programa de rehabilitaci\u00f3n de viviendas<\/strong> para incrementar el parque de alquiler asequible y social 2024-2030.<\/li>\n<li><strong>La aplicaci\u00f3n de la ley estatal del Derecho a la Vivienda<\/strong>, en especial, el \u00cdndice de Referencia de precios del alquiler.<\/li>\n<li><strong>El impulso de la regulaci\u00f3n de los alquileres de temporada y por habitaciones, as\u00ed como de las viviendas de uso tur\u00edstico.<\/strong><\/li>\n<\/ul>\n<p>&nbsp;<\/p>\n<h2>Adem\u00e1s, las dos formaciones pol\u00edticas se han comprometido a impulsar la tramitaci\u00f3n de las leyes siguientes a lo largo del primer a\u00f1o de legislatura:<\/h2>\n<ul>\n<li>La <strong>ley catalana de Arrendamientos Urbanos<\/strong> y regulaci\u00f3n de los contratos de alquiler.<\/li>\n<li>La <strong>ley de medidas transitorias y urgentes para hacer frente y erradicar el sinhogarismo.\u00a0<\/strong><\/li>\n<\/ul>\n<p>Y, durante los cuatro a\u00f1os de legislatura, se comprometen a impulsar los siguientes proyectos de ley:<\/p>\n<ul>\n<li>La Ley para <strong>garantizar los derechos de los consumidores en materia de titulizaciones hipotecarias y crediticias.<\/strong><\/li>\n<li>La ley para la <strong>erradicaci\u00f3n del amianto <\/strong>en\u00a0Catalunya.<\/li>\n<\/ul>\n","protected":false},"excerpt":{"rendered":"<p>Ha empezado una nueva legislatura en Catalunya, en la que el PSC gobernar\u00e1 en solitario. No obstante, necesitar\u00e1 el apoyo de otras formaciones pol\u00edticas para aprobar las principales leyes del mandato. Por este motivo, el PSC ha establecido unos Acuerdos de Gobierno con Esquerra Republicana de Catalunya y Comuns, lo que ha permitido tanto la [&hellip;]<\/p>\n","protected":false},"author":1,"featured_media":5355,"comment_status":"open","ping_status":"open","sticky":false,"template":"","format":"standard","meta":{"_acf_changed":false,"inline_featured_image":false,"disable_featured_image":false,"footnotes":""},"categories":[13,719,919],"tags":[],"class_list":["post-5357","post","type-post","status-publish","format-standard","has-post-thumbnail","hentry","category-actualidad","category-arrendaments-es","category-llei-de-lhabitatge-es"],"acf":[],"yoast_head":"<!-- This site is optimized with the Yoast SEO plugin v27.5 - https:\/\/yoast.com\/product\/yoast-seo-wordpress\/ -->\n<title>C\u00f3mo afectan al propietario los acuerdos de gobierno de vivienda - Cambra de la Propietat Urbana de Girona<\/title>\n<meta name=\"description\" content=\"En el art\u00edculo explicamos cu\u00e1les son los acuerdos de gobierno que hacen referencia a la vivienda y a la fiscalidad que se deriva de esto\" \/>\n<meta name=\"robots\" content=\"index, follow, max-snippet:-1, max-image-preview:large, max-video-preview:-1\" \/>\n<link rel=\"canonical\" href=\"https:\/\/www.cambrapropietatgirona.com\/es\/como-afectaran-a-los-propietarios-de-inmuebles-los-acuerdos-de-gobierno-en-materia-de-vivienda-para-la-nueva-legislatura-en-catalunya\/\" \/>\n<meta property=\"og:locale\" content=\"es_ES\" \/>\n<meta property=\"og:type\" content=\"article\" \/>\n<meta property=\"og:title\" content=\"C\u00f3mo afectan al propietario los acuerdos de gobierno de vivienda - Cambra de la Propietat Urbana de Girona\" \/>\n<meta property=\"og:description\" content=\"En el art\u00edculo explicamos cu\u00e1les son los acuerdos de gobierno que hacen referencia a la vivienda y a la fiscalidad que se deriva de esto\" \/>\n<meta property=\"og:url\" content=\"https:\/\/www.cambrapropietatgirona.com\/es\/como-afectaran-a-los-propietarios-de-inmuebles-los-acuerdos-de-gobierno-en-materia-de-vivienda-para-la-nueva-legislatura-en-catalunya\/\" \/>\n<meta property=\"og:site_name\" content=\"Cambra de la Propietat Urbana de Girona\" \/>\n<meta property=\"article:published_time\" content=\"2024-09-03T08:41:59+00:00\" \/>\n<meta property=\"article:modified_time\" content=\"2024-09-03T09:54:56+00:00\" \/>\n<meta property=\"og:image\" content=\"http:\/\/www.cambrapropietatgirona.com\/wp-content\/uploads\/2024\/09\/3-9.jpg\" \/>\n\t<meta property=\"og:image:width\" content=\"640\" \/>\n\t<meta property=\"og:image:height\" content=\"640\" \/>\n\t<meta property=\"og:image:type\" content=\"image\/jpeg\" \/>\n<meta name=\"author\" content=\"AE5GBNi67xK1QkS\" \/>\n<meta name=\"twitter:card\" content=\"summary_large_image\" \/>\n<meta name=\"twitter:label1\" content=\"Written by\" \/>\n\t<meta name=\"twitter:data1\" content=\"AE5GBNi67xK1QkS\" \/>\n\t<meta name=\"twitter:label2\" content=\"Est. reading time\" \/>\n\t<meta name=\"twitter:data2\" content=\"5 minutes\" \/>\n<script type=\"application\/ld+json\" class=\"yoast-schema-graph\">{\"@context\":\"https:\\\/\\\/schema.org\",\"@graph\":[{\"@type\":\"Article\",\"@id\":\"https:\\\/\\\/www.cambrapropietatgirona.com\\\/es\\\/como-afectaran-a-los-propietarios-de-inmuebles-los-acuerdos-de-gobierno-en-materia-de-vivienda-para-la-nueva-legislatura-en-catalunya\\\/#article\",\"isPartOf\":{\"@id\":\"https:\\\/\\\/www.cambrapropietatgirona.com\\\/es\\\/como-afectaran-a-los-propietarios-de-inmuebles-los-acuerdos-de-gobierno-en-materia-de-vivienda-para-la-nueva-legislatura-en-catalunya\\\/\"},\"author\":{\"name\":\"AE5GBNi67xK1QkS\",\"@id\":\"https:\\\/\\\/www.cambrapropietatgirona.com\\\/#\\\/schema\\\/person\\\/839c74db646ec3d6738ce2dcf5b3447c\"},\"headline\":\"\u00bfC\u00f3mo afectar\u00e1n a los propietarios de inmuebles los acuerdos de gobierno en materia de vivienda para la nueva legislatura en Catalunya?\",\"datePublished\":\"2024-09-03T08:41:59+00:00\",\"dateModified\":\"2024-09-03T09:54:56+00:00\",\"mainEntityOfPage\":{\"@id\":\"https:\\\/\\\/www.cambrapropietatgirona.com\\\/es\\\/como-afectaran-a-los-propietarios-de-inmuebles-los-acuerdos-de-gobierno-en-materia-de-vivienda-para-la-nueva-legislatura-en-catalunya\\\/\"},\"wordCount\":915,\"commentCount\":0,\"publisher\":{\"@id\":\"https:\\\/\\\/www.cambrapropietatgirona.com\\\/#organization\"},\"image\":{\"@id\":\"https:\\\/\\\/www.cambrapropietatgirona.com\\\/es\\\/como-afectaran-a-los-propietarios-de-inmuebles-los-acuerdos-de-gobierno-en-materia-de-vivienda-para-la-nueva-legislatura-en-catalunya\\\/#primaryimage\"},\"thumbnailUrl\":\"https:\\\/\\\/www.cambrapropietatgirona.com\\\/wp-content\\\/uploads\\\/2024\\\/09\\\/3-9.jpg\",\"articleSection\":[\"Actualidad\",\"Arrendaments\",\"Llei de l&#8217;Habitatge\"],\"inLanguage\":\"es-ES\",\"potentialAction\":[{\"@type\":\"CommentAction\",\"name\":\"Comment\",\"target\":[\"https:\\\/\\\/www.cambrapropietatgirona.com\\\/es\\\/como-afectaran-a-los-propietarios-de-inmuebles-los-acuerdos-de-gobierno-en-materia-de-vivienda-para-la-nueva-legislatura-en-catalunya\\\/#respond\"]}]},{\"@type\":\"WebPage\",\"@id\":\"https:\\\/\\\/www.cambrapropietatgirona.com\\\/es\\\/como-afectaran-a-los-propietarios-de-inmuebles-los-acuerdos-de-gobierno-en-materia-de-vivienda-para-la-nueva-legislatura-en-catalunya\\\/\",\"url\":\"https:\\\/\\\/www.cambrapropietatgirona.com\\\/es\\\/como-afectaran-a-los-propietarios-de-inmuebles-los-acuerdos-de-gobierno-en-materia-de-vivienda-para-la-nueva-legislatura-en-catalunya\\\/\",\"name\":\"C\u00f3mo afectan al propietario los acuerdos de gobierno de vivienda - Cambra de la Propietat Urbana de Girona\",\"isPartOf\":{\"@id\":\"https:\\\/\\\/www.cambrapropietatgirona.com\\\/#website\"},\"primaryImageOfPage\":{\"@id\":\"https:\\\/\\\/www.cambrapropietatgirona.com\\\/es\\\/como-afectaran-a-los-propietarios-de-inmuebles-los-acuerdos-de-gobierno-en-materia-de-vivienda-para-la-nueva-legislatura-en-catalunya\\\/#primaryimage\"},\"image\":{\"@id\":\"https:\\\/\\\/www.cambrapropietatgirona.com\\\/es\\\/como-afectaran-a-los-propietarios-de-inmuebles-los-acuerdos-de-gobierno-en-materia-de-vivienda-para-la-nueva-legislatura-en-catalunya\\\/#primaryimage\"},\"thumbnailUrl\":\"https:\\\/\\\/www.cambrapropietatgirona.com\\\/wp-content\\\/uploads\\\/2024\\\/09\\\/3-9.jpg\",\"datePublished\":\"2024-09-03T08:41:59+00:00\",\"dateModified\":\"2024-09-03T09:54:56+00:00\",\"description\":\"En el art\u00edculo explicamos cu\u00e1les son los acuerdos de gobierno que hacen referencia a la vivienda y a la fiscalidad que se deriva de esto\",\"breadcrumb\":{\"@id\":\"https:\\\/\\\/www.cambrapropietatgirona.com\\\/es\\\/como-afectaran-a-los-propietarios-de-inmuebles-los-acuerdos-de-gobierno-en-materia-de-vivienda-para-la-nueva-legislatura-en-catalunya\\\/#breadcrumb\"},\"inLanguage\":\"es-ES\",\"potentialAction\":[{\"@type\":\"ReadAction\",\"target\":[\"https:\\\/\\\/www.cambrapropietatgirona.com\\\/es\\\/como-afectaran-a-los-propietarios-de-inmuebles-los-acuerdos-de-gobierno-en-materia-de-vivienda-para-la-nueva-legislatura-en-catalunya\\\/\"]}]},{\"@type\":\"ImageObject\",\"inLanguage\":\"es-ES\",\"@id\":\"https:\\\/\\\/www.cambrapropietatgirona.com\\\/es\\\/como-afectaran-a-los-propietarios-de-inmuebles-los-acuerdos-de-gobierno-en-materia-de-vivienda-para-la-nueva-legislatura-en-catalunya\\\/#primaryimage\",\"url\":\"https:\\\/\\\/www.cambrapropietatgirona.com\\\/wp-content\\\/uploads\\\/2024\\\/09\\\/3-9.jpg\",\"contentUrl\":\"https:\\\/\\\/www.cambrapropietatgirona.com\\\/wp-content\\\/uploads\\\/2024\\\/09\\\/3-9.jpg\",\"width\":640,\"height\":640,\"caption\":\"acords de govern en mat\u00e8ria d'habitatge\"},{\"@type\":\"BreadcrumbList\",\"@id\":\"https:\\\/\\\/www.cambrapropietatgirona.com\\\/es\\\/como-afectaran-a-los-propietarios-de-inmuebles-los-acuerdos-de-gobierno-en-materia-de-vivienda-para-la-nueva-legislatura-en-catalunya\\\/#breadcrumb\",\"itemListElement\":[{\"@type\":\"ListItem\",\"position\":1,\"name\":\"Inici\",\"item\":\"https:\\\/\\\/www.cambrapropietatgirona.com\\\/\"},{\"@type\":\"ListItem\",\"position\":2,\"name\":\"\u00bfC\u00f3mo afectar\u00e1n a los propietarios de inmuebles los acuerdos de gobierno en materia de vivienda para la nueva legislatura en Catalunya?\"}]},{\"@type\":\"WebSite\",\"@id\":\"https:\\\/\\\/www.cambrapropietatgirona.com\\\/#website\",\"url\":\"https:\\\/\\\/www.cambrapropietatgirona.com\\\/\",\"name\":\"Cambra de la Propietat Urbana de Girona\",\"description\":\"Serveis immobiliaris integrals als propietaris\",\"publisher\":{\"@id\":\"https:\\\/\\\/www.cambrapropietatgirona.com\\\/#organization\"},\"potentialAction\":[{\"@type\":\"SearchAction\",\"target\":{\"@type\":\"EntryPoint\",\"urlTemplate\":\"https:\\\/\\\/www.cambrapropietatgirona.com\\\/?s={search_term_string}\"},\"query-input\":{\"@type\":\"PropertyValueSpecification\",\"valueRequired\":true,\"valueName\":\"search_term_string\"}}],\"inLanguage\":\"es-ES\"},{\"@type\":\"Organization\",\"@id\":\"https:\\\/\\\/www.cambrapropietatgirona.com\\\/#organization\",\"name\":\"Cambra de la Propietat Urbana de Girona\",\"url\":\"https:\\\/\\\/www.cambrapropietatgirona.com\\\/\",\"logo\":{\"@type\":\"ImageObject\",\"inLanguage\":\"es-ES\",\"@id\":\"https:\\\/\\\/www.cambrapropietatgirona.com\\\/#\\\/schema\\\/logo\\\/image\\\/\",\"url\":\"https:\\\/\\\/www.cambrapropietatgirona.com\\\/wp-content\\\/uploads\\\/2018\\\/01\\\/favicon.jpg\",\"contentUrl\":\"https:\\\/\\\/www.cambrapropietatgirona.com\\\/wp-content\\\/uploads\\\/2018\\\/01\\\/favicon.jpg\",\"width\":277,\"height\":269,\"caption\":\"Cambra de la Propietat Urbana de Girona\"},\"image\":{\"@id\":\"https:\\\/\\\/www.cambrapropietatgirona.com\\\/#\\\/schema\\\/logo\\\/image\\\/\"}},{\"@type\":\"Person\",\"@id\":\"https:\\\/\\\/www.cambrapropietatgirona.com\\\/#\\\/schema\\\/person\\\/839c74db646ec3d6738ce2dcf5b3447c\",\"name\":\"AE5GBNi67xK1QkS\",\"image\":{\"@type\":\"ImageObject\",\"inLanguage\":\"es-ES\",\"@id\":\"https:\\\/\\\/secure.gravatar.com\\\/avatar\\\/4a49b57693d82ed8aed27ea81234f80da517724ec1cc1f1fb4952b6cf4b80fd7?s=96&d=mm&r=g\",\"url\":\"https:\\\/\\\/secure.gravatar.com\\\/avatar\\\/4a49b57693d82ed8aed27ea81234f80da517724ec1cc1f1fb4952b6cf4b80fd7?s=96&d=mm&r=g\",\"contentUrl\":\"https:\\\/\\\/secure.gravatar.com\\\/avatar\\\/4a49b57693d82ed8aed27ea81234f80da517724ec1cc1f1fb4952b6cf4b80fd7?s=96&d=mm&r=g\",\"caption\":\"AE5GBNi67xK1QkS\"},\"url\":\"https:\\\/\\\/www.cambrapropietatgirona.com\\\/es\\\/author\\\/ae5gbni67xk1qks\\\/\"}]}<\/script>\n<!-- \/ Yoast SEO plugin. -->","yoast_head_json":{"title":"C\u00f3mo afectan al propietario los acuerdos de gobierno de vivienda - Cambra de la Propietat Urbana de Girona","description":"En el art\u00edculo explicamos cu\u00e1les son los acuerdos de gobierno que hacen referencia a la vivienda y a la fiscalidad que se deriva de esto","robots":{"index":"index","follow":"follow","max-snippet":"max-snippet:-1","max-image-preview":"max-image-preview:large","max-video-preview":"max-video-preview:-1"},"canonical":"https:\/\/www.cambrapropietatgirona.com\/es\/como-afectaran-a-los-propietarios-de-inmuebles-los-acuerdos-de-gobierno-en-materia-de-vivienda-para-la-nueva-legislatura-en-catalunya\/","og_locale":"es_ES","og_type":"article","og_title":"C\u00f3mo afectan al propietario los acuerdos de gobierno de vivienda - Cambra de la Propietat Urbana de Girona","og_description":"En el art\u00edculo explicamos cu\u00e1les son los acuerdos de gobierno que hacen referencia a la vivienda y a la fiscalidad que se deriva de esto","og_url":"https:\/\/www.cambrapropietatgirona.com\/es\/como-afectaran-a-los-propietarios-de-inmuebles-los-acuerdos-de-gobierno-en-materia-de-vivienda-para-la-nueva-legislatura-en-catalunya\/","og_site_name":"Cambra de la Propietat Urbana de Girona","article_published_time":"2024-09-03T08:41:59+00:00","article_modified_time":"2024-09-03T09:54:56+00:00","og_image":[{"width":640,"height":640,"url":"http:\/\/www.cambrapropietatgirona.com\/wp-content\/uploads\/2024\/09\/3-9.jpg","type":"image\/jpeg"}],"author":"AE5GBNi67xK1QkS","twitter_card":"summary_large_image","twitter_misc":{"Written by":"AE5GBNi67xK1QkS","Est. reading time":"5 minutes"},"schema":{"@context":"https:\/\/schema.org","@graph":[{"@type":"Article","@id":"https:\/\/www.cambrapropietatgirona.com\/es\/como-afectaran-a-los-propietarios-de-inmuebles-los-acuerdos-de-gobierno-en-materia-de-vivienda-para-la-nueva-legislatura-en-catalunya\/#article","isPartOf":{"@id":"https:\/\/www.cambrapropietatgirona.com\/es\/como-afectaran-a-los-propietarios-de-inmuebles-los-acuerdos-de-gobierno-en-materia-de-vivienda-para-la-nueva-legislatura-en-catalunya\/"},"author":{"name":"AE5GBNi67xK1QkS","@id":"https:\/\/www.cambrapropietatgirona.com\/#\/schema\/person\/839c74db646ec3d6738ce2dcf5b3447c"},"headline":"\u00bfC\u00f3mo afectar\u00e1n a los propietarios de inmuebles los acuerdos de gobierno en materia de vivienda para la nueva legislatura en Catalunya?","datePublished":"2024-09-03T08:41:59+00:00","dateModified":"2024-09-03T09:54:56+00:00","mainEntityOfPage":{"@id":"https:\/\/www.cambrapropietatgirona.com\/es\/como-afectaran-a-los-propietarios-de-inmuebles-los-acuerdos-de-gobierno-en-materia-de-vivienda-para-la-nueva-legislatura-en-catalunya\/"},"wordCount":915,"commentCount":0,"publisher":{"@id":"https:\/\/www.cambrapropietatgirona.com\/#organization"},"image":{"@id":"https:\/\/www.cambrapropietatgirona.com\/es\/como-afectaran-a-los-propietarios-de-inmuebles-los-acuerdos-de-gobierno-en-materia-de-vivienda-para-la-nueva-legislatura-en-catalunya\/#primaryimage"},"thumbnailUrl":"https:\/\/www.cambrapropietatgirona.com\/wp-content\/uploads\/2024\/09\/3-9.jpg","articleSection":["Actualidad","Arrendaments","Llei de l&#8217;Habitatge"],"inLanguage":"es-ES","potentialAction":[{"@type":"CommentAction","name":"Comment","target":["https:\/\/www.cambrapropietatgirona.com\/es\/como-afectaran-a-los-propietarios-de-inmuebles-los-acuerdos-de-gobierno-en-materia-de-vivienda-para-la-nueva-legislatura-en-catalunya\/#respond"]}]},{"@type":"WebPage","@id":"https:\/\/www.cambrapropietatgirona.com\/es\/como-afectaran-a-los-propietarios-de-inmuebles-los-acuerdos-de-gobierno-en-materia-de-vivienda-para-la-nueva-legislatura-en-catalunya\/","url":"https:\/\/www.cambrapropietatgirona.com\/es\/como-afectaran-a-los-propietarios-de-inmuebles-los-acuerdos-de-gobierno-en-materia-de-vivienda-para-la-nueva-legislatura-en-catalunya\/","name":"C\u00f3mo afectan al propietario los acuerdos de gobierno de vivienda - Cambra de la Propietat Urbana de Girona","isPartOf":{"@id":"https:\/\/www.cambrapropietatgirona.com\/#website"},"primaryImageOfPage":{"@id":"https:\/\/www.cambrapropietatgirona.com\/es\/como-afectaran-a-los-propietarios-de-inmuebles-los-acuerdos-de-gobierno-en-materia-de-vivienda-para-la-nueva-legislatura-en-catalunya\/#primaryimage"},"image":{"@id":"https:\/\/www.cambrapropietatgirona.com\/es\/como-afectaran-a-los-propietarios-de-inmuebles-los-acuerdos-de-gobierno-en-materia-de-vivienda-para-la-nueva-legislatura-en-catalunya\/#primaryimage"},"thumbnailUrl":"https:\/\/www.cambrapropietatgirona.com\/wp-content\/uploads\/2024\/09\/3-9.jpg","datePublished":"2024-09-03T08:41:59+00:00","dateModified":"2024-09-03T09:54:56+00:00","description":"En el art\u00edculo explicamos cu\u00e1les son los acuerdos de gobierno que hacen referencia a la vivienda y a la fiscalidad que se deriva de esto","breadcrumb":{"@id":"https:\/\/www.cambrapropietatgirona.com\/es\/como-afectaran-a-los-propietarios-de-inmuebles-los-acuerdos-de-gobierno-en-materia-de-vivienda-para-la-nueva-legislatura-en-catalunya\/#breadcrumb"},"inLanguage":"es-ES","potentialAction":[{"@type":"ReadAction","target":["https:\/\/www.cambrapropietatgirona.com\/es\/como-afectaran-a-los-propietarios-de-inmuebles-los-acuerdos-de-gobierno-en-materia-de-vivienda-para-la-nueva-legislatura-en-catalunya\/"]}]},{"@type":"ImageObject","inLanguage":"es-ES","@id":"https:\/\/www.cambrapropietatgirona.com\/es\/como-afectaran-a-los-propietarios-de-inmuebles-los-acuerdos-de-gobierno-en-materia-de-vivienda-para-la-nueva-legislatura-en-catalunya\/#primaryimage","url":"https:\/\/www.cambrapropietatgirona.com\/wp-content\/uploads\/2024\/09\/3-9.jpg","contentUrl":"https:\/\/www.cambrapropietatgirona.com\/wp-content\/uploads\/2024\/09\/3-9.jpg","width":640,"height":640,"caption":"acords de govern en mat\u00e8ria d'habitatge"},{"@type":"BreadcrumbList","@id":"https:\/\/www.cambrapropietatgirona.com\/es\/como-afectaran-a-los-propietarios-de-inmuebles-los-acuerdos-de-gobierno-en-materia-de-vivienda-para-la-nueva-legislatura-en-catalunya\/#breadcrumb","itemListElement":[{"@type":"ListItem","position":1,"name":"Inici","item":"https:\/\/www.cambrapropietatgirona.com\/"},{"@type":"ListItem","position":2,"name":"\u00bfC\u00f3mo afectar\u00e1n a los propietarios de inmuebles los acuerdos de gobierno en materia de vivienda para la nueva legislatura en Catalunya?"}]},{"@type":"WebSite","@id":"https:\/\/www.cambrapropietatgirona.com\/#website","url":"https:\/\/www.cambrapropietatgirona.com\/","name":"Cambra de la Propietat Urbana de Girona","description":"Serveis immobiliaris integrals als propietaris","publisher":{"@id":"https:\/\/www.cambrapropietatgirona.com\/#organization"},"potentialAction":[{"@type":"SearchAction","target":{"@type":"EntryPoint","urlTemplate":"https:\/\/www.cambrapropietatgirona.com\/?s={search_term_string}"},"query-input":{"@type":"PropertyValueSpecification","valueRequired":true,"valueName":"search_term_string"}}],"inLanguage":"es-ES"},{"@type":"Organization","@id":"https:\/\/www.cambrapropietatgirona.com\/#organization","name":"Cambra de la Propietat Urbana de Girona","url":"https:\/\/www.cambrapropietatgirona.com\/","logo":{"@type":"ImageObject","inLanguage":"es-ES","@id":"https:\/\/www.cambrapropietatgirona.com\/#\/schema\/logo\/image\/","url":"https:\/\/www.cambrapropietatgirona.com\/wp-content\/uploads\/2018\/01\/favicon.jpg","contentUrl":"https:\/\/www.cambrapropietatgirona.com\/wp-content\/uploads\/2018\/01\/favicon.jpg","width":277,"height":269,"caption":"Cambra de la Propietat Urbana de Girona"},"image":{"@id":"https:\/\/www.cambrapropietatgirona.com\/#\/schema\/logo\/image\/"}},{"@type":"Person","@id":"https:\/\/www.cambrapropietatgirona.com\/#\/schema\/person\/839c74db646ec3d6738ce2dcf5b3447c","name":"AE5GBNi67xK1QkS","image":{"@type":"ImageObject","inLanguage":"es-ES","@id":"https:\/\/secure.gravatar.com\/avatar\/4a49b57693d82ed8aed27ea81234f80da517724ec1cc1f1fb4952b6cf4b80fd7?s=96&d=mm&r=g","url":"https:\/\/secure.gravatar.com\/avatar\/4a49b57693d82ed8aed27ea81234f80da517724ec1cc1f1fb4952b6cf4b80fd7?s=96&d=mm&r=g","contentUrl":"https:\/\/secure.gravatar.com\/avatar\/4a49b57693d82ed8aed27ea81234f80da517724ec1cc1f1fb4952b6cf4b80fd7?s=96&d=mm&r=g","caption":"AE5GBNi67xK1QkS"},"url":"https:\/\/www.cambrapropietatgirona.com\/es\/author\/ae5gbni67xk1qks\/"}]}},"_links":{"self":[{"href":"https:\/\/www.cambrapropietatgirona.com\/es\/wp-json\/wp\/v2\/posts\/5357","targetHints":{"allow":["GET"]}}],"collection":[{"href":"https:\/\/www.cambrapropietatgirona.com\/es\/wp-json\/wp\/v2\/posts"}],"about":[{"href":"https:\/\/www.cambrapropietatgirona.com\/es\/wp-json\/wp\/v2\/types\/post"}],"author":[{"embeddable":true,"href":"https:\/\/www.cambrapropietatgirona.com\/es\/wp-json\/wp\/v2\/users\/1"}],"replies":[{"embeddable":true,"href":"https:\/\/www.cambrapropietatgirona.com\/es\/wp-json\/wp\/v2\/comments?post=5357"}],"version-history":[{"count":3,"href":"https:\/\/www.cambrapropietatgirona.com\/es\/wp-json\/wp\/v2\/posts\/5357\/revisions"}],"predecessor-version":[{"id":5363,"href":"https:\/\/www.cambrapropietatgirona.com\/es\/wp-json\/wp\/v2\/posts\/5357\/revisions\/5363"}],"wp:featuredmedia":[{"embeddable":true,"href":"https:\/\/www.cambrapropietatgirona.com\/es\/wp-json\/wp\/v2\/media\/5355"}],"wp:attachment":[{"href":"https:\/\/www.cambrapropietatgirona.com\/es\/wp-json\/wp\/v2\/media?parent=5357"}],"wp:term":[{"taxonomy":"category","embeddable":true,"href":"https:\/\/www.cambrapropietatgirona.com\/es\/wp-json\/wp\/v2\/categories?post=5357"},{"taxonomy":"post_tag","embeddable":true,"href":"https:\/\/www.cambrapropietatgirona.com\/es\/wp-json\/wp\/v2\/tags?post=5357"}],"curies":[{"name":"wp","href":"https:\/\/api.w.org\/{rel}","templated":true}]}}