{"id":5281,"date":"2024-07-02T10:51:02","date_gmt":"2024-07-02T08:51:02","guid":{"rendered":"https:\/\/www.cambrapropietatgirona.com\/el-ministeri-de-consum-estudia-introduir-liva-als-pisos-turistics-per-reduir-ne-loferta-illegal\/"},"modified":"2024-07-02T10:53:12","modified_gmt":"2024-07-02T08:53:12","slug":"el-ministerio-de-consumo-estudia-introducir-el-iva-a-los-pisos-turisticos-para-reducir-la-oferta-ilegal","status":"publish","type":"post","link":"https:\/\/www.cambrapropietatgirona.com\/es\/el-ministerio-de-consumo-estudia-introducir-el-iva-a-los-pisos-turisticos-para-reducir-la-oferta-ilegal\/","title":{"rendered":"El Ministerio de Consumo estudia introducir el IVA a los pisos tur\u00edsticos para reducir la oferta ilegal"},"content":{"rendered":"<h2>El Ministerio de Consumo est\u00e1 planteando una serie de medidas que buscan la eliminaci\u00f3n de la publicidad de pisos tur\u00edsticos ilegales en plataformas de Internet y la limitaci\u00f3n de los alquileres y la aplicaci\u00f3n del IVA en la actividad de pisos tur\u00edsticos en Espa\u00f1a.<\/h2>\n<p>As\u00ed lo ha manifestado recientemente Pablo Bustinduy, ministro de Derechos Sociales, Consumo y Agenda 2030.<\/p>\n<p>&nbsp;<\/p>\n<p>En palabras de \u00e9ste, las viviendas tur\u00edsticas \u201cafectan negativamente la vida de muchas ciudades, haciendo que los precios del alquiler se incrementen, obligando a la gente a abandonar sus barrios y perjudicando a los comercios locales\u201d. Adem\u00e1s, el ministro afirma que \u201cen algunas ciudades, los alquileres de las viviendas destinadas a uso tur\u00edstico representan el 10% del total de los alquileres\u201d. Es por este motivo y para incentivar que la mayor\u00eda de los alquileres se destinen a uso de vivienda habitual, que \u00e9l considera que este tipo de viviendas deber\u00edan tributar como cualquier otra actividad comercial, aspecto que actualmente no ocurre y que tambi\u00e9n servir\u00eda para frenar el aumento de la oferta ilegal.<\/p>\n<p>Seg\u00fan la Agencia Tributaria, los propietarios que alquilan pisos para uso tur\u00edstico se consideran empresarios a efectos del IVA, pero estos arrendamientos est\u00e1n exentos y sujetos al Impuesto sobre Transmisiones Patrimoniales (ITP). Por lo tanto, actualmente el arrendador no est\u00e1 obligado a presentar ni a pagar el IVA, a diferencia de los alojamientos t\u00edpicos de la industria hotelera, que s\u00ed deben hacerlo.<\/p>\n<p>No es la primera vez que este gobierno de coalici\u00f3n prepara medidas en contra de los arrendamientos tur\u00edsticos. Ya en el mes de mayo, la ministra de Vivienda y Agenda Urbana, Isabel Rodr\u00edguez, se reuni\u00f3 con los gobiernos regionales para informarles sobre la adopci\u00f3n inminente de un reglamento europeo que establecer\u00e1 una plataforma \u00fanica en todo el pa\u00eds para registrar todos los pisos tur\u00edsticos legales. Adem\u00e1s, Rodr\u00edguez ha propuesto recientemente modificar la Ley de Propiedad Horizontal para permitir que las comunidades de propietarios puedan prohibir los pisos tur\u00edsticos. Seg\u00fan el gobierno, el objetivo de todas estas medidas es \u201cevitar las trampas de los propietarios que intentan esquivar el cumplimiento de la nueva ley de vivienda estatal, que limita los precios del alquiler\u201d.<\/p>\n","protected":false},"excerpt":{"rendered":"<p>El Ministerio de Consumo est\u00e1 planteando una serie de medidas que buscan la eliminaci\u00f3n de la publicidad de pisos tur\u00edsticos ilegales en plataformas de Internet y la limitaci\u00f3n de los alquileres y la aplicaci\u00f3n del IVA en la actividad de pisos tur\u00edsticos en Espa\u00f1a. As\u00ed lo ha manifestado recientemente Pablo Bustinduy, ministro de Derechos Sociales, [&hellip;]<\/p>\n","protected":false},"author":1,"featured_media":5280,"comment_status":"open","ping_status":"open","sticky":false,"template":"","format":"standard","meta":{"_acf_changed":false,"inline_featured_image":false,"disable_featured_image":false,"footnotes":""},"categories":[719],"tags":[],"class_list":["post-5281","post","type-post","status-publish","format-standard","has-post-thumbnail","hentry","category-arrendaments-es"],"acf":[],"yoast_head":"<!-- This site is optimized with the Yoast SEO plugin v27.5 - https:\/\/yoast.com\/product\/yoast-seo-wordpress\/ -->\n<title>El Ministerio de Consumo quiere introducir el IVA a pisos tur\u00edsticos - Cambra de la Propietat Urbana de Girona<\/title>\n<meta name=\"description\" content=\"Se est\u00e1n planteando unas medidas que buscan la limitaci\u00f3n del alquiler y la aplicaci\u00f3n del IVA en la actividad de pisos tur\u00edsticos.\" \/>\n<meta name=\"robots\" content=\"index, follow, max-snippet:-1, max-image-preview:large, max-video-preview:-1\" \/>\n<link rel=\"canonical\" href=\"https:\/\/www.cambrapropietatgirona.com\/es\/el-ministerio-de-consumo-estudia-introducir-el-iva-a-los-pisos-turisticos-para-reducir-la-oferta-ilegal\/\" \/>\n<meta property=\"og:locale\" content=\"es_ES\" \/>\n<meta property=\"og:type\" content=\"article\" \/>\n<meta property=\"og:title\" content=\"El Ministerio de Consumo quiere introducir el IVA a pisos tur\u00edsticos - Cambra de la Propietat Urbana de Girona\" \/>\n<meta property=\"og:description\" content=\"Se est\u00e1n planteando unas medidas que buscan la limitaci\u00f3n del alquiler y la aplicaci\u00f3n del IVA en la actividad de pisos tur\u00edsticos.\" \/>\n<meta property=\"og:url\" content=\"https:\/\/www.cambrapropietatgirona.com\/es\/el-ministerio-de-consumo-estudia-introducir-el-iva-a-los-pisos-turisticos-para-reducir-la-oferta-ilegal\/\" \/>\n<meta property=\"og:site_name\" content=\"Cambra de la Propietat Urbana de Girona\" \/>\n<meta property=\"article:published_time\" content=\"2024-07-02T08:51:02+00:00\" \/>\n<meta property=\"article:modified_time\" content=\"2024-07-02T08:53:12+00:00\" \/>\n<meta property=\"og:image\" content=\"http:\/\/www.cambrapropietatgirona.com\/wp-content\/uploads\/2024\/07\/cambra-portada.jpg\" \/>\n\t<meta property=\"og:image:width\" content=\"640\" \/>\n\t<meta property=\"og:image:height\" content=\"640\" \/>\n\t<meta property=\"og:image:type\" content=\"image\/jpeg\" \/>\n<meta name=\"author\" content=\"AE5GBNi67xK1QkS\" \/>\n<meta name=\"twitter:card\" content=\"summary_large_image\" \/>\n<meta name=\"twitter:label1\" content=\"Written by\" \/>\n\t<meta name=\"twitter:data1\" content=\"AE5GBNi67xK1QkS\" \/>\n\t<meta name=\"twitter:label2\" content=\"Est. reading time\" \/>\n\t<meta name=\"twitter:data2\" content=\"3 minutes\" \/>\n<script type=\"application\/ld+json\" class=\"yoast-schema-graph\">{\"@context\":\"https:\\\/\\\/schema.org\",\"@graph\":[{\"@type\":\"Article\",\"@id\":\"https:\\\/\\\/www.cambrapropietatgirona.com\\\/es\\\/el-ministerio-de-consumo-estudia-introducir-el-iva-a-los-pisos-turisticos-para-reducir-la-oferta-ilegal\\\/#article\",\"isPartOf\":{\"@id\":\"https:\\\/\\\/www.cambrapropietatgirona.com\\\/es\\\/el-ministerio-de-consumo-estudia-introducir-el-iva-a-los-pisos-turisticos-para-reducir-la-oferta-ilegal\\\/\"},\"author\":{\"name\":\"AE5GBNi67xK1QkS\",\"@id\":\"https:\\\/\\\/www.cambrapropietatgirona.com\\\/#\\\/schema\\\/person\\\/839c74db646ec3d6738ce2dcf5b3447c\"},\"headline\":\"El Ministerio de Consumo estudia introducir el IVA a los pisos tur\u00edsticos para reducir la oferta ilegal\",\"datePublished\":\"2024-07-02T08:51:02+00:00\",\"dateModified\":\"2024-07-02T08:53:12+00:00\",\"mainEntityOfPage\":{\"@id\":\"https:\\\/\\\/www.cambrapropietatgirona.com\\\/es\\\/el-ministerio-de-consumo-estudia-introducir-el-iva-a-los-pisos-turisticos-para-reducir-la-oferta-ilegal\\\/\"},\"wordCount\":400,\"commentCount\":0,\"publisher\":{\"@id\":\"https:\\\/\\\/www.cambrapropietatgirona.com\\\/#organization\"},\"image\":{\"@id\":\"https:\\\/\\\/www.cambrapropietatgirona.com\\\/es\\\/el-ministerio-de-consumo-estudia-introducir-el-iva-a-los-pisos-turisticos-para-reducir-la-oferta-ilegal\\\/#primaryimage\"},\"thumbnailUrl\":\"https:\\\/\\\/www.cambrapropietatgirona.com\\\/wp-content\\\/uploads\\\/2024\\\/07\\\/cambra-portada.jpg\",\"articleSection\":[\"Arrendaments\"],\"inLanguage\":\"es-ES\",\"potentialAction\":[{\"@type\":\"CommentAction\",\"name\":\"Comment\",\"target\":[\"https:\\\/\\\/www.cambrapropietatgirona.com\\\/es\\\/el-ministerio-de-consumo-estudia-introducir-el-iva-a-los-pisos-turisticos-para-reducir-la-oferta-ilegal\\\/#respond\"]}]},{\"@type\":\"WebPage\",\"@id\":\"https:\\\/\\\/www.cambrapropietatgirona.com\\\/es\\\/el-ministerio-de-consumo-estudia-introducir-el-iva-a-los-pisos-turisticos-para-reducir-la-oferta-ilegal\\\/\",\"url\":\"https:\\\/\\\/www.cambrapropietatgirona.com\\\/es\\\/el-ministerio-de-consumo-estudia-introducir-el-iva-a-los-pisos-turisticos-para-reducir-la-oferta-ilegal\\\/\",\"name\":\"El Ministerio de Consumo quiere introducir el IVA a pisos tur\u00edsticos - Cambra de la Propietat Urbana de Girona\",\"isPartOf\":{\"@id\":\"https:\\\/\\\/www.cambrapropietatgirona.com\\\/#website\"},\"primaryImageOfPage\":{\"@id\":\"https:\\\/\\\/www.cambrapropietatgirona.com\\\/es\\\/el-ministerio-de-consumo-estudia-introducir-el-iva-a-los-pisos-turisticos-para-reducir-la-oferta-ilegal\\\/#primaryimage\"},\"image\":{\"@id\":\"https:\\\/\\\/www.cambrapropietatgirona.com\\\/es\\\/el-ministerio-de-consumo-estudia-introducir-el-iva-a-los-pisos-turisticos-para-reducir-la-oferta-ilegal\\\/#primaryimage\"},\"thumbnailUrl\":\"https:\\\/\\\/www.cambrapropietatgirona.com\\\/wp-content\\\/uploads\\\/2024\\\/07\\\/cambra-portada.jpg\",\"datePublished\":\"2024-07-02T08:51:02+00:00\",\"dateModified\":\"2024-07-02T08:53:12+00:00\",\"description\":\"Se est\u00e1n planteando unas medidas que buscan la limitaci\u00f3n del alquiler y la aplicaci\u00f3n del IVA en la actividad de pisos tur\u00edsticos.\",\"breadcrumb\":{\"@id\":\"https:\\\/\\\/www.cambrapropietatgirona.com\\\/es\\\/el-ministerio-de-consumo-estudia-introducir-el-iva-a-los-pisos-turisticos-para-reducir-la-oferta-ilegal\\\/#breadcrumb\"},\"inLanguage\":\"es-ES\",\"potentialAction\":[{\"@type\":\"ReadAction\",\"target\":[\"https:\\\/\\\/www.cambrapropietatgirona.com\\\/es\\\/el-ministerio-de-consumo-estudia-introducir-el-iva-a-los-pisos-turisticos-para-reducir-la-oferta-ilegal\\\/\"]}]},{\"@type\":\"ImageObject\",\"inLanguage\":\"es-ES\",\"@id\":\"https:\\\/\\\/www.cambrapropietatgirona.com\\\/es\\\/el-ministerio-de-consumo-estudia-introducir-el-iva-a-los-pisos-turisticos-para-reducir-la-oferta-ilegal\\\/#primaryimage\",\"url\":\"https:\\\/\\\/www.cambrapropietatgirona.com\\\/wp-content\\\/uploads\\\/2024\\\/07\\\/cambra-portada.jpg\",\"contentUrl\":\"https:\\\/\\\/www.cambrapropietatgirona.com\\\/wp-content\\\/uploads\\\/2024\\\/07\\\/cambra-portada.jpg\",\"width\":640,\"height\":640,\"caption\":\"El Ministeri de Consum estudia introduir l\u2019IVA als pisos tur\u00edstics per reduir-ne l\u2019oferta il\u00b7legal\"},{\"@type\":\"BreadcrumbList\",\"@id\":\"https:\\\/\\\/www.cambrapropietatgirona.com\\\/es\\\/el-ministerio-de-consumo-estudia-introducir-el-iva-a-los-pisos-turisticos-para-reducir-la-oferta-ilegal\\\/#breadcrumb\",\"itemListElement\":[{\"@type\":\"ListItem\",\"position\":1,\"name\":\"Inici\",\"item\":\"https:\\\/\\\/www.cambrapropietatgirona.com\\\/\"},{\"@type\":\"ListItem\",\"position\":2,\"name\":\"El Ministerio de Consumo estudia introducir el IVA a los pisos tur\u00edsticos para reducir la oferta ilegal\"}]},{\"@type\":\"WebSite\",\"@id\":\"https:\\\/\\\/www.cambrapropietatgirona.com\\\/#website\",\"url\":\"https:\\\/\\\/www.cambrapropietatgirona.com\\\/\",\"name\":\"Cambra de la Propietat Urbana de Girona\",\"description\":\"Serveis immobiliaris integrals als propietaris\",\"publisher\":{\"@id\":\"https:\\\/\\\/www.cambrapropietatgirona.com\\\/#organization\"},\"potentialAction\":[{\"@type\":\"SearchAction\",\"target\":{\"@type\":\"EntryPoint\",\"urlTemplate\":\"https:\\\/\\\/www.cambrapropietatgirona.com\\\/?s={search_term_string}\"},\"query-input\":{\"@type\":\"PropertyValueSpecification\",\"valueRequired\":true,\"valueName\":\"search_term_string\"}}],\"inLanguage\":\"es-ES\"},{\"@type\":\"Organization\",\"@id\":\"https:\\\/\\\/www.cambrapropietatgirona.com\\\/#organization\",\"name\":\"Cambra de la Propietat Urbana de Girona\",\"url\":\"https:\\\/\\\/www.cambrapropietatgirona.com\\\/\",\"logo\":{\"@type\":\"ImageObject\",\"inLanguage\":\"es-ES\",\"@id\":\"https:\\\/\\\/www.cambrapropietatgirona.com\\\/#\\\/schema\\\/logo\\\/image\\\/\",\"url\":\"https:\\\/\\\/www.cambrapropietatgirona.com\\\/wp-content\\\/uploads\\\/2018\\\/01\\\/favicon.jpg\",\"contentUrl\":\"https:\\\/\\\/www.cambrapropietatgirona.com\\\/wp-content\\\/uploads\\\/2018\\\/01\\\/favicon.jpg\",\"width\":277,\"height\":269,\"caption\":\"Cambra de la Propietat Urbana de Girona\"},\"image\":{\"@id\":\"https:\\\/\\\/www.cambrapropietatgirona.com\\\/#\\\/schema\\\/logo\\\/image\\\/\"}},{\"@type\":\"Person\",\"@id\":\"https:\\\/\\\/www.cambrapropietatgirona.com\\\/#\\\/schema\\\/person\\\/839c74db646ec3d6738ce2dcf5b3447c\",\"name\":\"AE5GBNi67xK1QkS\",\"image\":{\"@type\":\"ImageObject\",\"inLanguage\":\"es-ES\",\"@id\":\"https:\\\/\\\/secure.gravatar.com\\\/avatar\\\/4a49b57693d82ed8aed27ea81234f80da517724ec1cc1f1fb4952b6cf4b80fd7?s=96&d=mm&r=g\",\"url\":\"https:\\\/\\\/secure.gravatar.com\\\/avatar\\\/4a49b57693d82ed8aed27ea81234f80da517724ec1cc1f1fb4952b6cf4b80fd7?s=96&d=mm&r=g\",\"contentUrl\":\"https:\\\/\\\/secure.gravatar.com\\\/avatar\\\/4a49b57693d82ed8aed27ea81234f80da517724ec1cc1f1fb4952b6cf4b80fd7?s=96&d=mm&r=g\",\"caption\":\"AE5GBNi67xK1QkS\"},\"url\":\"https:\\\/\\\/www.cambrapropietatgirona.com\\\/es\\\/author\\\/ae5gbni67xk1qks\\\/\"}]}<\/script>\n<!-- \/ Yoast SEO plugin. -->","yoast_head_json":{"title":"El Ministerio de Consumo quiere introducir el IVA a pisos tur\u00edsticos - Cambra de la Propietat Urbana de Girona","description":"Se est\u00e1n planteando unas medidas que buscan la limitaci\u00f3n del alquiler y la aplicaci\u00f3n del IVA en la actividad de pisos tur\u00edsticos.","robots":{"index":"index","follow":"follow","max-snippet":"max-snippet:-1","max-image-preview":"max-image-preview:large","max-video-preview":"max-video-preview:-1"},"canonical":"https:\/\/www.cambrapropietatgirona.com\/es\/el-ministerio-de-consumo-estudia-introducir-el-iva-a-los-pisos-turisticos-para-reducir-la-oferta-ilegal\/","og_locale":"es_ES","og_type":"article","og_title":"El Ministerio de Consumo quiere introducir el IVA a pisos tur\u00edsticos - Cambra de la Propietat Urbana de Girona","og_description":"Se est\u00e1n planteando unas medidas que buscan la limitaci\u00f3n del alquiler y la aplicaci\u00f3n del IVA en la actividad de pisos tur\u00edsticos.","og_url":"https:\/\/www.cambrapropietatgirona.com\/es\/el-ministerio-de-consumo-estudia-introducir-el-iva-a-los-pisos-turisticos-para-reducir-la-oferta-ilegal\/","og_site_name":"Cambra de la Propietat Urbana de Girona","article_published_time":"2024-07-02T08:51:02+00:00","article_modified_time":"2024-07-02T08:53:12+00:00","og_image":[{"width":640,"height":640,"url":"http:\/\/www.cambrapropietatgirona.com\/wp-content\/uploads\/2024\/07\/cambra-portada.jpg","type":"image\/jpeg"}],"author":"AE5GBNi67xK1QkS","twitter_card":"summary_large_image","twitter_misc":{"Written by":"AE5GBNi67xK1QkS","Est. reading time":"3 minutes"},"schema":{"@context":"https:\/\/schema.org","@graph":[{"@type":"Article","@id":"https:\/\/www.cambrapropietatgirona.com\/es\/el-ministerio-de-consumo-estudia-introducir-el-iva-a-los-pisos-turisticos-para-reducir-la-oferta-ilegal\/#article","isPartOf":{"@id":"https:\/\/www.cambrapropietatgirona.com\/es\/el-ministerio-de-consumo-estudia-introducir-el-iva-a-los-pisos-turisticos-para-reducir-la-oferta-ilegal\/"},"author":{"name":"AE5GBNi67xK1QkS","@id":"https:\/\/www.cambrapropietatgirona.com\/#\/schema\/person\/839c74db646ec3d6738ce2dcf5b3447c"},"headline":"El Ministerio de Consumo estudia introducir el IVA a los pisos tur\u00edsticos para reducir la oferta ilegal","datePublished":"2024-07-02T08:51:02+00:00","dateModified":"2024-07-02T08:53:12+00:00","mainEntityOfPage":{"@id":"https:\/\/www.cambrapropietatgirona.com\/es\/el-ministerio-de-consumo-estudia-introducir-el-iva-a-los-pisos-turisticos-para-reducir-la-oferta-ilegal\/"},"wordCount":400,"commentCount":0,"publisher":{"@id":"https:\/\/www.cambrapropietatgirona.com\/#organization"},"image":{"@id":"https:\/\/www.cambrapropietatgirona.com\/es\/el-ministerio-de-consumo-estudia-introducir-el-iva-a-los-pisos-turisticos-para-reducir-la-oferta-ilegal\/#primaryimage"},"thumbnailUrl":"https:\/\/www.cambrapropietatgirona.com\/wp-content\/uploads\/2024\/07\/cambra-portada.jpg","articleSection":["Arrendaments"],"inLanguage":"es-ES","potentialAction":[{"@type":"CommentAction","name":"Comment","target":["https:\/\/www.cambrapropietatgirona.com\/es\/el-ministerio-de-consumo-estudia-introducir-el-iva-a-los-pisos-turisticos-para-reducir-la-oferta-ilegal\/#respond"]}]},{"@type":"WebPage","@id":"https:\/\/www.cambrapropietatgirona.com\/es\/el-ministerio-de-consumo-estudia-introducir-el-iva-a-los-pisos-turisticos-para-reducir-la-oferta-ilegal\/","url":"https:\/\/www.cambrapropietatgirona.com\/es\/el-ministerio-de-consumo-estudia-introducir-el-iva-a-los-pisos-turisticos-para-reducir-la-oferta-ilegal\/","name":"El Ministerio de Consumo quiere introducir el IVA a pisos tur\u00edsticos - Cambra de la Propietat Urbana de Girona","isPartOf":{"@id":"https:\/\/www.cambrapropietatgirona.com\/#website"},"primaryImageOfPage":{"@id":"https:\/\/www.cambrapropietatgirona.com\/es\/el-ministerio-de-consumo-estudia-introducir-el-iva-a-los-pisos-turisticos-para-reducir-la-oferta-ilegal\/#primaryimage"},"image":{"@id":"https:\/\/www.cambrapropietatgirona.com\/es\/el-ministerio-de-consumo-estudia-introducir-el-iva-a-los-pisos-turisticos-para-reducir-la-oferta-ilegal\/#primaryimage"},"thumbnailUrl":"https:\/\/www.cambrapropietatgirona.com\/wp-content\/uploads\/2024\/07\/cambra-portada.jpg","datePublished":"2024-07-02T08:51:02+00:00","dateModified":"2024-07-02T08:53:12+00:00","description":"Se est\u00e1n planteando unas medidas que buscan la limitaci\u00f3n del alquiler y la aplicaci\u00f3n del IVA en la actividad de pisos tur\u00edsticos.","breadcrumb":{"@id":"https:\/\/www.cambrapropietatgirona.com\/es\/el-ministerio-de-consumo-estudia-introducir-el-iva-a-los-pisos-turisticos-para-reducir-la-oferta-ilegal\/#breadcrumb"},"inLanguage":"es-ES","potentialAction":[{"@type":"ReadAction","target":["https:\/\/www.cambrapropietatgirona.com\/es\/el-ministerio-de-consumo-estudia-introducir-el-iva-a-los-pisos-turisticos-para-reducir-la-oferta-ilegal\/"]}]},{"@type":"ImageObject","inLanguage":"es-ES","@id":"https:\/\/www.cambrapropietatgirona.com\/es\/el-ministerio-de-consumo-estudia-introducir-el-iva-a-los-pisos-turisticos-para-reducir-la-oferta-ilegal\/#primaryimage","url":"https:\/\/www.cambrapropietatgirona.com\/wp-content\/uploads\/2024\/07\/cambra-portada.jpg","contentUrl":"https:\/\/www.cambrapropietatgirona.com\/wp-content\/uploads\/2024\/07\/cambra-portada.jpg","width":640,"height":640,"caption":"El Ministeri de Consum estudia introduir l\u2019IVA als pisos tur\u00edstics per reduir-ne l\u2019oferta il\u00b7legal"},{"@type":"BreadcrumbList","@id":"https:\/\/www.cambrapropietatgirona.com\/es\/el-ministerio-de-consumo-estudia-introducir-el-iva-a-los-pisos-turisticos-para-reducir-la-oferta-ilegal\/#breadcrumb","itemListElement":[{"@type":"ListItem","position":1,"name":"Inici","item":"https:\/\/www.cambrapropietatgirona.com\/"},{"@type":"ListItem","position":2,"name":"El Ministerio de Consumo estudia introducir el IVA a los pisos tur\u00edsticos para reducir la oferta ilegal"}]},{"@type":"WebSite","@id":"https:\/\/www.cambrapropietatgirona.com\/#website","url":"https:\/\/www.cambrapropietatgirona.com\/","name":"Cambra de la Propietat Urbana de Girona","description":"Serveis immobiliaris integrals als propietaris","publisher":{"@id":"https:\/\/www.cambrapropietatgirona.com\/#organization"},"potentialAction":[{"@type":"SearchAction","target":{"@type":"EntryPoint","urlTemplate":"https:\/\/www.cambrapropietatgirona.com\/?s={search_term_string}"},"query-input":{"@type":"PropertyValueSpecification","valueRequired":true,"valueName":"search_term_string"}}],"inLanguage":"es-ES"},{"@type":"Organization","@id":"https:\/\/www.cambrapropietatgirona.com\/#organization","name":"Cambra de la Propietat Urbana de Girona","url":"https:\/\/www.cambrapropietatgirona.com\/","logo":{"@type":"ImageObject","inLanguage":"es-ES","@id":"https:\/\/www.cambrapropietatgirona.com\/#\/schema\/logo\/image\/","url":"https:\/\/www.cambrapropietatgirona.com\/wp-content\/uploads\/2018\/01\/favicon.jpg","contentUrl":"https:\/\/www.cambrapropietatgirona.com\/wp-content\/uploads\/2018\/01\/favicon.jpg","width":277,"height":269,"caption":"Cambra de la Propietat Urbana de Girona"},"image":{"@id":"https:\/\/www.cambrapropietatgirona.com\/#\/schema\/logo\/image\/"}},{"@type":"Person","@id":"https:\/\/www.cambrapropietatgirona.com\/#\/schema\/person\/839c74db646ec3d6738ce2dcf5b3447c","name":"AE5GBNi67xK1QkS","image":{"@type":"ImageObject","inLanguage":"es-ES","@id":"https:\/\/secure.gravatar.com\/avatar\/4a49b57693d82ed8aed27ea81234f80da517724ec1cc1f1fb4952b6cf4b80fd7?s=96&d=mm&r=g","url":"https:\/\/secure.gravatar.com\/avatar\/4a49b57693d82ed8aed27ea81234f80da517724ec1cc1f1fb4952b6cf4b80fd7?s=96&d=mm&r=g","contentUrl":"https:\/\/secure.gravatar.com\/avatar\/4a49b57693d82ed8aed27ea81234f80da517724ec1cc1f1fb4952b6cf4b80fd7?s=96&d=mm&r=g","caption":"AE5GBNi67xK1QkS"},"url":"https:\/\/www.cambrapropietatgirona.com\/es\/author\/ae5gbni67xk1qks\/"}]}},"_links":{"self":[{"href":"https:\/\/www.cambrapropietatgirona.com\/es\/wp-json\/wp\/v2\/posts\/5281","targetHints":{"allow":["GET"]}}],"collection":[{"href":"https:\/\/www.cambrapropietatgirona.com\/es\/wp-json\/wp\/v2\/posts"}],"about":[{"href":"https:\/\/www.cambrapropietatgirona.com\/es\/wp-json\/wp\/v2\/types\/post"}],"author":[{"embeddable":true,"href":"https:\/\/www.cambrapropietatgirona.com\/es\/wp-json\/wp\/v2\/users\/1"}],"replies":[{"embeddable":true,"href":"https:\/\/www.cambrapropietatgirona.com\/es\/wp-json\/wp\/v2\/comments?post=5281"}],"version-history":[{"count":2,"href":"https:\/\/www.cambrapropietatgirona.com\/es\/wp-json\/wp\/v2\/posts\/5281\/revisions"}],"predecessor-version":[{"id":5283,"href":"https:\/\/www.cambrapropietatgirona.com\/es\/wp-json\/wp\/v2\/posts\/5281\/revisions\/5283"}],"wp:featuredmedia":[{"embeddable":true,"href":"https:\/\/www.cambrapropietatgirona.com\/es\/wp-json\/wp\/v2\/media\/5280"}],"wp:attachment":[{"href":"https:\/\/www.cambrapropietatgirona.com\/es\/wp-json\/wp\/v2\/media?parent=5281"}],"wp:term":[{"taxonomy":"category","embeddable":true,"href":"https:\/\/www.cambrapropietatgirona.com\/es\/wp-json\/wp\/v2\/categories?post=5281"},{"taxonomy":"post_tag","embeddable":true,"href":"https:\/\/www.cambrapropietatgirona.com\/es\/wp-json\/wp\/v2\/tags?post=5281"}],"curies":[{"name":"wp","href":"https:\/\/api.w.org\/{rel}","templated":true}]}}