{"id":5202,"date":"2024-05-03T09:57:28","date_gmt":"2024-05-03T07:57:28","guid":{"rendered":"https:\/\/www.cambrapropietatgirona.com\/?p=5202"},"modified":"2024-05-03T09:57:28","modified_gmt":"2024-05-03T07:57:28","slug":"aprobado-por-el-gobierno-de-la-generalitat-un-nuevo-decreto-ley-que-regula-los-alquileres-de-temporada-y-de-habitacion","status":"publish","type":"post","link":"https:\/\/www.cambrapropietatgirona.com\/es\/aprobado-por-el-gobierno-de-la-generalitat-un-nuevo-decreto-ley-que-regula-los-alquileres-de-temporada-y-de-habitacion\/","title":{"rendered":"Aprobado por el Gobierno de la Generalitat un Nuevo Decreto Ley que regula los alquileres de temporada y de habitaci\u00f3n"},"content":{"rendered":"<h2>El Gobierno ha aprobado un Decreto Ley que regula los alquileres de temporada y de habitaciones y que entrar\u00e1 en vigor al d\u00eda siguiente de su publicaci\u00f3n en el DOGC.<\/h2>\n<p>Esta es la nota de prensa publicada por la Generalitat. En los pr\u00f3ximos d\u00edas ofreceremos nuestro resumen, una vez hayamos estudiado detenidamente el contenido del mencionado Decreto Ley, que debe ser aprobado por el Parlamento dentro de los 30 d\u00edas siguientes.<\/p>\n<p>Seg\u00fan se indica textualmente en la nota de prensa, &#8220;<strong>la norma, que contiene tambi\u00e9n unas obligaciones en materia de informaci\u00f3n y un r\u00e9gimen sancionador, responde a la necesidad urgente e inaplazable de salvaguardar los derechos de las personas arrendatarias y garantizar la efectiva y directa aplicaci\u00f3n de las medidas que prev\u00e9 la Ley estatal por el derecho a la vivienda respecto a la limitaci\u00f3n de los precios del alquiler<\/strong>.&#8221;<\/p>\n<p>&#8220;El Decreto Ley modifica diversos art\u00edculos de la Ley catalana del derecho a la vivienda (18\/2007) y, para evitar interpretaciones interesadas, precisa que el alquiler de temporada es aquel con finalidades de ocio, vacaciones, recreativas o culturales (cert\u00e1menes, congresos, ferias, festivales, eventos, etc.).\u201d<\/p>\n<p>Hasta ahora, los contratos de temporada estaban incluidos en los usos diferentes de vivienda y, por lo tanto, no les resultaba de aplicaci\u00f3n la contenci\u00f3n de rentas.<\/p>\n<p><strong>Con el nuevo Decreto Ley, sin embargo, se determina que el arrendamiento de vivienda para &#8220;fines profesionales, laborales, de estudios, de atenci\u00f3n o asistencia m\u00e9dica u otras an\u00e1logas se considera un alquiler destinado a cubrir necesidades de vivienda permanente, aunque con una duraci\u00f3n temporal&#8221;.<\/strong><\/p>\n<p>De esta manera, pasa a incluir el alquiler de temporada, en los casos antes mencionados, en un alquiler sometido a la regulaci\u00f3n de alquiler de vivienda y por tanto queda sometido al r\u00e9gimen de contenci\u00f3n de rentas y al resto de normativa sobre la renta incluida la prohibici\u00f3n de repercutir al inquilino los gastos de gesti\u00f3n inmobiliaria y de formalizaci\u00f3n del contrato.<\/p>\n<p>As\u00ed, a partir del d\u00eda siguiente a su publicaci\u00f3n en el DOGC, aunque no lo haya ratificado el Parlamento, ser\u00e1 obligatorio hacer constar en todos los contratos de alquiler la finalidad o causa del arrendamiento. Previendo expresamente que, si no se indica la finalidad &#8220;se considerar\u00e1 vivienda permanente.&#8221;<\/p>\n<p><strong>No obstante, establece en relaci\u00f3n con los arrendamientos de vivienda por habitaciones, que &#8220;la suma de las rentas pactadas en los diversos contratos de vigencia simult\u00e1nea de una vivienda ubicada en una zona de mercado residencial tensionado no puede superar la renta m\u00e1xima que le ser\u00eda aplicable si se alquilase como vivienda unitaria.&#8221;<\/strong><\/p>\n<p>En materia de publicidad e informaci\u00f3n determina que, en los anuncios, las ofertas y los contratos de alquileres ser\u00e1 obligatorio informar sobre el precio de referencia del alquiler que resulte del sistema de \u00edndices, la renta del \u00faltimo contrato vigente de los \u00faltimos cinco a\u00f1os y la condici\u00f3n de gran tenedor del propietario, si es el caso.<\/p>\n<h4>Para garantizar el cumplimiento de estas nuevas obligaciones el nuevo Decreto Ley incluye un r\u00e9gimen sancionador que, entre otras, considera:<\/h4>\n<ul>\n<li><strong>Infracci\u00f3n muy grave:<\/strong> alquilar la vivienda por un precio que supere el 30% del m\u00e1ximo aplicable seg\u00fan el r\u00e9gimen de contenci\u00f3n de precios.<\/li>\n<li><strong>Infracciones graves: <\/strong>alquilarla por un precio superior de entre el 10% y el 30%; no hacer constar en el contrato la causa o finalidad del arrendamiento y repercutir en los arrendatarios los gastos de gesti\u00f3n inmobiliaria, as\u00ed como los de formalizaci\u00f3n del contrato.<\/li>\n<li><strong>Infracci\u00f3n leve:<\/strong> no hacer constar la informaci\u00f3n requerida en la publicidad, las ofertas o los contratos y alquilar el piso por un precio que supere hasta un 10% el m\u00e1ximo aplicable en la contenci\u00f3n de rentas.<\/li>\n<\/ul>\n<h4>Finalmente, la nota de prensa avanza que &#8220;la nueva norma refuerza la capacidad de la Generalitat de aumentar el parque p\u00fablico de alquiler con dos medidas:<\/h4>\n<ul>\n<li>Que la Administraci\u00f3n tenga derecho preferente de compra sobre la transmisi\u00f3n de viviendas en zonas declaradas de mercado residencial tensionado. Este derecho de tanteo y retracto se ejercer\u00e1 en caso de viviendas propiedad de un gran tenedor persona jur\u00eddica inscrita en el registro de grandes tenedores de vivienda, as\u00ed como en el caso de viviendas obtenidas en los procesos de ejecuci\u00f3n hipotecaria o mediante compensaci\u00f3n del pago de la deuda con garant\u00eda hipotecaria.<\/li>\n<li>Dotando de m\u00e1s m\u00fasculo financiero al Instituto Catal\u00e1n del Suelo (Incasol). En este caso, se autoriza que rebaje del 10% al 5% el porcentaje de disponibilidad de los recursos de las fianzas que se deben mantener para garantizar la efectividad en el pago de las cancelaciones y las devoluciones que pueda haber.<\/li>\n<\/ul>\n<h3><strong>Si desea ampliar esta informaci\u00f3n sobre el nuevo Decreto Ley que regula los alquileres de temporada y de habitaciones no dude en contactar con nuestro <a href=\"https:\/\/www.cambrapropietatgirona.com\/es\/asesoria-juridica\/\" target=\"_blank\" rel=\"noopener\">Servicio Jur\u00eddico<\/a> si necesita asesoramiento particular.<\/strong><\/h3>\n","protected":false},"excerpt":{"rendered":"<p>El Gobierno ha aprobado un Decreto Ley que regula los alquileres de temporada y de habitaciones y que entrar\u00e1 en vigor al d\u00eda siguiente de su publicaci\u00f3n en el DOGC. Esta es la nota de prensa publicada por la Generalitat. En los pr\u00f3ximos d\u00edas ofreceremos nuestro resumen, una vez hayamos estudiado detenidamente el contenido del [&hellip;]<\/p>\n","protected":false},"author":1,"featured_media":5193,"comment_status":"open","ping_status":"open","sticky":false,"template":"","format":"standard","meta":{"_acf_changed":false,"inline_featured_image":false,"disable_featured_image":false,"footnotes":""},"categories":[13,931],"tags":[963],"class_list":["post-5202","post","type-post","status-publish","format-standard","has-post-thumbnail","hentry","category-actualidad","category-ley-de-la-vivienda","tag-regulacion-precios-de-los-alquileres"],"acf":[],"yoast_head":"<!-- This site is optimized with the Yoast SEO plugin v27.5 - https:\/\/yoast.com\/product\/yoast-seo-wordpress\/ -->\n<title>Decreto ley . Regula los alquileres de temporada y de habitaciones - Cambra de la Propietat Urbana de Girona<\/title>\n<meta name=\"description\" content=\"El Gobierno ha aprobado un Nuevo Drecreto Ley que regula los arrendamientos temporales y los alquileres de habitaciones. Te lo explicamos\" \/>\n<meta name=\"robots\" content=\"index, follow, max-snippet:-1, max-image-preview:large, max-video-preview:-1\" \/>\n<link rel=\"canonical\" href=\"https:\/\/www.cambrapropietatgirona.com\/es\/aprobado-por-el-gobierno-de-la-generalitat-un-nuevo-decreto-ley-que-regula-los-alquileres-de-temporada-y-de-habitacion\/\" \/>\n<meta property=\"og:locale\" content=\"es_ES\" \/>\n<meta property=\"og:type\" content=\"article\" \/>\n<meta property=\"og:title\" content=\"Decreto ley . Regula los alquileres de temporada y de habitaciones - Cambra de la Propietat Urbana de Girona\" \/>\n<meta property=\"og:description\" content=\"El Gobierno ha aprobado un Nuevo Drecreto Ley que regula los arrendamientos temporales y los alquileres de habitaciones. Te lo explicamos\" \/>\n<meta property=\"og:url\" content=\"https:\/\/www.cambrapropietatgirona.com\/es\/aprobado-por-el-gobierno-de-la-generalitat-un-nuevo-decreto-ley-que-regula-los-alquileres-de-temporada-y-de-habitacion\/\" \/>\n<meta property=\"og:site_name\" content=\"Cambra de la Propietat Urbana de Girona\" \/>\n<meta property=\"article:published_time\" content=\"2024-05-03T07:57:28+00:00\" \/>\n<meta property=\"og:image\" content=\"http:\/\/www.cambrapropietatgirona.com\/wp-content\/uploads\/2024\/04\/alquiler-vacacionak.jpg\" \/>\n\t<meta property=\"og:image:width\" content=\"640\" \/>\n\t<meta property=\"og:image:height\" content=\"640\" \/>\n\t<meta property=\"og:image:type\" content=\"image\/jpeg\" \/>\n<meta name=\"author\" content=\"AE5GBNi67xK1QkS\" \/>\n<meta name=\"twitter:card\" content=\"summary_large_image\" \/>\n<meta name=\"twitter:label1\" content=\"Written by\" \/>\n\t<meta name=\"twitter:data1\" content=\"AE5GBNi67xK1QkS\" \/>\n\t<meta name=\"twitter:label2\" content=\"Est. reading time\" \/>\n\t<meta name=\"twitter:data2\" content=\"5 minutes\" \/>\n<script type=\"application\/ld+json\" class=\"yoast-schema-graph\">{\"@context\":\"https:\\\/\\\/schema.org\",\"@graph\":[{\"@type\":\"Article\",\"@id\":\"https:\\\/\\\/www.cambrapropietatgirona.com\\\/es\\\/aprobado-por-el-gobierno-de-la-generalitat-un-nuevo-decreto-ley-que-regula-los-alquileres-de-temporada-y-de-habitacion\\\/#article\",\"isPartOf\":{\"@id\":\"https:\\\/\\\/www.cambrapropietatgirona.com\\\/es\\\/aprobado-por-el-gobierno-de-la-generalitat-un-nuevo-decreto-ley-que-regula-los-alquileres-de-temporada-y-de-habitacion\\\/\"},\"author\":{\"name\":\"AE5GBNi67xK1QkS\",\"@id\":\"https:\\\/\\\/www.cambrapropietatgirona.com\\\/#\\\/schema\\\/person\\\/839c74db646ec3d6738ce2dcf5b3447c\"},\"headline\":\"Aprobado por el Gobierno de la Generalitat un Nuevo Decreto Ley que regula los alquileres de temporada y de habitaci\u00f3n\",\"datePublished\":\"2024-05-03T07:57:28+00:00\",\"mainEntityOfPage\":{\"@id\":\"https:\\\/\\\/www.cambrapropietatgirona.com\\\/es\\\/aprobado-por-el-gobierno-de-la-generalitat-un-nuevo-decreto-ley-que-regula-los-alquileres-de-temporada-y-de-habitacion\\\/\"},\"wordCount\":849,\"commentCount\":0,\"publisher\":{\"@id\":\"https:\\\/\\\/www.cambrapropietatgirona.com\\\/#organization\"},\"image\":{\"@id\":\"https:\\\/\\\/www.cambrapropietatgirona.com\\\/es\\\/aprobado-por-el-gobierno-de-la-generalitat-un-nuevo-decreto-ley-que-regula-los-alquileres-de-temporada-y-de-habitacion\\\/#primaryimage\"},\"thumbnailUrl\":\"https:\\\/\\\/www.cambrapropietatgirona.com\\\/wp-content\\\/uploads\\\/2024\\\/04\\\/alquiler-vacacionak.jpg\",\"keywords\":[\"Regulaci\u00f3n precios de los alquileres\"],\"articleSection\":[\"Actualidad\",\"ley de la vivienda\"],\"inLanguage\":\"es-ES\",\"potentialAction\":[{\"@type\":\"CommentAction\",\"name\":\"Comment\",\"target\":[\"https:\\\/\\\/www.cambrapropietatgirona.com\\\/es\\\/aprobado-por-el-gobierno-de-la-generalitat-un-nuevo-decreto-ley-que-regula-los-alquileres-de-temporada-y-de-habitacion\\\/#respond\"]}]},{\"@type\":\"WebPage\",\"@id\":\"https:\\\/\\\/www.cambrapropietatgirona.com\\\/es\\\/aprobado-por-el-gobierno-de-la-generalitat-un-nuevo-decreto-ley-que-regula-los-alquileres-de-temporada-y-de-habitacion\\\/\",\"url\":\"https:\\\/\\\/www.cambrapropietatgirona.com\\\/es\\\/aprobado-por-el-gobierno-de-la-generalitat-un-nuevo-decreto-ley-que-regula-los-alquileres-de-temporada-y-de-habitacion\\\/\",\"name\":\"Decreto ley . Regula los alquileres de temporada y de habitaciones - Cambra de la Propietat Urbana de Girona\",\"isPartOf\":{\"@id\":\"https:\\\/\\\/www.cambrapropietatgirona.com\\\/#website\"},\"primaryImageOfPage\":{\"@id\":\"https:\\\/\\\/www.cambrapropietatgirona.com\\\/es\\\/aprobado-por-el-gobierno-de-la-generalitat-un-nuevo-decreto-ley-que-regula-los-alquileres-de-temporada-y-de-habitacion\\\/#primaryimage\"},\"image\":{\"@id\":\"https:\\\/\\\/www.cambrapropietatgirona.com\\\/es\\\/aprobado-por-el-gobierno-de-la-generalitat-un-nuevo-decreto-ley-que-regula-los-alquileres-de-temporada-y-de-habitacion\\\/#primaryimage\"},\"thumbnailUrl\":\"https:\\\/\\\/www.cambrapropietatgirona.com\\\/wp-content\\\/uploads\\\/2024\\\/04\\\/alquiler-vacacionak.jpg\",\"datePublished\":\"2024-05-03T07:57:28+00:00\",\"description\":\"El Gobierno ha aprobado un Nuevo Drecreto Ley que regula los arrendamientos temporales y los alquileres de habitaciones. Te lo explicamos\",\"breadcrumb\":{\"@id\":\"https:\\\/\\\/www.cambrapropietatgirona.com\\\/es\\\/aprobado-por-el-gobierno-de-la-generalitat-un-nuevo-decreto-ley-que-regula-los-alquileres-de-temporada-y-de-habitacion\\\/#breadcrumb\"},\"inLanguage\":\"es-ES\",\"potentialAction\":[{\"@type\":\"ReadAction\",\"target\":[\"https:\\\/\\\/www.cambrapropietatgirona.com\\\/es\\\/aprobado-por-el-gobierno-de-la-generalitat-un-nuevo-decreto-ley-que-regula-los-alquileres-de-temporada-y-de-habitacion\\\/\"]}]},{\"@type\":\"ImageObject\",\"inLanguage\":\"es-ES\",\"@id\":\"https:\\\/\\\/www.cambrapropietatgirona.com\\\/es\\\/aprobado-por-el-gobierno-de-la-generalitat-un-nuevo-decreto-ley-que-regula-los-alquileres-de-temporada-y-de-habitacion\\\/#primaryimage\",\"url\":\"https:\\\/\\\/www.cambrapropietatgirona.com\\\/wp-content\\\/uploads\\\/2024\\\/04\\\/alquiler-vacacionak.jpg\",\"contentUrl\":\"https:\\\/\\\/www.cambrapropietatgirona.com\\\/wp-content\\\/uploads\\\/2024\\\/04\\\/alquiler-vacacionak.jpg\",\"width\":640,\"height\":640,\"caption\":\"Nou Decret Llei que regula els lloguers de temporada i d\u2019habitaci\u00f3\"},{\"@type\":\"BreadcrumbList\",\"@id\":\"https:\\\/\\\/www.cambrapropietatgirona.com\\\/es\\\/aprobado-por-el-gobierno-de-la-generalitat-un-nuevo-decreto-ley-que-regula-los-alquileres-de-temporada-y-de-habitacion\\\/#breadcrumb\",\"itemListElement\":[{\"@type\":\"ListItem\",\"position\":1,\"name\":\"Inici\",\"item\":\"https:\\\/\\\/www.cambrapropietatgirona.com\\\/\"},{\"@type\":\"ListItem\",\"position\":2,\"name\":\"Aprobado por el Gobierno de la Generalitat un Nuevo Decreto Ley que regula los alquileres de temporada y de habitaci\u00f3n\"}]},{\"@type\":\"WebSite\",\"@id\":\"https:\\\/\\\/www.cambrapropietatgirona.com\\\/#website\",\"url\":\"https:\\\/\\\/www.cambrapropietatgirona.com\\\/\",\"name\":\"Cambra de la Propietat Urbana de Girona\",\"description\":\"Serveis immobiliaris integrals als propietaris\",\"publisher\":{\"@id\":\"https:\\\/\\\/www.cambrapropietatgirona.com\\\/#organization\"},\"potentialAction\":[{\"@type\":\"SearchAction\",\"target\":{\"@type\":\"EntryPoint\",\"urlTemplate\":\"https:\\\/\\\/www.cambrapropietatgirona.com\\\/?s={search_term_string}\"},\"query-input\":{\"@type\":\"PropertyValueSpecification\",\"valueRequired\":true,\"valueName\":\"search_term_string\"}}],\"inLanguage\":\"es-ES\"},{\"@type\":\"Organization\",\"@id\":\"https:\\\/\\\/www.cambrapropietatgirona.com\\\/#organization\",\"name\":\"Cambra de la Propietat Urbana de Girona\",\"url\":\"https:\\\/\\\/www.cambrapropietatgirona.com\\\/\",\"logo\":{\"@type\":\"ImageObject\",\"inLanguage\":\"es-ES\",\"@id\":\"https:\\\/\\\/www.cambrapropietatgirona.com\\\/#\\\/schema\\\/logo\\\/image\\\/\",\"url\":\"https:\\\/\\\/www.cambrapropietatgirona.com\\\/wp-content\\\/uploads\\\/2018\\\/01\\\/favicon.jpg\",\"contentUrl\":\"https:\\\/\\\/www.cambrapropietatgirona.com\\\/wp-content\\\/uploads\\\/2018\\\/01\\\/favicon.jpg\",\"width\":277,\"height\":269,\"caption\":\"Cambra de la Propietat Urbana de Girona\"},\"image\":{\"@id\":\"https:\\\/\\\/www.cambrapropietatgirona.com\\\/#\\\/schema\\\/logo\\\/image\\\/\"}},{\"@type\":\"Person\",\"@id\":\"https:\\\/\\\/www.cambrapropietatgirona.com\\\/#\\\/schema\\\/person\\\/839c74db646ec3d6738ce2dcf5b3447c\",\"name\":\"AE5GBNi67xK1QkS\",\"image\":{\"@type\":\"ImageObject\",\"inLanguage\":\"es-ES\",\"@id\":\"https:\\\/\\\/secure.gravatar.com\\\/avatar\\\/4a49b57693d82ed8aed27ea81234f80da517724ec1cc1f1fb4952b6cf4b80fd7?s=96&d=mm&r=g\",\"url\":\"https:\\\/\\\/secure.gravatar.com\\\/avatar\\\/4a49b57693d82ed8aed27ea81234f80da517724ec1cc1f1fb4952b6cf4b80fd7?s=96&d=mm&r=g\",\"contentUrl\":\"https:\\\/\\\/secure.gravatar.com\\\/avatar\\\/4a49b57693d82ed8aed27ea81234f80da517724ec1cc1f1fb4952b6cf4b80fd7?s=96&d=mm&r=g\",\"caption\":\"AE5GBNi67xK1QkS\"},\"url\":\"https:\\\/\\\/www.cambrapropietatgirona.com\\\/es\\\/author\\\/ae5gbni67xk1qks\\\/\"}]}<\/script>\n<!-- \/ Yoast SEO plugin. -->","yoast_head_json":{"title":"Decreto ley . Regula los alquileres de temporada y de habitaciones - Cambra de la Propietat Urbana de Girona","description":"El Gobierno ha aprobado un Nuevo Drecreto Ley que regula los arrendamientos temporales y los alquileres de habitaciones. Te lo explicamos","robots":{"index":"index","follow":"follow","max-snippet":"max-snippet:-1","max-image-preview":"max-image-preview:large","max-video-preview":"max-video-preview:-1"},"canonical":"https:\/\/www.cambrapropietatgirona.com\/es\/aprobado-por-el-gobierno-de-la-generalitat-un-nuevo-decreto-ley-que-regula-los-alquileres-de-temporada-y-de-habitacion\/","og_locale":"es_ES","og_type":"article","og_title":"Decreto ley . Regula los alquileres de temporada y de habitaciones - Cambra de la Propietat Urbana de Girona","og_description":"El Gobierno ha aprobado un Nuevo Drecreto Ley que regula los arrendamientos temporales y los alquileres de habitaciones. Te lo explicamos","og_url":"https:\/\/www.cambrapropietatgirona.com\/es\/aprobado-por-el-gobierno-de-la-generalitat-un-nuevo-decreto-ley-que-regula-los-alquileres-de-temporada-y-de-habitacion\/","og_site_name":"Cambra de la Propietat Urbana de Girona","article_published_time":"2024-05-03T07:57:28+00:00","og_image":[{"width":640,"height":640,"url":"http:\/\/www.cambrapropietatgirona.com\/wp-content\/uploads\/2024\/04\/alquiler-vacacionak.jpg","type":"image\/jpeg"}],"author":"AE5GBNi67xK1QkS","twitter_card":"summary_large_image","twitter_misc":{"Written by":"AE5GBNi67xK1QkS","Est. reading time":"5 minutes"},"schema":{"@context":"https:\/\/schema.org","@graph":[{"@type":"Article","@id":"https:\/\/www.cambrapropietatgirona.com\/es\/aprobado-por-el-gobierno-de-la-generalitat-un-nuevo-decreto-ley-que-regula-los-alquileres-de-temporada-y-de-habitacion\/#article","isPartOf":{"@id":"https:\/\/www.cambrapropietatgirona.com\/es\/aprobado-por-el-gobierno-de-la-generalitat-un-nuevo-decreto-ley-que-regula-los-alquileres-de-temporada-y-de-habitacion\/"},"author":{"name":"AE5GBNi67xK1QkS","@id":"https:\/\/www.cambrapropietatgirona.com\/#\/schema\/person\/839c74db646ec3d6738ce2dcf5b3447c"},"headline":"Aprobado por el Gobierno de la Generalitat un Nuevo Decreto Ley que regula los alquileres de temporada y de habitaci\u00f3n","datePublished":"2024-05-03T07:57:28+00:00","mainEntityOfPage":{"@id":"https:\/\/www.cambrapropietatgirona.com\/es\/aprobado-por-el-gobierno-de-la-generalitat-un-nuevo-decreto-ley-que-regula-los-alquileres-de-temporada-y-de-habitacion\/"},"wordCount":849,"commentCount":0,"publisher":{"@id":"https:\/\/www.cambrapropietatgirona.com\/#organization"},"image":{"@id":"https:\/\/www.cambrapropietatgirona.com\/es\/aprobado-por-el-gobierno-de-la-generalitat-un-nuevo-decreto-ley-que-regula-los-alquileres-de-temporada-y-de-habitacion\/#primaryimage"},"thumbnailUrl":"https:\/\/www.cambrapropietatgirona.com\/wp-content\/uploads\/2024\/04\/alquiler-vacacionak.jpg","keywords":["Regulaci\u00f3n precios de los alquileres"],"articleSection":["Actualidad","ley de la vivienda"],"inLanguage":"es-ES","potentialAction":[{"@type":"CommentAction","name":"Comment","target":["https:\/\/www.cambrapropietatgirona.com\/es\/aprobado-por-el-gobierno-de-la-generalitat-un-nuevo-decreto-ley-que-regula-los-alquileres-de-temporada-y-de-habitacion\/#respond"]}]},{"@type":"WebPage","@id":"https:\/\/www.cambrapropietatgirona.com\/es\/aprobado-por-el-gobierno-de-la-generalitat-un-nuevo-decreto-ley-que-regula-los-alquileres-de-temporada-y-de-habitacion\/","url":"https:\/\/www.cambrapropietatgirona.com\/es\/aprobado-por-el-gobierno-de-la-generalitat-un-nuevo-decreto-ley-que-regula-los-alquileres-de-temporada-y-de-habitacion\/","name":"Decreto ley . Regula los alquileres de temporada y de habitaciones - Cambra de la Propietat Urbana de Girona","isPartOf":{"@id":"https:\/\/www.cambrapropietatgirona.com\/#website"},"primaryImageOfPage":{"@id":"https:\/\/www.cambrapropietatgirona.com\/es\/aprobado-por-el-gobierno-de-la-generalitat-un-nuevo-decreto-ley-que-regula-los-alquileres-de-temporada-y-de-habitacion\/#primaryimage"},"image":{"@id":"https:\/\/www.cambrapropietatgirona.com\/es\/aprobado-por-el-gobierno-de-la-generalitat-un-nuevo-decreto-ley-que-regula-los-alquileres-de-temporada-y-de-habitacion\/#primaryimage"},"thumbnailUrl":"https:\/\/www.cambrapropietatgirona.com\/wp-content\/uploads\/2024\/04\/alquiler-vacacionak.jpg","datePublished":"2024-05-03T07:57:28+00:00","description":"El Gobierno ha aprobado un Nuevo Drecreto Ley que regula los arrendamientos temporales y los alquileres de habitaciones. Te lo explicamos","breadcrumb":{"@id":"https:\/\/www.cambrapropietatgirona.com\/es\/aprobado-por-el-gobierno-de-la-generalitat-un-nuevo-decreto-ley-que-regula-los-alquileres-de-temporada-y-de-habitacion\/#breadcrumb"},"inLanguage":"es-ES","potentialAction":[{"@type":"ReadAction","target":["https:\/\/www.cambrapropietatgirona.com\/es\/aprobado-por-el-gobierno-de-la-generalitat-un-nuevo-decreto-ley-que-regula-los-alquileres-de-temporada-y-de-habitacion\/"]}]},{"@type":"ImageObject","inLanguage":"es-ES","@id":"https:\/\/www.cambrapropietatgirona.com\/es\/aprobado-por-el-gobierno-de-la-generalitat-un-nuevo-decreto-ley-que-regula-los-alquileres-de-temporada-y-de-habitacion\/#primaryimage","url":"https:\/\/www.cambrapropietatgirona.com\/wp-content\/uploads\/2024\/04\/alquiler-vacacionak.jpg","contentUrl":"https:\/\/www.cambrapropietatgirona.com\/wp-content\/uploads\/2024\/04\/alquiler-vacacionak.jpg","width":640,"height":640,"caption":"Nou Decret Llei que regula els lloguers de temporada i d\u2019habitaci\u00f3"},{"@type":"BreadcrumbList","@id":"https:\/\/www.cambrapropietatgirona.com\/es\/aprobado-por-el-gobierno-de-la-generalitat-un-nuevo-decreto-ley-que-regula-los-alquileres-de-temporada-y-de-habitacion\/#breadcrumb","itemListElement":[{"@type":"ListItem","position":1,"name":"Inici","item":"https:\/\/www.cambrapropietatgirona.com\/"},{"@type":"ListItem","position":2,"name":"Aprobado por el Gobierno de la Generalitat un Nuevo Decreto Ley que regula los alquileres de temporada y de habitaci\u00f3n"}]},{"@type":"WebSite","@id":"https:\/\/www.cambrapropietatgirona.com\/#website","url":"https:\/\/www.cambrapropietatgirona.com\/","name":"Cambra de la Propietat Urbana de Girona","description":"Serveis immobiliaris integrals als propietaris","publisher":{"@id":"https:\/\/www.cambrapropietatgirona.com\/#organization"},"potentialAction":[{"@type":"SearchAction","target":{"@type":"EntryPoint","urlTemplate":"https:\/\/www.cambrapropietatgirona.com\/?s={search_term_string}"},"query-input":{"@type":"PropertyValueSpecification","valueRequired":true,"valueName":"search_term_string"}}],"inLanguage":"es-ES"},{"@type":"Organization","@id":"https:\/\/www.cambrapropietatgirona.com\/#organization","name":"Cambra de la Propietat Urbana de Girona","url":"https:\/\/www.cambrapropietatgirona.com\/","logo":{"@type":"ImageObject","inLanguage":"es-ES","@id":"https:\/\/www.cambrapropietatgirona.com\/#\/schema\/logo\/image\/","url":"https:\/\/www.cambrapropietatgirona.com\/wp-content\/uploads\/2018\/01\/favicon.jpg","contentUrl":"https:\/\/www.cambrapropietatgirona.com\/wp-content\/uploads\/2018\/01\/favicon.jpg","width":277,"height":269,"caption":"Cambra de la Propietat Urbana de Girona"},"image":{"@id":"https:\/\/www.cambrapropietatgirona.com\/#\/schema\/logo\/image\/"}},{"@type":"Person","@id":"https:\/\/www.cambrapropietatgirona.com\/#\/schema\/person\/839c74db646ec3d6738ce2dcf5b3447c","name":"AE5GBNi67xK1QkS","image":{"@type":"ImageObject","inLanguage":"es-ES","@id":"https:\/\/secure.gravatar.com\/avatar\/4a49b57693d82ed8aed27ea81234f80da517724ec1cc1f1fb4952b6cf4b80fd7?s=96&d=mm&r=g","url":"https:\/\/secure.gravatar.com\/avatar\/4a49b57693d82ed8aed27ea81234f80da517724ec1cc1f1fb4952b6cf4b80fd7?s=96&d=mm&r=g","contentUrl":"https:\/\/secure.gravatar.com\/avatar\/4a49b57693d82ed8aed27ea81234f80da517724ec1cc1f1fb4952b6cf4b80fd7?s=96&d=mm&r=g","caption":"AE5GBNi67xK1QkS"},"url":"https:\/\/www.cambrapropietatgirona.com\/es\/author\/ae5gbni67xk1qks\/"}]}},"_links":{"self":[{"href":"https:\/\/www.cambrapropietatgirona.com\/es\/wp-json\/wp\/v2\/posts\/5202","targetHints":{"allow":["GET"]}}],"collection":[{"href":"https:\/\/www.cambrapropietatgirona.com\/es\/wp-json\/wp\/v2\/posts"}],"about":[{"href":"https:\/\/www.cambrapropietatgirona.com\/es\/wp-json\/wp\/v2\/types\/post"}],"author":[{"embeddable":true,"href":"https:\/\/www.cambrapropietatgirona.com\/es\/wp-json\/wp\/v2\/users\/1"}],"replies":[{"embeddable":true,"href":"https:\/\/www.cambrapropietatgirona.com\/es\/wp-json\/wp\/v2\/comments?post=5202"}],"version-history":[{"count":1,"href":"https:\/\/www.cambrapropietatgirona.com\/es\/wp-json\/wp\/v2\/posts\/5202\/revisions"}],"predecessor-version":[{"id":5203,"href":"https:\/\/www.cambrapropietatgirona.com\/es\/wp-json\/wp\/v2\/posts\/5202\/revisions\/5203"}],"wp:featuredmedia":[{"embeddable":true,"href":"https:\/\/www.cambrapropietatgirona.com\/es\/wp-json\/wp\/v2\/media\/5193"}],"wp:attachment":[{"href":"https:\/\/www.cambrapropietatgirona.com\/es\/wp-json\/wp\/v2\/media?parent=5202"}],"wp:term":[{"taxonomy":"category","embeddable":true,"href":"https:\/\/www.cambrapropietatgirona.com\/es\/wp-json\/wp\/v2\/categories?post=5202"},{"taxonomy":"post_tag","embeddable":true,"href":"https:\/\/www.cambrapropietatgirona.com\/es\/wp-json\/wp\/v2\/tags?post=5202"}],"curies":[{"name":"wp","href":"https:\/\/api.w.org\/{rel}","templated":true}]}}