{"id":4865,"date":"2024-02-12T08:59:00","date_gmt":"2024-02-12T07:59:00","guid":{"rendered":"https:\/\/www.cambrapropietatgirona.com\/quins-tipus-darrendaments-queden-exclosos-de-la-llei-per-al-dret-a-lhabitatge\/"},"modified":"2024-02-12T09:04:17","modified_gmt":"2024-02-12T08:04:17","slug":"que-tipo-de-arrendamientos-quedan-excluidos-de-la-ley-para-el-derecho-a-la-vivienda","status":"publish","type":"post","link":"https:\/\/www.cambrapropietatgirona.com\/es\/que-tipo-de-arrendamientos-quedan-excluidos-de-la-ley-para-el-derecho-a-la-vivienda\/","title":{"rendered":"\u00bfQu\u00e9 tipo de arrendamientos quedan excluidos de la ley para el derecho a la vivienda?"},"content":{"rendered":"<p>La Ley 12\/2023, de 24 de mayo, para el derecho a la vivienda, entr\u00f3 en funcionamiento el 26 de mayo de 2023, estableciendo numerosas medidas respecto al arrendamiento de la vivienda regulado por la Ley de Arrendamientos Urbanos (LAU).<\/p>\n<p>Para saber a qu\u00e9 contratos les ser\u00e1 de aplicaci\u00f3n la nueva normativa de la Ley 12\/2023, debemos acudir al art\u00edculo 2 de la LAU, que define de la siguiente forma el arrendamiento de la vivienda: \u201cSe considera arrendamiento de vivienda aquel arrendamiento que recae sobre una edificaci\u00f3n habitable cuyo destino primordial sea satisfacer la necesidad permanente de vivienda del arrendatario\u201d.<\/p>\n<p>Y en el art\u00edculo 3 se califica los arrendamientos de uso distinto de la vivienda, inmuebles que pueden ser perfectamente una vivienda, pero el uso de los cuales no re\u00fane la condici\u00f3n de destino permanente: 1. Se considera arrendamiento para uso distinto del de vivienda aquel arrendamiento que, recayendo sobre una edificaci\u00f3n, tenga por destino primordial uno distinto del establecido en el art\u00edculo anterior. 2. En especial, tendr\u00e1n esta consideraci\u00f3n los arrendamientos de fincas urbanas celebrados por temporada, sea esta de verano o cualquier otra, y los celebrados para ejercerse en la finca una actividad industrial, comercial, artesanal, profesional, recreativa, asistencial, cultural o docente, cualesquiera que sean las personas que lo celebren.\u201d<\/p>\n<h3>La nueva ley para el derecho de la vivienda menciona claramente que regula los contratos que tienen el <strong>car\u00e1cter de permanencia o habitualidad del arrendamiento<\/strong>, y esto nos permite concluir que quedar\u00e1n excluidos de la aplicaci\u00f3n de las medidas contenidas en la mencionada Ley,<strong> el arrendamiento de temporada, el arrendamiento de una habitaci\u00f3n, el arrendamiento de una vivienda de uso tur\u00edstico y el arrendamiento de viviendas suntuarias.<\/strong><\/h3>\n<h4><strong>1. Arrendamiento de temporada<\/strong><\/h4>\n<p>Este tipo de contrato se rige por la voluntad de las partes y se aplica al alquiler a estudiantes para el curso universitario, al alquiler por traslado laboral o al que solo incluye per\u00edodos de corta duraci\u00f3n de la estancia.<\/p>\n<p>Estas tipolog\u00edas de arrendamientos no estar\u00e1n sujetos a ninguna limitaci\u00f3n en la fijaci\u00f3n de la renta ni en su revisi\u00f3n, y no se aplicar\u00e1 a estos contratos la obligaci\u00f3n de que el arrendador se haga cargo de los gastos de formalizaci\u00f3n del contrato. Sin embargo, existe una disposici\u00f3n en la ley para el derecho a la vivienda que indica que, dentro de los 6 meses siguientes a la entrada en vigor de la ley, se crear\u00e1 un grupo de trabajo para una propuesta normativa de regulaci\u00f3n de estos contratos.<\/p>\n<h4><strong>2. Arrendamiento de habitaci\u00f3n<\/strong><\/h4>\n<p>Se trata de una modalidad de alquiler en aumento debido a las rentas tan altas de una vivienda completa. En cuanto a su r\u00e9gimen jur\u00eddico, es un arrendamiento que no puede calificarse como arrendamiento de vivienda, porque le falta la caracter\u00edstica que indica el art\u00edculo 2 de la LAU, &#8220;satisfacer la necesidad permanente de vivienda del arrendatario&#8221;, ya que una habitaci\u00f3n es insuficiente para desarrollar la vida del arrendatario que est\u00e1 obligado a compartir servicios indispensables, por lo que su regulaci\u00f3n ser\u00e1 definida por el C\u00f3digo Civil. Dado que no est\u00e1 regido por la LAU, esta regulaci\u00f3n no afecta a este arrendamiento.<\/p>\n<h4><strong>3. Arrendamiento de vivienda para uso tur\u00edstico<\/strong><\/h4>\n<p>Esta modalidad de arrendamiento fue expresamente excluida de la LAU, porque ha quedado sometida a la legislaci\u00f3n de cada comunidad aut\u00f3noma, en virtud de la Ley 4\/2013, de 4 de junio, de Flexibilizaci\u00f3n y Fomento del Mercado del Alquiler. En este tipo de contratos tampoco se aplicar\u00e1n las medidas de la ley para el derecho a la vivienda, ya que cada comunidad aut\u00f3noma tiene su propia normativa.<\/p>\n<p><strong>4. Arrendamiento de viviendas suntuarias<\/strong><\/p>\n<p>La LAU prev\u00e9 que los arrendamientos de vivienda, cuya superficie sea superior a 300 m\u00b2 o en los que la renta inicial exceda en 5,5 veces el salario m\u00ednimo interprofesional, se regir\u00e1n por la voluntad de las partes y, por lo tanto, no se les aplicar\u00e1n de manera imperativa los art\u00edculos de la LAU modificados por la ley para el derecho a la vivienda ni tampoco la limitaci\u00f3n extraordinaria de la actualizaci\u00f3n de la renta.<\/p>\n<p><img loading=\"lazy\" decoding=\"async\" class=\"aligncenter wp-image-4862 size-medium\" src=\"http:\/\/www.cambrapropietatgirona.com\/wp-content\/uploads\/2024\/02\/habitacion-300x300.jpg\" alt=\"L'arrendament d'habitaci\u00f3 \u00e9s una de les tipologoies de lloguer que queden excloses de la llei per al dret a l'habitatge\" width=\"300\" height=\"300\" srcset=\"https:\/\/www.cambrapropietatgirona.com\/wp-content\/uploads\/2024\/02\/habitacion-300x300.jpg 300w, https:\/\/www.cambrapropietatgirona.com\/wp-content\/uploads\/2024\/02\/habitacion-150x150.jpg 150w, https:\/\/www.cambrapropietatgirona.com\/wp-content\/uploads\/2024\/02\/habitacion-87x87.jpg 87w, https:\/\/www.cambrapropietatgirona.com\/wp-content\/uploads\/2024\/02\/habitacion.jpg 640w\" sizes=\"auto, (max-width: 300px) 100vw, 300px\" \/><\/p>\n<p>En conclusi\u00f3n, hay diferentes arrendamientos que escapan de las limitaciones impuestas por la ley para el derecho a la vivienda, tipos de arrendamientos que previsiblemente aumentar\u00e1n por parte de los arrendadores que pretendan evitar las limitaciones. Sin embargo, como mencion\u00e1bamos anteriormente, debemos tener presente que los contratos de temporada est\u00e1n en estudio y deberemos estar atentos para ver si el control y las limitaciones llegan finalmente a estos arrendamientos.<\/p>\n","protected":false},"excerpt":{"rendered":"<p>La Ley 12\/2023, de 24 de mayo, para el derecho a la vivienda, entr\u00f3 en funcionamiento el 26 de mayo de 2023, estableciendo numerosas medidas respecto al arrendamiento de la vivienda regulado por la Ley de Arrendamientos Urbanos (LAU). Para saber a qu\u00e9 contratos les ser\u00e1 de aplicaci\u00f3n la nueva normativa de la Ley 12\/2023, [&hellip;]<\/p>\n","protected":false},"author":1,"featured_media":4860,"comment_status":"open","ping_status":"open","sticky":false,"template":"","format":"standard","meta":{"_acf_changed":false,"inline_featured_image":false,"disable_featured_image":false,"footnotes":""},"categories":[719,919],"tags":[],"class_list":["post-4865","post","type-post","status-publish","format-standard","has-post-thumbnail","hentry","category-arrendaments-es","category-llei-de-lhabitatge-es"],"acf":[],"yoast_head":"<!-- This site is optimized with the Yoast SEO plugin v27.5 - https:\/\/yoast.com\/product\/yoast-seo-wordpress\/ -->\n<title>Arrendamientos excluidos de la ley por el derecho a la vivienda - Cambra de la Propietat Urbana de Girona<\/title>\n<meta name=\"description\" content=\"Arrendamientos excluidos de la ley por el derecho a la vivienda: de temporada,de una habitaci\u00f3n, de uso tur\u00edstico y de viviendas suntuarias\" \/>\n<meta name=\"robots\" content=\"index, follow, max-snippet:-1, max-image-preview:large, max-video-preview:-1\" \/>\n<link rel=\"canonical\" href=\"https:\/\/www.cambrapropietatgirona.com\/es\/que-tipo-de-arrendamientos-quedan-excluidos-de-la-ley-para-el-derecho-a-la-vivienda\/\" \/>\n<meta property=\"og:locale\" content=\"es_ES\" \/>\n<meta property=\"og:type\" content=\"article\" \/>\n<meta property=\"og:title\" content=\"Arrendamientos excluidos de la ley por el derecho a la vivienda - Cambra de la Propietat Urbana de Girona\" \/>\n<meta property=\"og:description\" content=\"Arrendamientos excluidos de la ley por el derecho a la vivienda: de temporada,de una habitaci\u00f3n, de uso tur\u00edstico y de viviendas suntuarias\" \/>\n<meta property=\"og:url\" content=\"https:\/\/www.cambrapropietatgirona.com\/es\/que-tipo-de-arrendamientos-quedan-excluidos-de-la-ley-para-el-derecho-a-la-vivienda\/\" \/>\n<meta property=\"og:site_name\" content=\"Cambra de la Propietat Urbana de Girona\" \/>\n<meta property=\"article:published_time\" content=\"2024-02-12T07:59:00+00:00\" \/>\n<meta property=\"article:modified_time\" content=\"2024-02-12T08:04:17+00:00\" \/>\n<meta property=\"og:image\" content=\"http:\/\/www.cambrapropietatgirona.com\/wp-content\/uploads\/2024\/02\/cambra-12-2.jpg\" \/>\n\t<meta property=\"og:image:width\" content=\"640\" \/>\n\t<meta property=\"og:image:height\" content=\"640\" \/>\n\t<meta property=\"og:image:type\" content=\"image\/jpeg\" \/>\n<meta name=\"author\" content=\"AE5GBNi67xK1QkS\" \/>\n<meta name=\"twitter:card\" content=\"summary_large_image\" \/>\n<meta name=\"twitter:label1\" content=\"Written by\" \/>\n\t<meta name=\"twitter:data1\" content=\"AE5GBNi67xK1QkS\" \/>\n\t<meta name=\"twitter:label2\" content=\"Est. reading time\" \/>\n\t<meta name=\"twitter:data2\" content=\"5 minutes\" \/>\n<script type=\"application\/ld+json\" class=\"yoast-schema-graph\">{\"@context\":\"https:\\\/\\\/schema.org\",\"@graph\":[{\"@type\":\"Article\",\"@id\":\"https:\\\/\\\/www.cambrapropietatgirona.com\\\/es\\\/que-tipo-de-arrendamientos-quedan-excluidos-de-la-ley-para-el-derecho-a-la-vivienda\\\/#article\",\"isPartOf\":{\"@id\":\"https:\\\/\\\/www.cambrapropietatgirona.com\\\/es\\\/que-tipo-de-arrendamientos-quedan-excluidos-de-la-ley-para-el-derecho-a-la-vivienda\\\/\"},\"author\":{\"name\":\"AE5GBNi67xK1QkS\",\"@id\":\"https:\\\/\\\/www.cambrapropietatgirona.com\\\/#\\\/schema\\\/person\\\/839c74db646ec3d6738ce2dcf5b3447c\"},\"headline\":\"\u00bfQu\u00e9 tipo de arrendamientos quedan excluidos de la ley para el derecho a la vivienda?\",\"datePublished\":\"2024-02-12T07:59:00+00:00\",\"dateModified\":\"2024-02-12T08:04:17+00:00\",\"mainEntityOfPage\":{\"@id\":\"https:\\\/\\\/www.cambrapropietatgirona.com\\\/es\\\/que-tipo-de-arrendamientos-quedan-excluidos-de-la-ley-para-el-derecho-a-la-vivienda\\\/\"},\"wordCount\":787,\"commentCount\":0,\"publisher\":{\"@id\":\"https:\\\/\\\/www.cambrapropietatgirona.com\\\/#organization\"},\"image\":{\"@id\":\"https:\\\/\\\/www.cambrapropietatgirona.com\\\/es\\\/que-tipo-de-arrendamientos-quedan-excluidos-de-la-ley-para-el-derecho-a-la-vivienda\\\/#primaryimage\"},\"thumbnailUrl\":\"https:\\\/\\\/www.cambrapropietatgirona.com\\\/wp-content\\\/uploads\\\/2024\\\/02\\\/cambra-12-2.jpg\",\"articleSection\":[\"Arrendaments\",\"Llei de l&#8217;Habitatge\"],\"inLanguage\":\"es-ES\",\"potentialAction\":[{\"@type\":\"CommentAction\",\"name\":\"Comment\",\"target\":[\"https:\\\/\\\/www.cambrapropietatgirona.com\\\/es\\\/que-tipo-de-arrendamientos-quedan-excluidos-de-la-ley-para-el-derecho-a-la-vivienda\\\/#respond\"]}]},{\"@type\":\"WebPage\",\"@id\":\"https:\\\/\\\/www.cambrapropietatgirona.com\\\/es\\\/que-tipo-de-arrendamientos-quedan-excluidos-de-la-ley-para-el-derecho-a-la-vivienda\\\/\",\"url\":\"https:\\\/\\\/www.cambrapropietatgirona.com\\\/es\\\/que-tipo-de-arrendamientos-quedan-excluidos-de-la-ley-para-el-derecho-a-la-vivienda\\\/\",\"name\":\"Arrendamientos excluidos de la ley por el derecho a la vivienda - Cambra de la Propietat Urbana de Girona\",\"isPartOf\":{\"@id\":\"https:\\\/\\\/www.cambrapropietatgirona.com\\\/#website\"},\"primaryImageOfPage\":{\"@id\":\"https:\\\/\\\/www.cambrapropietatgirona.com\\\/es\\\/que-tipo-de-arrendamientos-quedan-excluidos-de-la-ley-para-el-derecho-a-la-vivienda\\\/#primaryimage\"},\"image\":{\"@id\":\"https:\\\/\\\/www.cambrapropietatgirona.com\\\/es\\\/que-tipo-de-arrendamientos-quedan-excluidos-de-la-ley-para-el-derecho-a-la-vivienda\\\/#primaryimage\"},\"thumbnailUrl\":\"https:\\\/\\\/www.cambrapropietatgirona.com\\\/wp-content\\\/uploads\\\/2024\\\/02\\\/cambra-12-2.jpg\",\"datePublished\":\"2024-02-12T07:59:00+00:00\",\"dateModified\":\"2024-02-12T08:04:17+00:00\",\"description\":\"Arrendamientos excluidos de la ley por el derecho a la vivienda: de temporada,de una habitaci\u00f3n, de uso tur\u00edstico y de viviendas suntuarias\",\"breadcrumb\":{\"@id\":\"https:\\\/\\\/www.cambrapropietatgirona.com\\\/es\\\/que-tipo-de-arrendamientos-quedan-excluidos-de-la-ley-para-el-derecho-a-la-vivienda\\\/#breadcrumb\"},\"inLanguage\":\"es-ES\",\"potentialAction\":[{\"@type\":\"ReadAction\",\"target\":[\"https:\\\/\\\/www.cambrapropietatgirona.com\\\/es\\\/que-tipo-de-arrendamientos-quedan-excluidos-de-la-ley-para-el-derecho-a-la-vivienda\\\/\"]}]},{\"@type\":\"ImageObject\",\"inLanguage\":\"es-ES\",\"@id\":\"https:\\\/\\\/www.cambrapropietatgirona.com\\\/es\\\/que-tipo-de-arrendamientos-quedan-excluidos-de-la-ley-para-el-derecho-a-la-vivienda\\\/#primaryimage\",\"url\":\"https:\\\/\\\/www.cambrapropietatgirona.com\\\/wp-content\\\/uploads\\\/2024\\\/02\\\/cambra-12-2.jpg\",\"contentUrl\":\"https:\\\/\\\/www.cambrapropietatgirona.com\\\/wp-content\\\/uploads\\\/2024\\\/02\\\/cambra-12-2.jpg\",\"width\":640,\"height\":640,\"caption\":\"Quins tipus d\u2019arrendaments queden exclosos de la llei per al dret a l\u2019habitatge?\"},{\"@type\":\"BreadcrumbList\",\"@id\":\"https:\\\/\\\/www.cambrapropietatgirona.com\\\/es\\\/que-tipo-de-arrendamientos-quedan-excluidos-de-la-ley-para-el-derecho-a-la-vivienda\\\/#breadcrumb\",\"itemListElement\":[{\"@type\":\"ListItem\",\"position\":1,\"name\":\"Inici\",\"item\":\"https:\\\/\\\/www.cambrapropietatgirona.com\\\/\"},{\"@type\":\"ListItem\",\"position\":2,\"name\":\"\u00bfQu\u00e9 tipo de arrendamientos quedan excluidos de la ley para el derecho a la vivienda?\"}]},{\"@type\":\"WebSite\",\"@id\":\"https:\\\/\\\/www.cambrapropietatgirona.com\\\/#website\",\"url\":\"https:\\\/\\\/www.cambrapropietatgirona.com\\\/\",\"name\":\"Cambra de la Propietat Urbana de Girona\",\"description\":\"Serveis immobiliaris integrals als propietaris\",\"publisher\":{\"@id\":\"https:\\\/\\\/www.cambrapropietatgirona.com\\\/#organization\"},\"potentialAction\":[{\"@type\":\"SearchAction\",\"target\":{\"@type\":\"EntryPoint\",\"urlTemplate\":\"https:\\\/\\\/www.cambrapropietatgirona.com\\\/?s={search_term_string}\"},\"query-input\":{\"@type\":\"PropertyValueSpecification\",\"valueRequired\":true,\"valueName\":\"search_term_string\"}}],\"inLanguage\":\"es-ES\"},{\"@type\":\"Organization\",\"@id\":\"https:\\\/\\\/www.cambrapropietatgirona.com\\\/#organization\",\"name\":\"Cambra de la Propietat Urbana de Girona\",\"url\":\"https:\\\/\\\/www.cambrapropietatgirona.com\\\/\",\"logo\":{\"@type\":\"ImageObject\",\"inLanguage\":\"es-ES\",\"@id\":\"https:\\\/\\\/www.cambrapropietatgirona.com\\\/#\\\/schema\\\/logo\\\/image\\\/\",\"url\":\"https:\\\/\\\/www.cambrapropietatgirona.com\\\/wp-content\\\/uploads\\\/2018\\\/01\\\/favicon.jpg\",\"contentUrl\":\"https:\\\/\\\/www.cambrapropietatgirona.com\\\/wp-content\\\/uploads\\\/2018\\\/01\\\/favicon.jpg\",\"width\":277,\"height\":269,\"caption\":\"Cambra de la Propietat Urbana de Girona\"},\"image\":{\"@id\":\"https:\\\/\\\/www.cambrapropietatgirona.com\\\/#\\\/schema\\\/logo\\\/image\\\/\"}},{\"@type\":\"Person\",\"@id\":\"https:\\\/\\\/www.cambrapropietatgirona.com\\\/#\\\/schema\\\/person\\\/839c74db646ec3d6738ce2dcf5b3447c\",\"name\":\"AE5GBNi67xK1QkS\",\"image\":{\"@type\":\"ImageObject\",\"inLanguage\":\"es-ES\",\"@id\":\"https:\\\/\\\/secure.gravatar.com\\\/avatar\\\/4a49b57693d82ed8aed27ea81234f80da517724ec1cc1f1fb4952b6cf4b80fd7?s=96&d=mm&r=g\",\"url\":\"https:\\\/\\\/secure.gravatar.com\\\/avatar\\\/4a49b57693d82ed8aed27ea81234f80da517724ec1cc1f1fb4952b6cf4b80fd7?s=96&d=mm&r=g\",\"contentUrl\":\"https:\\\/\\\/secure.gravatar.com\\\/avatar\\\/4a49b57693d82ed8aed27ea81234f80da517724ec1cc1f1fb4952b6cf4b80fd7?s=96&d=mm&r=g\",\"caption\":\"AE5GBNi67xK1QkS\"},\"url\":\"https:\\\/\\\/www.cambrapropietatgirona.com\\\/es\\\/author\\\/ae5gbni67xk1qks\\\/\"}]}<\/script>\n<!-- \/ Yoast SEO plugin. -->","yoast_head_json":{"title":"Arrendamientos excluidos de la ley por el derecho a la vivienda - Cambra de la Propietat Urbana de Girona","description":"Arrendamientos excluidos de la ley por el derecho a la vivienda: de temporada,de una habitaci\u00f3n, de uso tur\u00edstico y de viviendas suntuarias","robots":{"index":"index","follow":"follow","max-snippet":"max-snippet:-1","max-image-preview":"max-image-preview:large","max-video-preview":"max-video-preview:-1"},"canonical":"https:\/\/www.cambrapropietatgirona.com\/es\/que-tipo-de-arrendamientos-quedan-excluidos-de-la-ley-para-el-derecho-a-la-vivienda\/","og_locale":"es_ES","og_type":"article","og_title":"Arrendamientos excluidos de la ley por el derecho a la vivienda - Cambra de la Propietat Urbana de Girona","og_description":"Arrendamientos excluidos de la ley por el derecho a la vivienda: de temporada,de una habitaci\u00f3n, de uso tur\u00edstico y de viviendas suntuarias","og_url":"https:\/\/www.cambrapropietatgirona.com\/es\/que-tipo-de-arrendamientos-quedan-excluidos-de-la-ley-para-el-derecho-a-la-vivienda\/","og_site_name":"Cambra de la Propietat Urbana de Girona","article_published_time":"2024-02-12T07:59:00+00:00","article_modified_time":"2024-02-12T08:04:17+00:00","og_image":[{"width":640,"height":640,"url":"http:\/\/www.cambrapropietatgirona.com\/wp-content\/uploads\/2024\/02\/cambra-12-2.jpg","type":"image\/jpeg"}],"author":"AE5GBNi67xK1QkS","twitter_card":"summary_large_image","twitter_misc":{"Written by":"AE5GBNi67xK1QkS","Est. reading time":"5 minutes"},"schema":{"@context":"https:\/\/schema.org","@graph":[{"@type":"Article","@id":"https:\/\/www.cambrapropietatgirona.com\/es\/que-tipo-de-arrendamientos-quedan-excluidos-de-la-ley-para-el-derecho-a-la-vivienda\/#article","isPartOf":{"@id":"https:\/\/www.cambrapropietatgirona.com\/es\/que-tipo-de-arrendamientos-quedan-excluidos-de-la-ley-para-el-derecho-a-la-vivienda\/"},"author":{"name":"AE5GBNi67xK1QkS","@id":"https:\/\/www.cambrapropietatgirona.com\/#\/schema\/person\/839c74db646ec3d6738ce2dcf5b3447c"},"headline":"\u00bfQu\u00e9 tipo de arrendamientos quedan excluidos de la ley para el derecho a la vivienda?","datePublished":"2024-02-12T07:59:00+00:00","dateModified":"2024-02-12T08:04:17+00:00","mainEntityOfPage":{"@id":"https:\/\/www.cambrapropietatgirona.com\/es\/que-tipo-de-arrendamientos-quedan-excluidos-de-la-ley-para-el-derecho-a-la-vivienda\/"},"wordCount":787,"commentCount":0,"publisher":{"@id":"https:\/\/www.cambrapropietatgirona.com\/#organization"},"image":{"@id":"https:\/\/www.cambrapropietatgirona.com\/es\/que-tipo-de-arrendamientos-quedan-excluidos-de-la-ley-para-el-derecho-a-la-vivienda\/#primaryimage"},"thumbnailUrl":"https:\/\/www.cambrapropietatgirona.com\/wp-content\/uploads\/2024\/02\/cambra-12-2.jpg","articleSection":["Arrendaments","Llei de l&#8217;Habitatge"],"inLanguage":"es-ES","potentialAction":[{"@type":"CommentAction","name":"Comment","target":["https:\/\/www.cambrapropietatgirona.com\/es\/que-tipo-de-arrendamientos-quedan-excluidos-de-la-ley-para-el-derecho-a-la-vivienda\/#respond"]}]},{"@type":"WebPage","@id":"https:\/\/www.cambrapropietatgirona.com\/es\/que-tipo-de-arrendamientos-quedan-excluidos-de-la-ley-para-el-derecho-a-la-vivienda\/","url":"https:\/\/www.cambrapropietatgirona.com\/es\/que-tipo-de-arrendamientos-quedan-excluidos-de-la-ley-para-el-derecho-a-la-vivienda\/","name":"Arrendamientos excluidos de la ley por el derecho a la vivienda - Cambra de la Propietat Urbana de Girona","isPartOf":{"@id":"https:\/\/www.cambrapropietatgirona.com\/#website"},"primaryImageOfPage":{"@id":"https:\/\/www.cambrapropietatgirona.com\/es\/que-tipo-de-arrendamientos-quedan-excluidos-de-la-ley-para-el-derecho-a-la-vivienda\/#primaryimage"},"image":{"@id":"https:\/\/www.cambrapropietatgirona.com\/es\/que-tipo-de-arrendamientos-quedan-excluidos-de-la-ley-para-el-derecho-a-la-vivienda\/#primaryimage"},"thumbnailUrl":"https:\/\/www.cambrapropietatgirona.com\/wp-content\/uploads\/2024\/02\/cambra-12-2.jpg","datePublished":"2024-02-12T07:59:00+00:00","dateModified":"2024-02-12T08:04:17+00:00","description":"Arrendamientos excluidos de la ley por el derecho a la vivienda: de temporada,de una habitaci\u00f3n, de uso tur\u00edstico y de viviendas suntuarias","breadcrumb":{"@id":"https:\/\/www.cambrapropietatgirona.com\/es\/que-tipo-de-arrendamientos-quedan-excluidos-de-la-ley-para-el-derecho-a-la-vivienda\/#breadcrumb"},"inLanguage":"es-ES","potentialAction":[{"@type":"ReadAction","target":["https:\/\/www.cambrapropietatgirona.com\/es\/que-tipo-de-arrendamientos-quedan-excluidos-de-la-ley-para-el-derecho-a-la-vivienda\/"]}]},{"@type":"ImageObject","inLanguage":"es-ES","@id":"https:\/\/www.cambrapropietatgirona.com\/es\/que-tipo-de-arrendamientos-quedan-excluidos-de-la-ley-para-el-derecho-a-la-vivienda\/#primaryimage","url":"https:\/\/www.cambrapropietatgirona.com\/wp-content\/uploads\/2024\/02\/cambra-12-2.jpg","contentUrl":"https:\/\/www.cambrapropietatgirona.com\/wp-content\/uploads\/2024\/02\/cambra-12-2.jpg","width":640,"height":640,"caption":"Quins tipus d\u2019arrendaments queden exclosos de la llei per al dret a l\u2019habitatge?"},{"@type":"BreadcrumbList","@id":"https:\/\/www.cambrapropietatgirona.com\/es\/que-tipo-de-arrendamientos-quedan-excluidos-de-la-ley-para-el-derecho-a-la-vivienda\/#breadcrumb","itemListElement":[{"@type":"ListItem","position":1,"name":"Inici","item":"https:\/\/www.cambrapropietatgirona.com\/"},{"@type":"ListItem","position":2,"name":"\u00bfQu\u00e9 tipo de arrendamientos quedan excluidos de la ley para el derecho a la vivienda?"}]},{"@type":"WebSite","@id":"https:\/\/www.cambrapropietatgirona.com\/#website","url":"https:\/\/www.cambrapropietatgirona.com\/","name":"Cambra de la Propietat Urbana de Girona","description":"Serveis immobiliaris integrals als propietaris","publisher":{"@id":"https:\/\/www.cambrapropietatgirona.com\/#organization"},"potentialAction":[{"@type":"SearchAction","target":{"@type":"EntryPoint","urlTemplate":"https:\/\/www.cambrapropietatgirona.com\/?s={search_term_string}"},"query-input":{"@type":"PropertyValueSpecification","valueRequired":true,"valueName":"search_term_string"}}],"inLanguage":"es-ES"},{"@type":"Organization","@id":"https:\/\/www.cambrapropietatgirona.com\/#organization","name":"Cambra de la Propietat Urbana de Girona","url":"https:\/\/www.cambrapropietatgirona.com\/","logo":{"@type":"ImageObject","inLanguage":"es-ES","@id":"https:\/\/www.cambrapropietatgirona.com\/#\/schema\/logo\/image\/","url":"https:\/\/www.cambrapropietatgirona.com\/wp-content\/uploads\/2018\/01\/favicon.jpg","contentUrl":"https:\/\/www.cambrapropietatgirona.com\/wp-content\/uploads\/2018\/01\/favicon.jpg","width":277,"height":269,"caption":"Cambra de la Propietat Urbana de Girona"},"image":{"@id":"https:\/\/www.cambrapropietatgirona.com\/#\/schema\/logo\/image\/"}},{"@type":"Person","@id":"https:\/\/www.cambrapropietatgirona.com\/#\/schema\/person\/839c74db646ec3d6738ce2dcf5b3447c","name":"AE5GBNi67xK1QkS","image":{"@type":"ImageObject","inLanguage":"es-ES","@id":"https:\/\/secure.gravatar.com\/avatar\/4a49b57693d82ed8aed27ea81234f80da517724ec1cc1f1fb4952b6cf4b80fd7?s=96&d=mm&r=g","url":"https:\/\/secure.gravatar.com\/avatar\/4a49b57693d82ed8aed27ea81234f80da517724ec1cc1f1fb4952b6cf4b80fd7?s=96&d=mm&r=g","contentUrl":"https:\/\/secure.gravatar.com\/avatar\/4a49b57693d82ed8aed27ea81234f80da517724ec1cc1f1fb4952b6cf4b80fd7?s=96&d=mm&r=g","caption":"AE5GBNi67xK1QkS"},"url":"https:\/\/www.cambrapropietatgirona.com\/es\/author\/ae5gbni67xk1qks\/"}]}},"_links":{"self":[{"href":"https:\/\/www.cambrapropietatgirona.com\/es\/wp-json\/wp\/v2\/posts\/4865","targetHints":{"allow":["GET"]}}],"collection":[{"href":"https:\/\/www.cambrapropietatgirona.com\/es\/wp-json\/wp\/v2\/posts"}],"about":[{"href":"https:\/\/www.cambrapropietatgirona.com\/es\/wp-json\/wp\/v2\/types\/post"}],"author":[{"embeddable":true,"href":"https:\/\/www.cambrapropietatgirona.com\/es\/wp-json\/wp\/v2\/users\/1"}],"replies":[{"embeddable":true,"href":"https:\/\/www.cambrapropietatgirona.com\/es\/wp-json\/wp\/v2\/comments?post=4865"}],"version-history":[{"count":2,"href":"https:\/\/www.cambrapropietatgirona.com\/es\/wp-json\/wp\/v2\/posts\/4865\/revisions"}],"predecessor-version":[{"id":4867,"href":"https:\/\/www.cambrapropietatgirona.com\/es\/wp-json\/wp\/v2\/posts\/4865\/revisions\/4867"}],"wp:featuredmedia":[{"embeddable":true,"href":"https:\/\/www.cambrapropietatgirona.com\/es\/wp-json\/wp\/v2\/media\/4860"}],"wp:attachment":[{"href":"https:\/\/www.cambrapropietatgirona.com\/es\/wp-json\/wp\/v2\/media?parent=4865"}],"wp:term":[{"taxonomy":"category","embeddable":true,"href":"https:\/\/www.cambrapropietatgirona.com\/es\/wp-json\/wp\/v2\/categories?post=4865"},{"taxonomy":"post_tag","embeddable":true,"href":"https:\/\/www.cambrapropietatgirona.com\/es\/wp-json\/wp\/v2\/tags?post=4865"}],"curies":[{"name":"wp","href":"https:\/\/api.w.org\/{rel}","templated":true}]}}