{"id":4318,"date":"2023-06-01T11:26:14","date_gmt":"2023-06-01T09:26:14","guid":{"rendered":"https:\/\/www.cambrapropietatgirona.com\/nova-llei-pel-dret-a-lhabitatge\/"},"modified":"2023-06-01T11:38:20","modified_gmt":"2023-06-01T09:38:20","slug":"nueva-ley-derecho-a-la-vivienda","status":"publish","type":"post","link":"https:\/\/www.cambrapropietatgirona.com\/es\/nueva-ley-derecho-a-la-vivienda\/","title":{"rendered":"Nueva ley por el derecho a la vivienda"},"content":{"rendered":"<p>El d\u00eda 26 de mayo entr\u00f3 en vigor la Ley por el derecho a la vivienda, la ley 12\/2023. Las pol\u00edticas orientadas a limitar los precios y disminuir la seguridad jur\u00eddica sobre la oferta implican una reducci\u00f3n del parque de viviendas en alquiler y, al mismo tiempo, un incremento de las garant\u00edas y solvencia exigida a los inquilinos, penalizando a quienes tienen menos capacidad econ\u00f3mica.<\/p>\n<p>El <strong>objetivo de esta Ley<\/strong> es el de garantizar a los ciudadanos el acceso a una vivienda digna y en condiciones asequibles, con especial protecci\u00f3n a aquellas personas que disponen de menos recursos econ\u00f3micos. Con el fin de garantizar esta funci\u00f3n social de la propiedad, esta regulaci\u00f3n interviene significativamente el mercado del alquiler <strong>de vivienda habitual<\/strong> (quedan fuera de esta regulaci\u00f3n los referidos a locales, temporada, etc..) y en lo que se refiere a los <strong>nuevos contratos de arrendamiento que se formalicen una vez entrada en vigor<\/strong>, las novedades m\u00e1s importantes se resumen en:<\/p>\n<p><strong>\u00bfC\u00f3mo define la nueva Ley a los GRANDES TENEDORES DE VIVIENDA?<\/strong><\/p>\n<p>Los grandes tenedores son aquellas personas f\u00edsicas o jur\u00eddicas titulares de m\u00e1s de 10 inmuebles urbanos de uso residencial o una superficie construida de m\u00e1s de 1.500 m2 de uso residencial, excluyendo garajes y trasteros. <strong>Sin embargo, las comunidades aut\u00f3nomas pueden rebajar a 5 o m\u00e1s inmuebles esta definici\u00f3n en las zonas de mercado residencial en una zona declarada tensionada (barrios o ciudades en los cu\u00e1les el precio del alquiler ha subido mucho en los \u00faltimos a\u00f1os en comparaci\u00f3n con la renta media del lugar).<\/strong><\/p>\n<p><strong>\u00bfC\u00f3mo se limita el precio de la renta en los nuevos contratos de alquiler de vivienda?<\/strong><\/p>\n<ol>\n<li>La limitaci\u00f3n de rentas s\u00f3lo afecta a los contratos de alquiler cuando la vivienda se encuentra ubicada en una <strong>ZONA DE MERCADO DECLARADA TENSIONADA<\/strong>. Si hablamos de zonas de mercado que no hayan sido declaradas tensionadas con lo que respecta al alquiler, la renta es la que libremente pacten las partes.<\/li>\n<li>Con car\u00e1cter general, para los nuevos contratos realizados bajo la vigencia de la nueva Ley, el precio del alquiler <strong>no puede exceder de la \u00faltima renta<\/strong> que hubiera estado vigente en los \u00faltimos cinco a\u00f1os, una vez aplicada la actualizaci\u00f3n anual (IPC).<\/li>\n<li>Si el arrendador es un <strong>GRAN TENDEDOR DE VIVIENDA,<\/strong> y sin perjuicio de la limitaci\u00f3n anterior, la renta no puede exceder del l\u00edmite m\u00e1ximo del precio aplicable seg\u00fan <strong>el \u00cdndice de Referencia<\/strong>.<\/li>\n<\/ol>\n<p><strong>\u00bfCu\u00e1l es la duraci\u00f3n de los nuevos contratos de alquiler de vivienda?<\/strong><\/p>\n<p>Para los contratos de arrendamiento que se formalicen a partir de la entrada en vigor de la nueva Ley de Vivienda, ya sea a la finalizaci\u00f3n de los primeros cinco a\u00f1os del contrato o, en su caso, a la finalizaci\u00f3n de la siguiente pr\u00f3rroga t\u00e1cita de tres a\u00f1os, y <strong>siempre que lo solicite el arrendatario<\/strong>, se impone una <strong>PR\u00d3RROGA EXTRAORDINARIA<\/strong> que es de car\u00e1cter <strong>obligatorio<\/strong> para el arrendador en los siguientes supuestos:<\/p>\n<ul>\n<li>EN <u>ZONAS NO TENSIONADAS<\/u> DE ALQUILER: La pr\u00f3rroga obligatoria es de 1 a\u00f1o para los contratos en los que el arrendador sea GRAN TENEDOR y el arrendatario sea una persona VULNERABLE.<\/li>\n<li>EN <u>ZONA DE MERCADO DECLARADA TENSIONADA<\/u> DE ALQUILER: La pr\u00f3rroga obligatoria es de 3 a\u00f1os para todos los contratos de arrendamiento de vivienda. Por tanto, obliga a todos los arrendadores, independientemente de la situaci\u00f3n econ\u00f3mica del arrendatario.<\/li>\n<\/ul>\n<p><strong>\u00bfQu\u00e9 ocurre si la vivienda no ha sido arrendada en los 5 a\u00f1os anteriores?<\/strong><\/p>\n<p>En este caso, y siempre que la vivienda se ubique en una zona de mercado tensionado residencial, la renta de alquiler no puede exceder del precio aplicable seg\u00fan el sistema de \u00edndices de precios de alquiler.<\/p>\n<p><strong>\u00bfPuedo repercutir gastos en los nuevos contratos?<\/strong><\/p>\n<p>No existe la repercusi\u00f3n en el nuevo arrendatario de cuotas o gastos que no hubieran sido pactados en el contrato anterior.<\/p>\n<p><strong>\u00bfEn qu\u00e9 casos la norma me permite incrementar la renta de alquiler?<\/strong><\/p>\n<p>Existe la posibilidad de incrementar un <strong>10%<\/strong> la renta de alquiler limitada, en los siguientes supuestos:<\/p>\n<p><strong>OBRAS.-<\/strong> En caso de que el arrendador realice determinadas obras de rehabilitaci\u00f3n, o de reforma o mejora que suponga un ahorro energ\u00e9tico del 30%, o de mejora de la accesibilidad, en los dos a\u00f1os anteriores a la celebraci\u00f3n del nuevo contrato.<\/p>\n<p><strong>DURACI\u00d3N.-<\/strong> Tambi\u00e9n se puede incrementar un 10% la renta si el contrato se firma por una <strong>duraci\u00f3n m\u00ednima de 10 a\u00f1os<\/strong> o, en su caso, se establece un sistema de pr\u00f3rrogas que permita al arrendatario prorrogar el contrato hasta 10 a\u00f1os o m\u00e1s.<\/p>\n<p><strong>\u00bfPuedo actualizar la renta de alquiler?<\/strong><\/p>\n<p>Se mantiene la limitaci\u00f3n m\u00e1xima del <strong>2%<\/strong> para la actualizaci\u00f3n anual de rentas en aquellos contratos que deban revisarse hasta el 31 de diciembre de 2023, elevando el tope al <strong>3%<\/strong> para aquellos contratos cuya renta actualice en el per\u00edodo comprendido entre el 1 de enero y el 31 de diciembre de 2024.<\/p>\n<p>Esta limitaci\u00f3n en la actualizaci\u00f3n anual de la renta es obligatoria para los GRANDES TENEDORES. Para el resto de los propietarios existe la posibilidad de pactar libremente el porcentaje a aplicar, pero si el arrendatario no lo acepta, no se pueden superar los l\u00edmites establecidos.<\/p>\n<p>Para las actualizaciones anuales a aplicar a partir del 1 de enero de 2025, la norma prev\u00e9 la creaci\u00f3n antes del 31 de diciembre de 2024 de un nuevo \u00edndice de referencia que evite los incrementos desproporcionados de renta.<\/p>\n<p><strong>\u00bfQu\u00e9 ocurre si el arrendatario es vulnerable y no me paga?<\/strong><\/p>\n<p>La norma agiliza la comunicaci\u00f3n entre jueces y servicios sociales para evaluar la situaci\u00f3n y en su caso una r\u00e1pida respuesta habitacional a las familias vulnerables. Mientras estas soluciones se producen, la norma amplia el per\u00edodo de suspensi\u00f3n de los lanzamientos durante un plazo m\u00e1ximo de 2 meses, cuando el propietario sea una persona f\u00edsica, y de <strong>4 meses<\/strong>, cuando se trate de una persona jur\u00eddica.<\/p>\n<p><strong>\u00bfQui\u00e9n paga los gastos de gesti\u00f3n y formalizaci\u00f3n del contrato de alquiler de una vivienda?<\/strong><\/p>\n<p>La nueva ley dispone que van <strong>a cargo del arrendador<\/strong> los gastos de la gesti\u00f3n inmobiliaria y los de la formalizaci\u00f3n del contrato.<\/p>\n<p><strong>\u00bfCambia la fiscalidad del alquiler?<\/strong><\/p>\n<p>Con el fin de favorecer el alquiler a precios asequibles, para los nuevos contratos se establecen unos porcentajes de reducci\u00f3n en el IRPF del rendimiento neto del alquiler que van desde el <strong>50%<\/strong> y pueden incrementarse hasta el <strong>90%<\/strong> en funci\u00f3n de s\u00ed se cumplen determinados supuestos.<\/p>\n<p><strong>\u00bfMe penalizan por tener viviendas vac\u00edas?<\/strong><\/p>\n<p>La nueva ley introduce nuevos recargos en el Impuesto de Bienes Inmuebles para aquellas viviendas que permanezcan desocupadas de forma continuada y sin causa justificada por un plazo superior a dos a\u00f1os. Este recargo puede variar entre el 50% de la cuota l\u00edquida del impuesto hasta el 150%, seg\u00fan los casos.<\/p>\n","protected":false},"excerpt":{"rendered":"<p>El d\u00eda 26 de mayo entr\u00f3 en vigor la Ley por el derecho a la vivienda, la ley 12\/2023. Las pol\u00edticas orientadas a limitar los precios y disminuir la seguridad jur\u00eddica sobre la oferta implican una reducci\u00f3n del parque de viviendas en alquiler y, al mismo tiempo, un incremento de las garant\u00edas y solvencia exigida [&hellip;]<\/p>\n","protected":false},"author":1,"featured_media":4316,"comment_status":"open","ping_status":"open","sticky":false,"template":"","format":"standard","meta":{"_acf_changed":false,"inline_featured_image":false,"disable_featured_image":false,"footnotes":""},"categories":[13,11],"tags":[892,894],"class_list":["post-4318","post","type-post","status-publish","format-standard","has-post-thumbnail","hentry","category-actualidad","category-legislacio","tag-llei-de-lhabitatge","tag-llei-de-lhabitatge-2"],"acf":[],"yoast_head":"<!-- This site is optimized with the Yoast SEO plugin v27.5 - https:\/\/yoast.com\/product\/yoast-seo-wordpress\/ -->\n<title>Nueva ley por el derecho a la vivienda - Cambra de la Propietat Urbana de Girona<\/title>\n<meta name=\"description\" content=\"Las pol\u00edticas orientadas a limitar los precios y disminuir la seguridad jur\u00eddica sobre la oferta implican una reducci\u00f3n del parque de viviendas en alquiler\" \/>\n<meta name=\"robots\" content=\"index, follow, max-snippet:-1, max-image-preview:large, max-video-preview:-1\" \/>\n<link rel=\"canonical\" href=\"https:\/\/www.cambrapropietatgirona.com\/es\/nueva-ley-derecho-a-la-vivienda\/\" \/>\n<meta property=\"og:locale\" content=\"es_ES\" \/>\n<meta property=\"og:type\" content=\"article\" \/>\n<meta property=\"og:title\" content=\"Nueva ley por el derecho a la vivienda - Cambra de la Propietat Urbana de Girona\" \/>\n<meta property=\"og:description\" content=\"Las pol\u00edticas orientadas a limitar los precios y disminuir la seguridad jur\u00eddica sobre la oferta implican una reducci\u00f3n del parque de viviendas en alquiler\" \/>\n<meta property=\"og:url\" content=\"https:\/\/www.cambrapropietatgirona.com\/es\/nueva-ley-derecho-a-la-vivienda\/\" \/>\n<meta property=\"og:site_name\" content=\"Cambra de la Propietat Urbana de Girona\" \/>\n<meta property=\"article:published_time\" content=\"2023-06-01T09:26:14+00:00\" \/>\n<meta property=\"article:modified_time\" content=\"2023-06-01T09:38:20+00:00\" \/>\n<meta property=\"og:image\" content=\"http:\/\/www.cambrapropietatgirona.com\/wp-content\/uploads\/2023\/06\/IST_20684_19030_1.jpg\" \/>\n\t<meta property=\"og:image:width\" content=\"2560\" \/>\n\t<meta property=\"og:image:height\" content=\"1707\" \/>\n\t<meta property=\"og:image:type\" content=\"image\/jpeg\" \/>\n<meta name=\"author\" content=\"AE5GBNi67xK1QkS\" \/>\n<meta name=\"twitter:card\" content=\"summary_large_image\" \/>\n<meta name=\"twitter:label1\" content=\"Written by\" \/>\n\t<meta name=\"twitter:data1\" content=\"AE5GBNi67xK1QkS\" \/>\n\t<meta name=\"twitter:label2\" content=\"Est. reading time\" \/>\n\t<meta name=\"twitter:data2\" content=\"7 minutes\" \/>\n<script type=\"application\/ld+json\" class=\"yoast-schema-graph\">{\"@context\":\"https:\\\/\\\/schema.org\",\"@graph\":[{\"@type\":\"Article\",\"@id\":\"https:\\\/\\\/www.cambrapropietatgirona.com\\\/es\\\/nueva-ley-derecho-a-la-vivienda\\\/#article\",\"isPartOf\":{\"@id\":\"https:\\\/\\\/www.cambrapropietatgirona.com\\\/es\\\/nueva-ley-derecho-a-la-vivienda\\\/\"},\"author\":{\"name\":\"AE5GBNi67xK1QkS\",\"@id\":\"https:\\\/\\\/www.cambrapropietatgirona.com\\\/#\\\/schema\\\/person\\\/839c74db646ec3d6738ce2dcf5b3447c\"},\"headline\":\"Nueva ley por el derecho a la vivienda\",\"datePublished\":\"2023-06-01T09:26:14+00:00\",\"dateModified\":\"2023-06-01T09:38:20+00:00\",\"mainEntityOfPage\":{\"@id\":\"https:\\\/\\\/www.cambrapropietatgirona.com\\\/es\\\/nueva-ley-derecho-a-la-vivienda\\\/\"},\"wordCount\":1176,\"commentCount\":0,\"publisher\":{\"@id\":\"https:\\\/\\\/www.cambrapropietatgirona.com\\\/#organization\"},\"image\":{\"@id\":\"https:\\\/\\\/www.cambrapropietatgirona.com\\\/es\\\/nueva-ley-derecho-a-la-vivienda\\\/#primaryimage\"},\"thumbnailUrl\":\"https:\\\/\\\/www.cambrapropietatgirona.com\\\/wp-content\\\/uploads\\\/2023\\\/06\\\/IST_20684_19030_1.jpg\",\"keywords\":[\"llei de l'habitatge\",\"llei de l'habitatge\"],\"articleSection\":[\"Actualidad\",\"Legislaci\u00f3\"],\"inLanguage\":\"es-ES\",\"potentialAction\":[{\"@type\":\"CommentAction\",\"name\":\"Comment\",\"target\":[\"https:\\\/\\\/www.cambrapropietatgirona.com\\\/es\\\/nueva-ley-derecho-a-la-vivienda\\\/#respond\"]}]},{\"@type\":\"WebPage\",\"@id\":\"https:\\\/\\\/www.cambrapropietatgirona.com\\\/es\\\/nueva-ley-derecho-a-la-vivienda\\\/\",\"url\":\"https:\\\/\\\/www.cambrapropietatgirona.com\\\/es\\\/nueva-ley-derecho-a-la-vivienda\\\/\",\"name\":\"Nueva ley por el derecho a la vivienda - Cambra de la Propietat Urbana de Girona\",\"isPartOf\":{\"@id\":\"https:\\\/\\\/www.cambrapropietatgirona.com\\\/#website\"},\"primaryImageOfPage\":{\"@id\":\"https:\\\/\\\/www.cambrapropietatgirona.com\\\/es\\\/nueva-ley-derecho-a-la-vivienda\\\/#primaryimage\"},\"image\":{\"@id\":\"https:\\\/\\\/www.cambrapropietatgirona.com\\\/es\\\/nueva-ley-derecho-a-la-vivienda\\\/#primaryimage\"},\"thumbnailUrl\":\"https:\\\/\\\/www.cambrapropietatgirona.com\\\/wp-content\\\/uploads\\\/2023\\\/06\\\/IST_20684_19030_1.jpg\",\"datePublished\":\"2023-06-01T09:26:14+00:00\",\"dateModified\":\"2023-06-01T09:38:20+00:00\",\"description\":\"Las pol\u00edticas orientadas a limitar los precios y disminuir la seguridad jur\u00eddica sobre la oferta implican una reducci\u00f3n del parque de viviendas en alquiler\",\"breadcrumb\":{\"@id\":\"https:\\\/\\\/www.cambrapropietatgirona.com\\\/es\\\/nueva-ley-derecho-a-la-vivienda\\\/#breadcrumb\"},\"inLanguage\":\"es-ES\",\"potentialAction\":[{\"@type\":\"ReadAction\",\"target\":[\"https:\\\/\\\/www.cambrapropietatgirona.com\\\/es\\\/nueva-ley-derecho-a-la-vivienda\\\/\"]}]},{\"@type\":\"ImageObject\",\"inLanguage\":\"es-ES\",\"@id\":\"https:\\\/\\\/www.cambrapropietatgirona.com\\\/es\\\/nueva-ley-derecho-a-la-vivienda\\\/#primaryimage\",\"url\":\"https:\\\/\\\/www.cambrapropietatgirona.com\\\/wp-content\\\/uploads\\\/2023\\\/06\\\/IST_20684_19030_1.jpg\",\"contentUrl\":\"https:\\\/\\\/www.cambrapropietatgirona.com\\\/wp-content\\\/uploads\\\/2023\\\/06\\\/IST_20684_19030_1.jpg\",\"width\":2560,\"height\":1707,\"caption\":\"\u00bfEn qu\u00e9 afecta a los propietarios?\"},{\"@type\":\"BreadcrumbList\",\"@id\":\"https:\\\/\\\/www.cambrapropietatgirona.com\\\/es\\\/nueva-ley-derecho-a-la-vivienda\\\/#breadcrumb\",\"itemListElement\":[{\"@type\":\"ListItem\",\"position\":1,\"name\":\"Inici\",\"item\":\"https:\\\/\\\/www.cambrapropietatgirona.com\\\/\"},{\"@type\":\"ListItem\",\"position\":2,\"name\":\"Nueva ley por el derecho a la vivienda\"}]},{\"@type\":\"WebSite\",\"@id\":\"https:\\\/\\\/www.cambrapropietatgirona.com\\\/#website\",\"url\":\"https:\\\/\\\/www.cambrapropietatgirona.com\\\/\",\"name\":\"Cambra de la Propietat Urbana de Girona\",\"description\":\"Serveis immobiliaris integrals als propietaris\",\"publisher\":{\"@id\":\"https:\\\/\\\/www.cambrapropietatgirona.com\\\/#organization\"},\"potentialAction\":[{\"@type\":\"SearchAction\",\"target\":{\"@type\":\"EntryPoint\",\"urlTemplate\":\"https:\\\/\\\/www.cambrapropietatgirona.com\\\/?s={search_term_string}\"},\"query-input\":{\"@type\":\"PropertyValueSpecification\",\"valueRequired\":true,\"valueName\":\"search_term_string\"}}],\"inLanguage\":\"es-ES\"},{\"@type\":\"Organization\",\"@id\":\"https:\\\/\\\/www.cambrapropietatgirona.com\\\/#organization\",\"name\":\"Cambra de la Propietat Urbana de Girona\",\"url\":\"https:\\\/\\\/www.cambrapropietatgirona.com\\\/\",\"logo\":{\"@type\":\"ImageObject\",\"inLanguage\":\"es-ES\",\"@id\":\"https:\\\/\\\/www.cambrapropietatgirona.com\\\/#\\\/schema\\\/logo\\\/image\\\/\",\"url\":\"https:\\\/\\\/www.cambrapropietatgirona.com\\\/wp-content\\\/uploads\\\/2018\\\/01\\\/favicon.jpg\",\"contentUrl\":\"https:\\\/\\\/www.cambrapropietatgirona.com\\\/wp-content\\\/uploads\\\/2018\\\/01\\\/favicon.jpg\",\"width\":277,\"height\":269,\"caption\":\"Cambra de la Propietat Urbana de Girona\"},\"image\":{\"@id\":\"https:\\\/\\\/www.cambrapropietatgirona.com\\\/#\\\/schema\\\/logo\\\/image\\\/\"}},{\"@type\":\"Person\",\"@id\":\"https:\\\/\\\/www.cambrapropietatgirona.com\\\/#\\\/schema\\\/person\\\/839c74db646ec3d6738ce2dcf5b3447c\",\"name\":\"AE5GBNi67xK1QkS\",\"image\":{\"@type\":\"ImageObject\",\"inLanguage\":\"es-ES\",\"@id\":\"https:\\\/\\\/secure.gravatar.com\\\/avatar\\\/4a49b57693d82ed8aed27ea81234f80da517724ec1cc1f1fb4952b6cf4b80fd7?s=96&d=mm&r=g\",\"url\":\"https:\\\/\\\/secure.gravatar.com\\\/avatar\\\/4a49b57693d82ed8aed27ea81234f80da517724ec1cc1f1fb4952b6cf4b80fd7?s=96&d=mm&r=g\",\"contentUrl\":\"https:\\\/\\\/secure.gravatar.com\\\/avatar\\\/4a49b57693d82ed8aed27ea81234f80da517724ec1cc1f1fb4952b6cf4b80fd7?s=96&d=mm&r=g\",\"caption\":\"AE5GBNi67xK1QkS\"},\"url\":\"https:\\\/\\\/www.cambrapropietatgirona.com\\\/es\\\/author\\\/ae5gbni67xk1qks\\\/\"}]}<\/script>\n<!-- \/ Yoast SEO plugin. -->","yoast_head_json":{"title":"Nueva ley por el derecho a la vivienda - Cambra de la Propietat Urbana de Girona","description":"Las pol\u00edticas orientadas a limitar los precios y disminuir la seguridad jur\u00eddica sobre la oferta implican una reducci\u00f3n del parque de viviendas en alquiler","robots":{"index":"index","follow":"follow","max-snippet":"max-snippet:-1","max-image-preview":"max-image-preview:large","max-video-preview":"max-video-preview:-1"},"canonical":"https:\/\/www.cambrapropietatgirona.com\/es\/nueva-ley-derecho-a-la-vivienda\/","og_locale":"es_ES","og_type":"article","og_title":"Nueva ley por el derecho a la vivienda - Cambra de la Propietat Urbana de Girona","og_description":"Las pol\u00edticas orientadas a limitar los precios y disminuir la seguridad jur\u00eddica sobre la oferta implican una reducci\u00f3n del parque de viviendas en alquiler","og_url":"https:\/\/www.cambrapropietatgirona.com\/es\/nueva-ley-derecho-a-la-vivienda\/","og_site_name":"Cambra de la Propietat Urbana de Girona","article_published_time":"2023-06-01T09:26:14+00:00","article_modified_time":"2023-06-01T09:38:20+00:00","og_image":[{"width":2560,"height":1707,"url":"http:\/\/www.cambrapropietatgirona.com\/wp-content\/uploads\/2023\/06\/IST_20684_19030_1.jpg","type":"image\/jpeg"}],"author":"AE5GBNi67xK1QkS","twitter_card":"summary_large_image","twitter_misc":{"Written by":"AE5GBNi67xK1QkS","Est. reading time":"7 minutes"},"schema":{"@context":"https:\/\/schema.org","@graph":[{"@type":"Article","@id":"https:\/\/www.cambrapropietatgirona.com\/es\/nueva-ley-derecho-a-la-vivienda\/#article","isPartOf":{"@id":"https:\/\/www.cambrapropietatgirona.com\/es\/nueva-ley-derecho-a-la-vivienda\/"},"author":{"name":"AE5GBNi67xK1QkS","@id":"https:\/\/www.cambrapropietatgirona.com\/#\/schema\/person\/839c74db646ec3d6738ce2dcf5b3447c"},"headline":"Nueva ley por el derecho a la vivienda","datePublished":"2023-06-01T09:26:14+00:00","dateModified":"2023-06-01T09:38:20+00:00","mainEntityOfPage":{"@id":"https:\/\/www.cambrapropietatgirona.com\/es\/nueva-ley-derecho-a-la-vivienda\/"},"wordCount":1176,"commentCount":0,"publisher":{"@id":"https:\/\/www.cambrapropietatgirona.com\/#organization"},"image":{"@id":"https:\/\/www.cambrapropietatgirona.com\/es\/nueva-ley-derecho-a-la-vivienda\/#primaryimage"},"thumbnailUrl":"https:\/\/www.cambrapropietatgirona.com\/wp-content\/uploads\/2023\/06\/IST_20684_19030_1.jpg","keywords":["llei de l'habitatge","llei de l'habitatge"],"articleSection":["Actualidad","Legislaci\u00f3"],"inLanguage":"es-ES","potentialAction":[{"@type":"CommentAction","name":"Comment","target":["https:\/\/www.cambrapropietatgirona.com\/es\/nueva-ley-derecho-a-la-vivienda\/#respond"]}]},{"@type":"WebPage","@id":"https:\/\/www.cambrapropietatgirona.com\/es\/nueva-ley-derecho-a-la-vivienda\/","url":"https:\/\/www.cambrapropietatgirona.com\/es\/nueva-ley-derecho-a-la-vivienda\/","name":"Nueva ley por el derecho a la vivienda - Cambra de la Propietat Urbana de Girona","isPartOf":{"@id":"https:\/\/www.cambrapropietatgirona.com\/#website"},"primaryImageOfPage":{"@id":"https:\/\/www.cambrapropietatgirona.com\/es\/nueva-ley-derecho-a-la-vivienda\/#primaryimage"},"image":{"@id":"https:\/\/www.cambrapropietatgirona.com\/es\/nueva-ley-derecho-a-la-vivienda\/#primaryimage"},"thumbnailUrl":"https:\/\/www.cambrapropietatgirona.com\/wp-content\/uploads\/2023\/06\/IST_20684_19030_1.jpg","datePublished":"2023-06-01T09:26:14+00:00","dateModified":"2023-06-01T09:38:20+00:00","description":"Las pol\u00edticas orientadas a limitar los precios y disminuir la seguridad jur\u00eddica sobre la oferta implican una reducci\u00f3n del parque de viviendas en alquiler","breadcrumb":{"@id":"https:\/\/www.cambrapropietatgirona.com\/es\/nueva-ley-derecho-a-la-vivienda\/#breadcrumb"},"inLanguage":"es-ES","potentialAction":[{"@type":"ReadAction","target":["https:\/\/www.cambrapropietatgirona.com\/es\/nueva-ley-derecho-a-la-vivienda\/"]}]},{"@type":"ImageObject","inLanguage":"es-ES","@id":"https:\/\/www.cambrapropietatgirona.com\/es\/nueva-ley-derecho-a-la-vivienda\/#primaryimage","url":"https:\/\/www.cambrapropietatgirona.com\/wp-content\/uploads\/2023\/06\/IST_20684_19030_1.jpg","contentUrl":"https:\/\/www.cambrapropietatgirona.com\/wp-content\/uploads\/2023\/06\/IST_20684_19030_1.jpg","width":2560,"height":1707,"caption":"\u00bfEn qu\u00e9 afecta a los propietarios?"},{"@type":"BreadcrumbList","@id":"https:\/\/www.cambrapropietatgirona.com\/es\/nueva-ley-derecho-a-la-vivienda\/#breadcrumb","itemListElement":[{"@type":"ListItem","position":1,"name":"Inici","item":"https:\/\/www.cambrapropietatgirona.com\/"},{"@type":"ListItem","position":2,"name":"Nueva ley por el derecho a la vivienda"}]},{"@type":"WebSite","@id":"https:\/\/www.cambrapropietatgirona.com\/#website","url":"https:\/\/www.cambrapropietatgirona.com\/","name":"Cambra de la Propietat Urbana de Girona","description":"Serveis immobiliaris integrals als propietaris","publisher":{"@id":"https:\/\/www.cambrapropietatgirona.com\/#organization"},"potentialAction":[{"@type":"SearchAction","target":{"@type":"EntryPoint","urlTemplate":"https:\/\/www.cambrapropietatgirona.com\/?s={search_term_string}"},"query-input":{"@type":"PropertyValueSpecification","valueRequired":true,"valueName":"search_term_string"}}],"inLanguage":"es-ES"},{"@type":"Organization","@id":"https:\/\/www.cambrapropietatgirona.com\/#organization","name":"Cambra de la Propietat Urbana de Girona","url":"https:\/\/www.cambrapropietatgirona.com\/","logo":{"@type":"ImageObject","inLanguage":"es-ES","@id":"https:\/\/www.cambrapropietatgirona.com\/#\/schema\/logo\/image\/","url":"https:\/\/www.cambrapropietatgirona.com\/wp-content\/uploads\/2018\/01\/favicon.jpg","contentUrl":"https:\/\/www.cambrapropietatgirona.com\/wp-content\/uploads\/2018\/01\/favicon.jpg","width":277,"height":269,"caption":"Cambra de la Propietat Urbana de Girona"},"image":{"@id":"https:\/\/www.cambrapropietatgirona.com\/#\/schema\/logo\/image\/"}},{"@type":"Person","@id":"https:\/\/www.cambrapropietatgirona.com\/#\/schema\/person\/839c74db646ec3d6738ce2dcf5b3447c","name":"AE5GBNi67xK1QkS","image":{"@type":"ImageObject","inLanguage":"es-ES","@id":"https:\/\/secure.gravatar.com\/avatar\/4a49b57693d82ed8aed27ea81234f80da517724ec1cc1f1fb4952b6cf4b80fd7?s=96&d=mm&r=g","url":"https:\/\/secure.gravatar.com\/avatar\/4a49b57693d82ed8aed27ea81234f80da517724ec1cc1f1fb4952b6cf4b80fd7?s=96&d=mm&r=g","contentUrl":"https:\/\/secure.gravatar.com\/avatar\/4a49b57693d82ed8aed27ea81234f80da517724ec1cc1f1fb4952b6cf4b80fd7?s=96&d=mm&r=g","caption":"AE5GBNi67xK1QkS"},"url":"https:\/\/www.cambrapropietatgirona.com\/es\/author\/ae5gbni67xk1qks\/"}]}},"_links":{"self":[{"href":"https:\/\/www.cambrapropietatgirona.com\/es\/wp-json\/wp\/v2\/posts\/4318","targetHints":{"allow":["GET"]}}],"collection":[{"href":"https:\/\/www.cambrapropietatgirona.com\/es\/wp-json\/wp\/v2\/posts"}],"about":[{"href":"https:\/\/www.cambrapropietatgirona.com\/es\/wp-json\/wp\/v2\/types\/post"}],"author":[{"embeddable":true,"href":"https:\/\/www.cambrapropietatgirona.com\/es\/wp-json\/wp\/v2\/users\/1"}],"replies":[{"embeddable":true,"href":"https:\/\/www.cambrapropietatgirona.com\/es\/wp-json\/wp\/v2\/comments?post=4318"}],"version-history":[{"count":2,"href":"https:\/\/www.cambrapropietatgirona.com\/es\/wp-json\/wp\/v2\/posts\/4318\/revisions"}],"predecessor-version":[{"id":4320,"href":"https:\/\/www.cambrapropietatgirona.com\/es\/wp-json\/wp\/v2\/posts\/4318\/revisions\/4320"}],"wp:featuredmedia":[{"embeddable":true,"href":"https:\/\/www.cambrapropietatgirona.com\/es\/wp-json\/wp\/v2\/media\/4316"}],"wp:attachment":[{"href":"https:\/\/www.cambrapropietatgirona.com\/es\/wp-json\/wp\/v2\/media?parent=4318"}],"wp:term":[{"taxonomy":"category","embeddable":true,"href":"https:\/\/www.cambrapropietatgirona.com\/es\/wp-json\/wp\/v2\/categories?post=4318"},{"taxonomy":"post_tag","embeddable":true,"href":"https:\/\/www.cambrapropietatgirona.com\/es\/wp-json\/wp\/v2\/tags?post=4318"}],"curies":[{"name":"wp","href":"https:\/\/api.w.org\/{rel}","templated":true}]}}