{"id":3982,"date":"2022-10-06T09:21:15","date_gmt":"2022-10-06T07:21:15","guid":{"rendered":"https:\/\/www.cambrapropietatgirona.com\/es-possible-desheretar-els-fills\/"},"modified":"2022-10-06T09:27:13","modified_gmt":"2022-10-06T07:27:13","slug":"es-possible-desheretar-els-fills","status":"publish","type":"post","link":"https:\/\/www.cambrapropietatgirona.com\/es\/es-possible-desheretar-els-fills\/","title":{"rendered":"\u00bfEs posible desheredar a los hijos?"},"content":{"rendered":"<p>Lo primero es tener claro el concepto de leg\u00edtima y, se define como \u201cla porci\u00f3n de bienes de que el testador no puede disponer por haberla reservado la ley a determinados herederos, llamados por ello herederos forzosos\u201d.<\/p>\n<p>En el caso de Catalunya, los \u00fanicos legitimarios son los hijos y, en su defecto, los padres. Por tanto, es a estos a los que se puede desheredar. As\u00ed, el caso m\u00e1s habitual de desheredamiento es aquel por el que el causante quiere desheredar a alguno o varios de sus hijos. Se debe dar una causa justificada para ello, de acuerdo con lo que regula el Libro Cuarto del C\u00f3digo Civil de Catalunya.<\/p>\n<p><strong>Requisitos de la desheredaci\u00f3n<\/strong><br \/>\nSe establecen estos requisitos en el primer apartado del art\u00edculo 451-18 del codigo civil catal\u00e1n:<\/p>\n<p><strong>Forma<\/strong><br \/>\nLa desheredaci\u00f3n debe realizarse en testamento, codicilo o pacto sucesorio y requiere la expresi\u00f3n de una de las causas tipificadas por el art\u00edculo 451-17 y la designaci\u00f3n nominal del legitimario desheredado.<\/p>\n<p><strong>\u00bfCu\u00e1les son las causas para desheredar a sus hijos en Catalu\u00f1a?<\/strong><br \/>\nEn el caso del C\u00f3digo Civil de Catalu\u00f1a, las causas para desheredar reducen la casu\u00edstica a supuestos muy excepcionales.<\/p>\n<p>Se trata de los siguientes supuestos:<\/p>\n<ol>\n<li>El que haya sido condenado por sentencia firme dictada en juicio penal por haber matado o haber intentado matar dolosamente al causante, su c\u00f3nyuge, a la persona con quien conviv\u00eda en pareja estable o alg\u00fan descendiente o ascendiente del causante.<\/li>\n<li>El que haya sido condenado por sentencia firme dictada en juicio penal por haber cometido dolosamente delitos de lesiones graves, contra la libertad, de torturas, contra la integridad moral o contra la libertad e indemnidad sexuales, si la persona agravada es el causante, su c\u00f3nyuge, la persona con la que conviv\u00eda en pareja estable o alg\u00fan descendiente o ascendiente del causante.<\/li>\n<li>Condenado por sentencia firme dictada en juicio penal por haber calumniado al causante, si le ha acusado de un delito para el que la ley establece una pena de prisi\u00f3n no inferior a tres a\u00f1os.<\/li>\n<li>El que haya sido condenado por sentencia firme en juicio penal por haber prestado falso testigo contra el causante, si le ha imputado un delito para el que la ley establece una pena de prisi\u00f3n no inferior a tres a\u00f1os.<\/li>\n<li>El que haya sido condenado por sentencia firme dictada en juicio penal por haber cometido un delito contra los derechos y deberes familiares, en la sucesi\u00f3n de la persona agravada o de un representante legal de \u00e9sta.<\/li>\n<li>Los padres que han sido suspendidos o privados de la potestad respecto al hijo causante de la sucesi\u00f3n, por causa que les sea imputable.<\/li>\n<li>El que haya inducido al causante de forma maliciosa a otorgar, revocar o modificar un testamento, un pacto sucesorio o cualquier otra disposici\u00f3n por causa de muerte del causante o le ha impedido hacerlo, as\u00ed como lo que, conociendo estos hechos, se &#8216; ha aprovechado.<\/li>\n<li>El que haya destruido, escondido o alterado el testamento u otra disposici\u00f3n por causa de muerte del causante.<\/li>\n<\/ol>\n<p>Tambi\u00e9n es posible desheredar en los siguientes supuestos:<\/p>\n<ul>\n<li>Negar alimentos\u00a0al que hizo el testamento, a su c\u00f3nyuge, pareja estable o sus ascendientes o descendientes si tuviera obligaci\u00f3n legal de hacerlo.<\/li>\n<li>Haber maltratado gravemente el testador, su c\u00f3nyuge, pareja estable, ascendientes o descendientes.<\/li>\n<li>Que el hijo del causante haya perdido o le hayan suspendido la patria potestad sobre alguno de sus hijos, es decir, de alguno de los nietos del causante, siempre por culpa del hijo del causante.<\/li>\n<li>Que no haya habido relaci\u00f3n familiar entre el causante y el legitimario de forma manifiesta y continuada por causa, exclusivamente imputable, al legitimario.<\/li>\n<\/ul>\n","protected":false},"excerpt":{"rendered":"<p>Lo primero es tener claro el concepto de leg\u00edtima y, se define como \u201cla porci\u00f3n de bienes de que el testador no puede disponer por haberla reservado la ley a determinados herederos, llamados por ello herederos forzosos\u201d. En el caso de Catalunya, los \u00fanicos legitimarios son los hijos y, en su defecto, los padres. Por [&hellip;]<\/p>\n","protected":false},"author":1,"featured_media":3981,"comment_status":"open","ping_status":"open","sticky":false,"template":"","format":"standard","meta":{"_acf_changed":false,"inline_featured_image":false,"disable_featured_image":false,"footnotes":""},"categories":[13,11],"tags":[853,855,854],"class_list":["post-3982","post","type-post","status-publish","format-standard","has-post-thumbnail","hentry","category-actualidad","category-legislacio","tag-herencia","tag-llegitima","tag-testament"],"acf":[],"yoast_head":"<!-- This site is optimized with the Yoast SEO plugin v27.5 - https:\/\/yoast.com\/product\/yoast-seo-wordpress\/ -->\n<title>\u00bfEs posible desheredar a los hijos? - Cambra de la Propietat Urbana de Girona<\/title>\n<meta name=\"robots\" content=\"index, follow, max-snippet:-1, max-image-preview:large, max-video-preview:-1\" \/>\n<link rel=\"canonical\" href=\"https:\/\/www.cambrapropietatgirona.com\/es\/es-possible-desheretar-els-fills\/\" \/>\n<meta property=\"og:locale\" content=\"es_ES\" \/>\n<meta property=\"og:type\" content=\"article\" \/>\n<meta property=\"og:title\" content=\"\u00bfEs posible desheredar a los hijos? - Cambra de la Propietat Urbana de Girona\" \/>\n<meta property=\"og:description\" content=\"Lo primero es tener claro el concepto de leg\u00edtima y, se define como \u201cla porci\u00f3n de bienes de que el testador no puede disponer por haberla reservado la ley a determinados herederos, llamados por ello herederos forzosos\u201d. En el caso de Catalunya, los \u00fanicos legitimarios son los hijos y, en su defecto, los padres. Por [&hellip;]\" \/>\n<meta property=\"og:url\" content=\"https:\/\/www.cambrapropietatgirona.com\/es\/es-possible-desheretar-els-fills\/\" \/>\n<meta property=\"og:site_name\" content=\"Cambra de la Propietat Urbana de Girona\" \/>\n<meta property=\"article:published_time\" content=\"2022-10-06T07:21:15+00:00\" \/>\n<meta property=\"article:modified_time\" content=\"2022-10-06T07:27:13+00:00\" \/>\n<meta property=\"og:image\" content=\"https:\/\/www.cambrapropietatgirona.com\/wp-content\/uploads\/2022\/10\/ISS_17053_00295.jpg\" \/>\n\t<meta property=\"og:image:width\" content=\"1175\" \/>\n\t<meta property=\"og:image:height\" content=\"783\" \/>\n\t<meta property=\"og:image:type\" content=\"image\/jpeg\" \/>\n<meta name=\"author\" content=\"AE5GBNi67xK1QkS\" \/>\n<meta name=\"twitter:card\" content=\"summary_large_image\" \/>\n<meta name=\"twitter:label1\" content=\"Written by\" \/>\n\t<meta name=\"twitter:data1\" content=\"AE5GBNi67xK1QkS\" \/>\n\t<meta name=\"twitter:label2\" content=\"Est. reading time\" \/>\n\t<meta name=\"twitter:data2\" content=\"4 minutes\" \/>\n<script type=\"application\/ld+json\" class=\"yoast-schema-graph\">{\"@context\":\"https:\\\/\\\/schema.org\",\"@graph\":[{\"@type\":\"Article\",\"@id\":\"https:\\\/\\\/www.cambrapropietatgirona.com\\\/es\\\/es-possible-desheretar-els-fills\\\/#article\",\"isPartOf\":{\"@id\":\"https:\\\/\\\/www.cambrapropietatgirona.com\\\/es\\\/es-possible-desheretar-els-fills\\\/\"},\"author\":{\"name\":\"AE5GBNi67xK1QkS\",\"@id\":\"https:\\\/\\\/www.cambrapropietatgirona.com\\\/#\\\/schema\\\/person\\\/839c74db646ec3d6738ce2dcf5b3447c\"},\"headline\":\"\u00bfEs posible desheredar a los hijos?\",\"datePublished\":\"2022-10-06T07:21:15+00:00\",\"dateModified\":\"2022-10-06T07:27:13+00:00\",\"mainEntityOfPage\":{\"@id\":\"https:\\\/\\\/www.cambrapropietatgirona.com\\\/es\\\/es-possible-desheretar-els-fills\\\/\"},\"wordCount\":638,\"commentCount\":0,\"publisher\":{\"@id\":\"https:\\\/\\\/www.cambrapropietatgirona.com\\\/#organization\"},\"image\":{\"@id\":\"https:\\\/\\\/www.cambrapropietatgirona.com\\\/es\\\/es-possible-desheretar-els-fills\\\/#primaryimage\"},\"thumbnailUrl\":\"https:\\\/\\\/www.cambrapropietatgirona.com\\\/wp-content\\\/uploads\\\/2022\\\/10\\\/ISS_17053_00295.jpg\",\"keywords\":[\"her\u00e8ncia\",\"lleg\u00edtima\",\"testament\"],\"articleSection\":[\"Actualidad\",\"Legislaci\u00f3\"],\"inLanguage\":\"es-ES\",\"potentialAction\":[{\"@type\":\"CommentAction\",\"name\":\"Comment\",\"target\":[\"https:\\\/\\\/www.cambrapropietatgirona.com\\\/es\\\/es-possible-desheretar-els-fills\\\/#respond\"]}]},{\"@type\":\"WebPage\",\"@id\":\"https:\\\/\\\/www.cambrapropietatgirona.com\\\/es\\\/es-possible-desheretar-els-fills\\\/\",\"url\":\"https:\\\/\\\/www.cambrapropietatgirona.com\\\/es\\\/es-possible-desheretar-els-fills\\\/\",\"name\":\"\u00bfEs posible desheredar a los hijos? - Cambra de la Propietat Urbana de Girona\",\"isPartOf\":{\"@id\":\"https:\\\/\\\/www.cambrapropietatgirona.com\\\/#website\"},\"primaryImageOfPage\":{\"@id\":\"https:\\\/\\\/www.cambrapropietatgirona.com\\\/es\\\/es-possible-desheretar-els-fills\\\/#primaryimage\"},\"image\":{\"@id\":\"https:\\\/\\\/www.cambrapropietatgirona.com\\\/es\\\/es-possible-desheretar-els-fills\\\/#primaryimage\"},\"thumbnailUrl\":\"https:\\\/\\\/www.cambrapropietatgirona.com\\\/wp-content\\\/uploads\\\/2022\\\/10\\\/ISS_17053_00295.jpg\",\"datePublished\":\"2022-10-06T07:21:15+00:00\",\"dateModified\":\"2022-10-06T07:27:13+00:00\",\"breadcrumb\":{\"@id\":\"https:\\\/\\\/www.cambrapropietatgirona.com\\\/es\\\/es-possible-desheretar-els-fills\\\/#breadcrumb\"},\"inLanguage\":\"es-ES\",\"potentialAction\":[{\"@type\":\"ReadAction\",\"target\":[\"https:\\\/\\\/www.cambrapropietatgirona.com\\\/es\\\/es-possible-desheretar-els-fills\\\/\"]}]},{\"@type\":\"ImageObject\",\"inLanguage\":\"es-ES\",\"@id\":\"https:\\\/\\\/www.cambrapropietatgirona.com\\\/es\\\/es-possible-desheretar-els-fills\\\/#primaryimage\",\"url\":\"https:\\\/\\\/www.cambrapropietatgirona.com\\\/wp-content\\\/uploads\\\/2022\\\/10\\\/ISS_17053_00295.jpg\",\"contentUrl\":\"https:\\\/\\\/www.cambrapropietatgirona.com\\\/wp-content\\\/uploads\\\/2022\\\/10\\\/ISS_17053_00295.jpg\",\"width\":1175,\"height\":783,\"caption\":\"Close-up of human hand with pen pointing at paper while explaining something.\"},{\"@type\":\"BreadcrumbList\",\"@id\":\"https:\\\/\\\/www.cambrapropietatgirona.com\\\/es\\\/es-possible-desheretar-els-fills\\\/#breadcrumb\",\"itemListElement\":[{\"@type\":\"ListItem\",\"position\":1,\"name\":\"Inici\",\"item\":\"https:\\\/\\\/www.cambrapropietatgirona.com\\\/\"},{\"@type\":\"ListItem\",\"position\":2,\"name\":\"\u00bfEs posible desheredar a los hijos?\"}]},{\"@type\":\"WebSite\",\"@id\":\"https:\\\/\\\/www.cambrapropietatgirona.com\\\/#website\",\"url\":\"https:\\\/\\\/www.cambrapropietatgirona.com\\\/\",\"name\":\"Cambra de la Propietat Urbana de Girona\",\"description\":\"Serveis immobiliaris integrals als propietaris\",\"publisher\":{\"@id\":\"https:\\\/\\\/www.cambrapropietatgirona.com\\\/#organization\"},\"potentialAction\":[{\"@type\":\"SearchAction\",\"target\":{\"@type\":\"EntryPoint\",\"urlTemplate\":\"https:\\\/\\\/www.cambrapropietatgirona.com\\\/?s={search_term_string}\"},\"query-input\":{\"@type\":\"PropertyValueSpecification\",\"valueRequired\":true,\"valueName\":\"search_term_string\"}}],\"inLanguage\":\"es-ES\"},{\"@type\":\"Organization\",\"@id\":\"https:\\\/\\\/www.cambrapropietatgirona.com\\\/#organization\",\"name\":\"Cambra de la Propietat Urbana de Girona\",\"url\":\"https:\\\/\\\/www.cambrapropietatgirona.com\\\/\",\"logo\":{\"@type\":\"ImageObject\",\"inLanguage\":\"es-ES\",\"@id\":\"https:\\\/\\\/www.cambrapropietatgirona.com\\\/#\\\/schema\\\/logo\\\/image\\\/\",\"url\":\"https:\\\/\\\/www.cambrapropietatgirona.com\\\/wp-content\\\/uploads\\\/2018\\\/01\\\/favicon.jpg\",\"contentUrl\":\"https:\\\/\\\/www.cambrapropietatgirona.com\\\/wp-content\\\/uploads\\\/2018\\\/01\\\/favicon.jpg\",\"width\":277,\"height\":269,\"caption\":\"Cambra de la Propietat Urbana de Girona\"},\"image\":{\"@id\":\"https:\\\/\\\/www.cambrapropietatgirona.com\\\/#\\\/schema\\\/logo\\\/image\\\/\"}},{\"@type\":\"Person\",\"@id\":\"https:\\\/\\\/www.cambrapropietatgirona.com\\\/#\\\/schema\\\/person\\\/839c74db646ec3d6738ce2dcf5b3447c\",\"name\":\"AE5GBNi67xK1QkS\",\"image\":{\"@type\":\"ImageObject\",\"inLanguage\":\"es-ES\",\"@id\":\"https:\\\/\\\/secure.gravatar.com\\\/avatar\\\/4a49b57693d82ed8aed27ea81234f80da517724ec1cc1f1fb4952b6cf4b80fd7?s=96&d=mm&r=g\",\"url\":\"https:\\\/\\\/secure.gravatar.com\\\/avatar\\\/4a49b57693d82ed8aed27ea81234f80da517724ec1cc1f1fb4952b6cf4b80fd7?s=96&d=mm&r=g\",\"contentUrl\":\"https:\\\/\\\/secure.gravatar.com\\\/avatar\\\/4a49b57693d82ed8aed27ea81234f80da517724ec1cc1f1fb4952b6cf4b80fd7?s=96&d=mm&r=g\",\"caption\":\"AE5GBNi67xK1QkS\"},\"url\":\"https:\\\/\\\/www.cambrapropietatgirona.com\\\/es\\\/author\\\/ae5gbni67xk1qks\\\/\"}]}<\/script>\n<!-- \/ Yoast SEO plugin. -->","yoast_head_json":{"title":"\u00bfEs posible desheredar a los hijos? - Cambra de la Propietat Urbana de Girona","robots":{"index":"index","follow":"follow","max-snippet":"max-snippet:-1","max-image-preview":"max-image-preview:large","max-video-preview":"max-video-preview:-1"},"canonical":"https:\/\/www.cambrapropietatgirona.com\/es\/es-possible-desheretar-els-fills\/","og_locale":"es_ES","og_type":"article","og_title":"\u00bfEs posible desheredar a los hijos? - Cambra de la Propietat Urbana de Girona","og_description":"Lo primero es tener claro el concepto de leg\u00edtima y, se define como \u201cla porci\u00f3n de bienes de que el testador no puede disponer por haberla reservado la ley a determinados herederos, llamados por ello herederos forzosos\u201d. En el caso de Catalunya, los \u00fanicos legitimarios son los hijos y, en su defecto, los padres. Por [&hellip;]","og_url":"https:\/\/www.cambrapropietatgirona.com\/es\/es-possible-desheretar-els-fills\/","og_site_name":"Cambra de la Propietat Urbana de Girona","article_published_time":"2022-10-06T07:21:15+00:00","article_modified_time":"2022-10-06T07:27:13+00:00","og_image":[{"width":1175,"height":783,"url":"https:\/\/www.cambrapropietatgirona.com\/wp-content\/uploads\/2022\/10\/ISS_17053_00295.jpg","type":"image\/jpeg"}],"author":"AE5GBNi67xK1QkS","twitter_card":"summary_large_image","twitter_misc":{"Written by":"AE5GBNi67xK1QkS","Est. reading time":"4 minutes"},"schema":{"@context":"https:\/\/schema.org","@graph":[{"@type":"Article","@id":"https:\/\/www.cambrapropietatgirona.com\/es\/es-possible-desheretar-els-fills\/#article","isPartOf":{"@id":"https:\/\/www.cambrapropietatgirona.com\/es\/es-possible-desheretar-els-fills\/"},"author":{"name":"AE5GBNi67xK1QkS","@id":"https:\/\/www.cambrapropietatgirona.com\/#\/schema\/person\/839c74db646ec3d6738ce2dcf5b3447c"},"headline":"\u00bfEs posible desheredar a los hijos?","datePublished":"2022-10-06T07:21:15+00:00","dateModified":"2022-10-06T07:27:13+00:00","mainEntityOfPage":{"@id":"https:\/\/www.cambrapropietatgirona.com\/es\/es-possible-desheretar-els-fills\/"},"wordCount":638,"commentCount":0,"publisher":{"@id":"https:\/\/www.cambrapropietatgirona.com\/#organization"},"image":{"@id":"https:\/\/www.cambrapropietatgirona.com\/es\/es-possible-desheretar-els-fills\/#primaryimage"},"thumbnailUrl":"https:\/\/www.cambrapropietatgirona.com\/wp-content\/uploads\/2022\/10\/ISS_17053_00295.jpg","keywords":["her\u00e8ncia","lleg\u00edtima","testament"],"articleSection":["Actualidad","Legislaci\u00f3"],"inLanguage":"es-ES","potentialAction":[{"@type":"CommentAction","name":"Comment","target":["https:\/\/www.cambrapropietatgirona.com\/es\/es-possible-desheretar-els-fills\/#respond"]}]},{"@type":"WebPage","@id":"https:\/\/www.cambrapropietatgirona.com\/es\/es-possible-desheretar-els-fills\/","url":"https:\/\/www.cambrapropietatgirona.com\/es\/es-possible-desheretar-els-fills\/","name":"\u00bfEs posible desheredar a los hijos? - Cambra de la Propietat Urbana de Girona","isPartOf":{"@id":"https:\/\/www.cambrapropietatgirona.com\/#website"},"primaryImageOfPage":{"@id":"https:\/\/www.cambrapropietatgirona.com\/es\/es-possible-desheretar-els-fills\/#primaryimage"},"image":{"@id":"https:\/\/www.cambrapropietatgirona.com\/es\/es-possible-desheretar-els-fills\/#primaryimage"},"thumbnailUrl":"https:\/\/www.cambrapropietatgirona.com\/wp-content\/uploads\/2022\/10\/ISS_17053_00295.jpg","datePublished":"2022-10-06T07:21:15+00:00","dateModified":"2022-10-06T07:27:13+00:00","breadcrumb":{"@id":"https:\/\/www.cambrapropietatgirona.com\/es\/es-possible-desheretar-els-fills\/#breadcrumb"},"inLanguage":"es-ES","potentialAction":[{"@type":"ReadAction","target":["https:\/\/www.cambrapropietatgirona.com\/es\/es-possible-desheretar-els-fills\/"]}]},{"@type":"ImageObject","inLanguage":"es-ES","@id":"https:\/\/www.cambrapropietatgirona.com\/es\/es-possible-desheretar-els-fills\/#primaryimage","url":"https:\/\/www.cambrapropietatgirona.com\/wp-content\/uploads\/2022\/10\/ISS_17053_00295.jpg","contentUrl":"https:\/\/www.cambrapropietatgirona.com\/wp-content\/uploads\/2022\/10\/ISS_17053_00295.jpg","width":1175,"height":783,"caption":"Close-up of human hand with pen pointing at paper while explaining something."},{"@type":"BreadcrumbList","@id":"https:\/\/www.cambrapropietatgirona.com\/es\/es-possible-desheretar-els-fills\/#breadcrumb","itemListElement":[{"@type":"ListItem","position":1,"name":"Inici","item":"https:\/\/www.cambrapropietatgirona.com\/"},{"@type":"ListItem","position":2,"name":"\u00bfEs posible desheredar a los hijos?"}]},{"@type":"WebSite","@id":"https:\/\/www.cambrapropietatgirona.com\/#website","url":"https:\/\/www.cambrapropietatgirona.com\/","name":"Cambra de la Propietat Urbana de Girona","description":"Serveis immobiliaris integrals als propietaris","publisher":{"@id":"https:\/\/www.cambrapropietatgirona.com\/#organization"},"potentialAction":[{"@type":"SearchAction","target":{"@type":"EntryPoint","urlTemplate":"https:\/\/www.cambrapropietatgirona.com\/?s={search_term_string}"},"query-input":{"@type":"PropertyValueSpecification","valueRequired":true,"valueName":"search_term_string"}}],"inLanguage":"es-ES"},{"@type":"Organization","@id":"https:\/\/www.cambrapropietatgirona.com\/#organization","name":"Cambra de la Propietat Urbana de Girona","url":"https:\/\/www.cambrapropietatgirona.com\/","logo":{"@type":"ImageObject","inLanguage":"es-ES","@id":"https:\/\/www.cambrapropietatgirona.com\/#\/schema\/logo\/image\/","url":"https:\/\/www.cambrapropietatgirona.com\/wp-content\/uploads\/2018\/01\/favicon.jpg","contentUrl":"https:\/\/www.cambrapropietatgirona.com\/wp-content\/uploads\/2018\/01\/favicon.jpg","width":277,"height":269,"caption":"Cambra de la Propietat Urbana de Girona"},"image":{"@id":"https:\/\/www.cambrapropietatgirona.com\/#\/schema\/logo\/image\/"}},{"@type":"Person","@id":"https:\/\/www.cambrapropietatgirona.com\/#\/schema\/person\/839c74db646ec3d6738ce2dcf5b3447c","name":"AE5GBNi67xK1QkS","image":{"@type":"ImageObject","inLanguage":"es-ES","@id":"https:\/\/secure.gravatar.com\/avatar\/4a49b57693d82ed8aed27ea81234f80da517724ec1cc1f1fb4952b6cf4b80fd7?s=96&d=mm&r=g","url":"https:\/\/secure.gravatar.com\/avatar\/4a49b57693d82ed8aed27ea81234f80da517724ec1cc1f1fb4952b6cf4b80fd7?s=96&d=mm&r=g","contentUrl":"https:\/\/secure.gravatar.com\/avatar\/4a49b57693d82ed8aed27ea81234f80da517724ec1cc1f1fb4952b6cf4b80fd7?s=96&d=mm&r=g","caption":"AE5GBNi67xK1QkS"},"url":"https:\/\/www.cambrapropietatgirona.com\/es\/author\/ae5gbni67xk1qks\/"}]}},"_links":{"self":[{"href":"https:\/\/www.cambrapropietatgirona.com\/es\/wp-json\/wp\/v2\/posts\/3982","targetHints":{"allow":["GET"]}}],"collection":[{"href":"https:\/\/www.cambrapropietatgirona.com\/es\/wp-json\/wp\/v2\/posts"}],"about":[{"href":"https:\/\/www.cambrapropietatgirona.com\/es\/wp-json\/wp\/v2\/types\/post"}],"author":[{"embeddable":true,"href":"https:\/\/www.cambrapropietatgirona.com\/es\/wp-json\/wp\/v2\/users\/1"}],"replies":[{"embeddable":true,"href":"https:\/\/www.cambrapropietatgirona.com\/es\/wp-json\/wp\/v2\/comments?post=3982"}],"version-history":[{"count":2,"href":"https:\/\/www.cambrapropietatgirona.com\/es\/wp-json\/wp\/v2\/posts\/3982\/revisions"}],"predecessor-version":[{"id":3984,"href":"https:\/\/www.cambrapropietatgirona.com\/es\/wp-json\/wp\/v2\/posts\/3982\/revisions\/3984"}],"wp:featuredmedia":[{"embeddable":true,"href":"https:\/\/www.cambrapropietatgirona.com\/es\/wp-json\/wp\/v2\/media\/3981"}],"wp:attachment":[{"href":"https:\/\/www.cambrapropietatgirona.com\/es\/wp-json\/wp\/v2\/media?parent=3982"}],"wp:term":[{"taxonomy":"category","embeddable":true,"href":"https:\/\/www.cambrapropietatgirona.com\/es\/wp-json\/wp\/v2\/categories?post=3982"},{"taxonomy":"post_tag","embeddable":true,"href":"https:\/\/www.cambrapropietatgirona.com\/es\/wp-json\/wp\/v2\/tags?post=3982"}],"curies":[{"name":"wp","href":"https:\/\/api.w.org\/{rel}","templated":true}]}}