{"id":3883,"date":"2022-06-29T18:08:39","date_gmt":"2022-06-29T16:08:39","guid":{"rendered":"https:\/\/www.cambrapropietatgirona.com\/oberta-la-convocatoria-de-les-subvencions-per-al-pagament-de-lloguer\/"},"modified":"2022-06-29T18:10:10","modified_gmt":"2022-06-29T16:10:10","slug":"oberta-la-convocatoria-de-les-subvencions-per-al-pagament-de-lloguer","status":"publish","type":"post","link":"https:\/\/www.cambrapropietatgirona.com\/es\/oberta-la-convocatoria-de-les-subvencions-per-al-pagament-de-lloguer\/","title":{"rendered":"Abierta la convocatoria de las subvenciones para el pago de alquiler"},"content":{"rendered":"<p>Desde el martes 28 de junio y hasta el 15 de julio, estar\u00e1 abierto el plazo para solicitar las subvenciones para el pago del alquiler o cesi\u00f3n de uso. Estas ayudas van dirigidas a facilitar el acceso y la permanencia en una vivienda o habitaci\u00f3n en r\u00e9gimen de alquiler o cesi\u00f3n de uso a sectores de poblaci\u00f3n en riesgo de exclusi\u00f3n social.<\/p>\n<p>Los requisitos exigen tener m\u00e1s de 36 a\u00f1os y estar empadronado en la vivienda, y que la unidad de convivencia tenga una fuente regular de ingresos para poder pagar el alquiler y que no sobrepasen los 22.548,67 \u20ac (2,831267 veces la indicador de renta de suficiencia (IRSC), salvo en los supuestos de v\u00edctimas de terrorismo.<\/p>\n<p>La resoluci\u00f3n DSO\/1967\/2022 de 21 de junio -ha sido publicada en el DOGC n\u00fam. 8696, de 27 de junio de 2022-, por la que se abre la convocatoria para la concesi\u00f3n, en r\u00e9gimen de concurrencia p\u00fablica competitiva, de las subvenciones para el pago del alquiler o precio de cesi\u00f3n de vivienda o habitaci\u00f3n para el 2022 (ref. BDNS 635344)<\/p>\n<p>Se trata de subvenciones para el pago del alquiler o cesi\u00f3n de uso de viviendas o habitaciones, en r\u00e9gimen de concurrencia competitiva, para facilitar el acceso y permanencia a sectores de poblaci\u00f3n en riesgo de exclusi\u00f3n social. Se dirige a personas que sean titulares de un contrato de alquiler o cesi\u00f3n de uso que constituya su domicilio habitual y permanente en el territorio de Catalu\u00f1a, que tengan una edad de 36 o m\u00e1s a\u00f1os y cumplan los requisitos de la convocatoria.<\/p>\n<p><strong>Importes m\u00e1ximos del alquiler mensual o precio de cesi\u00f3n<\/strong><br \/>\nEn el caso de la demarcaci\u00f3n de Girona, el importe m\u00e1ximo de alquiler no puede ser superior a 650 euros. En los supuestos de habitaci\u00f3n no podr\u00e1 ser superior a 350 euros. Para familias numerosas, familias monoparentales y para unidades de convivencia con alg\u00fan miembro con discapacidad legalmente reconocida y baremo movilidad favorable, el importe m\u00e1ximo de alquiler mensual es de 900 euros en todo el territorio de Catalu\u00f1a.<\/p>\n<p><a href=\"https:\/\/web.gencat.cat\/ca\/actualitat\/detall\/ajut-pagament-lloguer-o-cessio-us\">M\u00e1s informaci\u00f3n y tramitaci\u00f3n<\/a><\/p>\n","protected":false},"excerpt":{"rendered":"<p>Desde el martes 28 de junio y hasta el 15 de julio, estar\u00e1 abierto el plazo para solicitar las subvenciones para el pago del alquiler o cesi\u00f3n de uso. Estas ayudas van dirigidas a facilitar el acceso y la permanencia en una vivienda o habitaci\u00f3n en r\u00e9gimen de alquiler o cesi\u00f3n de uso a sectores [&hellip;]<\/p>\n","protected":false},"author":1,"featured_media":3880,"comment_status":"open","ping_status":"open","sticky":false,"template":"","format":"standard","meta":{"_acf_changed":false,"inline_featured_image":false,"disable_featured_image":false,"footnotes":""},"categories":[13,719],"tags":[750],"class_list":["post-3883","post","type-post","status-publish","format-standard","has-post-thumbnail","hentry","category-actualidad","category-arrendaments-es","tag-subvencions"],"acf":[],"yoast_head":"<!-- This site is optimized with the Yoast SEO plugin v27.5 - https:\/\/yoast.com\/product\/yoast-seo-wordpress\/ -->\n<title>Abierta la convocatoria de las subvenciones para el pago de alquiler - Cambra de la Propietat Urbana de Girona<\/title>\n<meta name=\"robots\" content=\"index, follow, max-snippet:-1, max-image-preview:large, max-video-preview:-1\" \/>\n<link rel=\"canonical\" href=\"https:\/\/www.cambrapropietatgirona.com\/es\/oberta-la-convocatoria-de-les-subvencions-per-al-pagament-de-lloguer\/\" \/>\n<meta property=\"og:locale\" content=\"es_ES\" \/>\n<meta property=\"og:type\" content=\"article\" \/>\n<meta property=\"og:title\" content=\"Abierta la convocatoria de las subvenciones para el pago de alquiler - Cambra de la Propietat Urbana de Girona\" \/>\n<meta property=\"og:description\" content=\"Desde el martes 28 de junio y hasta el 15 de julio, estar\u00e1 abierto el plazo para solicitar las subvenciones para el pago del alquiler o cesi\u00f3n de uso. Estas ayudas van dirigidas a facilitar el acceso y la permanencia en una vivienda o habitaci\u00f3n en r\u00e9gimen de alquiler o cesi\u00f3n de uso a sectores [&hellip;]\" \/>\n<meta property=\"og:url\" content=\"https:\/\/www.cambrapropietatgirona.com\/es\/oberta-la-convocatoria-de-les-subvencions-per-al-pagament-de-lloguer\/\" \/>\n<meta property=\"og:site_name\" content=\"Cambra de la Propietat Urbana de Girona\" \/>\n<meta property=\"article:published_time\" content=\"2022-06-29T16:08:39+00:00\" \/>\n<meta property=\"article:modified_time\" content=\"2022-06-29T16:10:10+00:00\" \/>\n<meta property=\"og:image\" content=\"https:\/\/www.cambrapropietatgirona.com\/wp-content\/uploads\/2022\/06\/ISS_24040_00481.jpg\" \/>\n\t<meta property=\"og:image:width\" content=\"937\" \/>\n\t<meta property=\"og:image:height\" content=\"625\" \/>\n\t<meta property=\"og:image:type\" content=\"image\/jpeg\" \/>\n<meta name=\"author\" content=\"AE5GBNi67xK1QkS\" \/>\n<meta name=\"twitter:card\" content=\"summary_large_image\" \/>\n<meta name=\"twitter:label1\" content=\"Written by\" \/>\n\t<meta name=\"twitter:data1\" content=\"AE5GBNi67xK1QkS\" \/>\n\t<meta name=\"twitter:label2\" content=\"Est. reading time\" \/>\n\t<meta name=\"twitter:data2\" content=\"2 minutes\" \/>\n<script type=\"application\/ld+json\" class=\"yoast-schema-graph\">{\"@context\":\"https:\\\/\\\/schema.org\",\"@graph\":[{\"@type\":\"Article\",\"@id\":\"https:\\\/\\\/www.cambrapropietatgirona.com\\\/es\\\/oberta-la-convocatoria-de-les-subvencions-per-al-pagament-de-lloguer\\\/#article\",\"isPartOf\":{\"@id\":\"https:\\\/\\\/www.cambrapropietatgirona.com\\\/es\\\/oberta-la-convocatoria-de-les-subvencions-per-al-pagament-de-lloguer\\\/\"},\"author\":{\"name\":\"AE5GBNi67xK1QkS\",\"@id\":\"https:\\\/\\\/www.cambrapropietatgirona.com\\\/#\\\/schema\\\/person\\\/839c74db646ec3d6738ce2dcf5b3447c\"},\"headline\":\"Abierta la convocatoria de las subvenciones para el pago de alquiler\",\"datePublished\":\"2022-06-29T16:08:39+00:00\",\"dateModified\":\"2022-06-29T16:10:10+00:00\",\"mainEntityOfPage\":{\"@id\":\"https:\\\/\\\/www.cambrapropietatgirona.com\\\/es\\\/oberta-la-convocatoria-de-les-subvencions-per-al-pagament-de-lloguer\\\/\"},\"wordCount\":370,\"commentCount\":0,\"publisher\":{\"@id\":\"https:\\\/\\\/www.cambrapropietatgirona.com\\\/#organization\"},\"image\":{\"@id\":\"https:\\\/\\\/www.cambrapropietatgirona.com\\\/es\\\/oberta-la-convocatoria-de-les-subvencions-per-al-pagament-de-lloguer\\\/#primaryimage\"},\"thumbnailUrl\":\"https:\\\/\\\/www.cambrapropietatgirona.com\\\/wp-content\\\/uploads\\\/2022\\\/06\\\/ISS_24040_00481.jpg\",\"keywords\":[\"subvencions\"],\"articleSection\":[\"Actualidad\",\"Arrendaments\"],\"inLanguage\":\"es-ES\",\"potentialAction\":[{\"@type\":\"CommentAction\",\"name\":\"Comment\",\"target\":[\"https:\\\/\\\/www.cambrapropietatgirona.com\\\/es\\\/oberta-la-convocatoria-de-les-subvencions-per-al-pagament-de-lloguer\\\/#respond\"]}]},{\"@type\":\"WebPage\",\"@id\":\"https:\\\/\\\/www.cambrapropietatgirona.com\\\/es\\\/oberta-la-convocatoria-de-les-subvencions-per-al-pagament-de-lloguer\\\/\",\"url\":\"https:\\\/\\\/www.cambrapropietatgirona.com\\\/es\\\/oberta-la-convocatoria-de-les-subvencions-per-al-pagament-de-lloguer\\\/\",\"name\":\"Abierta la convocatoria de las subvenciones para el pago de alquiler - Cambra de la Propietat Urbana de Girona\",\"isPartOf\":{\"@id\":\"https:\\\/\\\/www.cambrapropietatgirona.com\\\/#website\"},\"primaryImageOfPage\":{\"@id\":\"https:\\\/\\\/www.cambrapropietatgirona.com\\\/es\\\/oberta-la-convocatoria-de-les-subvencions-per-al-pagament-de-lloguer\\\/#primaryimage\"},\"image\":{\"@id\":\"https:\\\/\\\/www.cambrapropietatgirona.com\\\/es\\\/oberta-la-convocatoria-de-les-subvencions-per-al-pagament-de-lloguer\\\/#primaryimage\"},\"thumbnailUrl\":\"https:\\\/\\\/www.cambrapropietatgirona.com\\\/wp-content\\\/uploads\\\/2022\\\/06\\\/ISS_24040_00481.jpg\",\"datePublished\":\"2022-06-29T16:08:39+00:00\",\"dateModified\":\"2022-06-29T16:10:10+00:00\",\"breadcrumb\":{\"@id\":\"https:\\\/\\\/www.cambrapropietatgirona.com\\\/es\\\/oberta-la-convocatoria-de-les-subvencions-per-al-pagament-de-lloguer\\\/#breadcrumb\"},\"inLanguage\":\"es-ES\",\"potentialAction\":[{\"@type\":\"ReadAction\",\"target\":[\"https:\\\/\\\/www.cambrapropietatgirona.com\\\/es\\\/oberta-la-convocatoria-de-les-subvencions-per-al-pagament-de-lloguer\\\/\"]}]},{\"@type\":\"ImageObject\",\"inLanguage\":\"es-ES\",\"@id\":\"https:\\\/\\\/www.cambrapropietatgirona.com\\\/es\\\/oberta-la-convocatoria-de-les-subvencions-per-al-pagament-de-lloguer\\\/#primaryimage\",\"url\":\"https:\\\/\\\/www.cambrapropietatgirona.com\\\/wp-content\\\/uploads\\\/2022\\\/06\\\/ISS_24040_00481.jpg\",\"contentUrl\":\"https:\\\/\\\/www.cambrapropietatgirona.com\\\/wp-content\\\/uploads\\\/2022\\\/06\\\/ISS_24040_00481.jpg\",\"width\":937,\"height\":625,\"caption\":\"Home and housing estate concept, a key to open the door\"},{\"@type\":\"BreadcrumbList\",\"@id\":\"https:\\\/\\\/www.cambrapropietatgirona.com\\\/es\\\/oberta-la-convocatoria-de-les-subvencions-per-al-pagament-de-lloguer\\\/#breadcrumb\",\"itemListElement\":[{\"@type\":\"ListItem\",\"position\":1,\"name\":\"Inici\",\"item\":\"https:\\\/\\\/www.cambrapropietatgirona.com\\\/\"},{\"@type\":\"ListItem\",\"position\":2,\"name\":\"Abierta la convocatoria de las subvenciones para el pago de alquiler\"}]},{\"@type\":\"WebSite\",\"@id\":\"https:\\\/\\\/www.cambrapropietatgirona.com\\\/#website\",\"url\":\"https:\\\/\\\/www.cambrapropietatgirona.com\\\/\",\"name\":\"Cambra de la Propietat Urbana de Girona\",\"description\":\"Serveis immobiliaris integrals als propietaris\",\"publisher\":{\"@id\":\"https:\\\/\\\/www.cambrapropietatgirona.com\\\/#organization\"},\"potentialAction\":[{\"@type\":\"SearchAction\",\"target\":{\"@type\":\"EntryPoint\",\"urlTemplate\":\"https:\\\/\\\/www.cambrapropietatgirona.com\\\/?s={search_term_string}\"},\"query-input\":{\"@type\":\"PropertyValueSpecification\",\"valueRequired\":true,\"valueName\":\"search_term_string\"}}],\"inLanguage\":\"es-ES\"},{\"@type\":\"Organization\",\"@id\":\"https:\\\/\\\/www.cambrapropietatgirona.com\\\/#organization\",\"name\":\"Cambra de la Propietat Urbana de Girona\",\"url\":\"https:\\\/\\\/www.cambrapropietatgirona.com\\\/\",\"logo\":{\"@type\":\"ImageObject\",\"inLanguage\":\"es-ES\",\"@id\":\"https:\\\/\\\/www.cambrapropietatgirona.com\\\/#\\\/schema\\\/logo\\\/image\\\/\",\"url\":\"https:\\\/\\\/www.cambrapropietatgirona.com\\\/wp-content\\\/uploads\\\/2018\\\/01\\\/favicon.jpg\",\"contentUrl\":\"https:\\\/\\\/www.cambrapropietatgirona.com\\\/wp-content\\\/uploads\\\/2018\\\/01\\\/favicon.jpg\",\"width\":277,\"height\":269,\"caption\":\"Cambra de la Propietat Urbana de Girona\"},\"image\":{\"@id\":\"https:\\\/\\\/www.cambrapropietatgirona.com\\\/#\\\/schema\\\/logo\\\/image\\\/\"}},{\"@type\":\"Person\",\"@id\":\"https:\\\/\\\/www.cambrapropietatgirona.com\\\/#\\\/schema\\\/person\\\/839c74db646ec3d6738ce2dcf5b3447c\",\"name\":\"AE5GBNi67xK1QkS\",\"image\":{\"@type\":\"ImageObject\",\"inLanguage\":\"es-ES\",\"@id\":\"https:\\\/\\\/secure.gravatar.com\\\/avatar\\\/4a49b57693d82ed8aed27ea81234f80da517724ec1cc1f1fb4952b6cf4b80fd7?s=96&d=mm&r=g\",\"url\":\"https:\\\/\\\/secure.gravatar.com\\\/avatar\\\/4a49b57693d82ed8aed27ea81234f80da517724ec1cc1f1fb4952b6cf4b80fd7?s=96&d=mm&r=g\",\"contentUrl\":\"https:\\\/\\\/secure.gravatar.com\\\/avatar\\\/4a49b57693d82ed8aed27ea81234f80da517724ec1cc1f1fb4952b6cf4b80fd7?s=96&d=mm&r=g\",\"caption\":\"AE5GBNi67xK1QkS\"},\"url\":\"https:\\\/\\\/www.cambrapropietatgirona.com\\\/es\\\/author\\\/ae5gbni67xk1qks\\\/\"}]}<\/script>\n<!-- \/ Yoast SEO plugin. -->","yoast_head_json":{"title":"Abierta la convocatoria de las subvenciones para el pago de alquiler - Cambra de la Propietat Urbana de Girona","robots":{"index":"index","follow":"follow","max-snippet":"max-snippet:-1","max-image-preview":"max-image-preview:large","max-video-preview":"max-video-preview:-1"},"canonical":"https:\/\/www.cambrapropietatgirona.com\/es\/oberta-la-convocatoria-de-les-subvencions-per-al-pagament-de-lloguer\/","og_locale":"es_ES","og_type":"article","og_title":"Abierta la convocatoria de las subvenciones para el pago de alquiler - Cambra de la Propietat Urbana de Girona","og_description":"Desde el martes 28 de junio y hasta el 15 de julio, estar\u00e1 abierto el plazo para solicitar las subvenciones para el pago del alquiler o cesi\u00f3n de uso. Estas ayudas van dirigidas a facilitar el acceso y la permanencia en una vivienda o habitaci\u00f3n en r\u00e9gimen de alquiler o cesi\u00f3n de uso a sectores [&hellip;]","og_url":"https:\/\/www.cambrapropietatgirona.com\/es\/oberta-la-convocatoria-de-les-subvencions-per-al-pagament-de-lloguer\/","og_site_name":"Cambra de la Propietat Urbana de Girona","article_published_time":"2022-06-29T16:08:39+00:00","article_modified_time":"2022-06-29T16:10:10+00:00","og_image":[{"width":937,"height":625,"url":"https:\/\/www.cambrapropietatgirona.com\/wp-content\/uploads\/2022\/06\/ISS_24040_00481.jpg","type":"image\/jpeg"}],"author":"AE5GBNi67xK1QkS","twitter_card":"summary_large_image","twitter_misc":{"Written by":"AE5GBNi67xK1QkS","Est. reading time":"2 minutes"},"schema":{"@context":"https:\/\/schema.org","@graph":[{"@type":"Article","@id":"https:\/\/www.cambrapropietatgirona.com\/es\/oberta-la-convocatoria-de-les-subvencions-per-al-pagament-de-lloguer\/#article","isPartOf":{"@id":"https:\/\/www.cambrapropietatgirona.com\/es\/oberta-la-convocatoria-de-les-subvencions-per-al-pagament-de-lloguer\/"},"author":{"name":"AE5GBNi67xK1QkS","@id":"https:\/\/www.cambrapropietatgirona.com\/#\/schema\/person\/839c74db646ec3d6738ce2dcf5b3447c"},"headline":"Abierta la convocatoria de las subvenciones para el pago de alquiler","datePublished":"2022-06-29T16:08:39+00:00","dateModified":"2022-06-29T16:10:10+00:00","mainEntityOfPage":{"@id":"https:\/\/www.cambrapropietatgirona.com\/es\/oberta-la-convocatoria-de-les-subvencions-per-al-pagament-de-lloguer\/"},"wordCount":370,"commentCount":0,"publisher":{"@id":"https:\/\/www.cambrapropietatgirona.com\/#organization"},"image":{"@id":"https:\/\/www.cambrapropietatgirona.com\/es\/oberta-la-convocatoria-de-les-subvencions-per-al-pagament-de-lloguer\/#primaryimage"},"thumbnailUrl":"https:\/\/www.cambrapropietatgirona.com\/wp-content\/uploads\/2022\/06\/ISS_24040_00481.jpg","keywords":["subvencions"],"articleSection":["Actualidad","Arrendaments"],"inLanguage":"es-ES","potentialAction":[{"@type":"CommentAction","name":"Comment","target":["https:\/\/www.cambrapropietatgirona.com\/es\/oberta-la-convocatoria-de-les-subvencions-per-al-pagament-de-lloguer\/#respond"]}]},{"@type":"WebPage","@id":"https:\/\/www.cambrapropietatgirona.com\/es\/oberta-la-convocatoria-de-les-subvencions-per-al-pagament-de-lloguer\/","url":"https:\/\/www.cambrapropietatgirona.com\/es\/oberta-la-convocatoria-de-les-subvencions-per-al-pagament-de-lloguer\/","name":"Abierta la convocatoria de las subvenciones para el pago de alquiler - Cambra de la Propietat Urbana de Girona","isPartOf":{"@id":"https:\/\/www.cambrapropietatgirona.com\/#website"},"primaryImageOfPage":{"@id":"https:\/\/www.cambrapropietatgirona.com\/es\/oberta-la-convocatoria-de-les-subvencions-per-al-pagament-de-lloguer\/#primaryimage"},"image":{"@id":"https:\/\/www.cambrapropietatgirona.com\/es\/oberta-la-convocatoria-de-les-subvencions-per-al-pagament-de-lloguer\/#primaryimage"},"thumbnailUrl":"https:\/\/www.cambrapropietatgirona.com\/wp-content\/uploads\/2022\/06\/ISS_24040_00481.jpg","datePublished":"2022-06-29T16:08:39+00:00","dateModified":"2022-06-29T16:10:10+00:00","breadcrumb":{"@id":"https:\/\/www.cambrapropietatgirona.com\/es\/oberta-la-convocatoria-de-les-subvencions-per-al-pagament-de-lloguer\/#breadcrumb"},"inLanguage":"es-ES","potentialAction":[{"@type":"ReadAction","target":["https:\/\/www.cambrapropietatgirona.com\/es\/oberta-la-convocatoria-de-les-subvencions-per-al-pagament-de-lloguer\/"]}]},{"@type":"ImageObject","inLanguage":"es-ES","@id":"https:\/\/www.cambrapropietatgirona.com\/es\/oberta-la-convocatoria-de-les-subvencions-per-al-pagament-de-lloguer\/#primaryimage","url":"https:\/\/www.cambrapropietatgirona.com\/wp-content\/uploads\/2022\/06\/ISS_24040_00481.jpg","contentUrl":"https:\/\/www.cambrapropietatgirona.com\/wp-content\/uploads\/2022\/06\/ISS_24040_00481.jpg","width":937,"height":625,"caption":"Home and housing estate concept, a key to open the door"},{"@type":"BreadcrumbList","@id":"https:\/\/www.cambrapropietatgirona.com\/es\/oberta-la-convocatoria-de-les-subvencions-per-al-pagament-de-lloguer\/#breadcrumb","itemListElement":[{"@type":"ListItem","position":1,"name":"Inici","item":"https:\/\/www.cambrapropietatgirona.com\/"},{"@type":"ListItem","position":2,"name":"Abierta la convocatoria de las subvenciones para el pago de alquiler"}]},{"@type":"WebSite","@id":"https:\/\/www.cambrapropietatgirona.com\/#website","url":"https:\/\/www.cambrapropietatgirona.com\/","name":"Cambra de la Propietat Urbana de Girona","description":"Serveis immobiliaris integrals als propietaris","publisher":{"@id":"https:\/\/www.cambrapropietatgirona.com\/#organization"},"potentialAction":[{"@type":"SearchAction","target":{"@type":"EntryPoint","urlTemplate":"https:\/\/www.cambrapropietatgirona.com\/?s={search_term_string}"},"query-input":{"@type":"PropertyValueSpecification","valueRequired":true,"valueName":"search_term_string"}}],"inLanguage":"es-ES"},{"@type":"Organization","@id":"https:\/\/www.cambrapropietatgirona.com\/#organization","name":"Cambra de la Propietat Urbana de Girona","url":"https:\/\/www.cambrapropietatgirona.com\/","logo":{"@type":"ImageObject","inLanguage":"es-ES","@id":"https:\/\/www.cambrapropietatgirona.com\/#\/schema\/logo\/image\/","url":"https:\/\/www.cambrapropietatgirona.com\/wp-content\/uploads\/2018\/01\/favicon.jpg","contentUrl":"https:\/\/www.cambrapropietatgirona.com\/wp-content\/uploads\/2018\/01\/favicon.jpg","width":277,"height":269,"caption":"Cambra de la Propietat Urbana de Girona"},"image":{"@id":"https:\/\/www.cambrapropietatgirona.com\/#\/schema\/logo\/image\/"}},{"@type":"Person","@id":"https:\/\/www.cambrapropietatgirona.com\/#\/schema\/person\/839c74db646ec3d6738ce2dcf5b3447c","name":"AE5GBNi67xK1QkS","image":{"@type":"ImageObject","inLanguage":"es-ES","@id":"https:\/\/secure.gravatar.com\/avatar\/4a49b57693d82ed8aed27ea81234f80da517724ec1cc1f1fb4952b6cf4b80fd7?s=96&d=mm&r=g","url":"https:\/\/secure.gravatar.com\/avatar\/4a49b57693d82ed8aed27ea81234f80da517724ec1cc1f1fb4952b6cf4b80fd7?s=96&d=mm&r=g","contentUrl":"https:\/\/secure.gravatar.com\/avatar\/4a49b57693d82ed8aed27ea81234f80da517724ec1cc1f1fb4952b6cf4b80fd7?s=96&d=mm&r=g","caption":"AE5GBNi67xK1QkS"},"url":"https:\/\/www.cambrapropietatgirona.com\/es\/author\/ae5gbni67xk1qks\/"}]}},"_links":{"self":[{"href":"https:\/\/www.cambrapropietatgirona.com\/es\/wp-json\/wp\/v2\/posts\/3883","targetHints":{"allow":["GET"]}}],"collection":[{"href":"https:\/\/www.cambrapropietatgirona.com\/es\/wp-json\/wp\/v2\/posts"}],"about":[{"href":"https:\/\/www.cambrapropietatgirona.com\/es\/wp-json\/wp\/v2\/types\/post"}],"author":[{"embeddable":true,"href":"https:\/\/www.cambrapropietatgirona.com\/es\/wp-json\/wp\/v2\/users\/1"}],"replies":[{"embeddable":true,"href":"https:\/\/www.cambrapropietatgirona.com\/es\/wp-json\/wp\/v2\/comments?post=3883"}],"version-history":[{"count":1,"href":"https:\/\/www.cambrapropietatgirona.com\/es\/wp-json\/wp\/v2\/posts\/3883\/revisions"}],"predecessor-version":[{"id":3884,"href":"https:\/\/www.cambrapropietatgirona.com\/es\/wp-json\/wp\/v2\/posts\/3883\/revisions\/3884"}],"wp:featuredmedia":[{"embeddable":true,"href":"https:\/\/www.cambrapropietatgirona.com\/es\/wp-json\/wp\/v2\/media\/3880"}],"wp:attachment":[{"href":"https:\/\/www.cambrapropietatgirona.com\/es\/wp-json\/wp\/v2\/media?parent=3883"}],"wp:term":[{"taxonomy":"category","embeddable":true,"href":"https:\/\/www.cambrapropietatgirona.com\/es\/wp-json\/wp\/v2\/categories?post=3883"},{"taxonomy":"post_tag","embeddable":true,"href":"https:\/\/www.cambrapropietatgirona.com\/es\/wp-json\/wp\/v2\/tags?post=3883"}],"curies":[{"name":"wp","href":"https:\/\/api.w.org\/{rel}","templated":true}]}}