{"id":3741,"date":"2022-02-01T11:49:03","date_gmt":"2022-02-01T10:49:03","guid":{"rendered":"https:\/\/www.cambrapropietatgirona.com\/la-cambra-de-la-propietat-urbana-de-girona-publica-un-llibre-amb-la-seva-historia-centenaria\/"},"modified":"2022-03-29T15:10:38","modified_gmt":"2022-03-29T13:10:38","slug":"la-cambra-de-la-propietat-urbana-de-girona-publica-un-libro-con-su-historia-centenaria","status":"publish","type":"post","link":"https:\/\/www.cambrapropietatgirona.com\/es\/la-cambra-de-la-propietat-urbana-de-girona-publica-un-libro-con-su-historia-centenaria\/","title":{"rendered":"La Cambra de la Propietat Urbana de Girona publica un libro con su historia centenaria"},"content":{"rendered":"<p><em><strong>&#8220;Cent anys d\u2019habitatge i societat. Una hist\u00f2ria de la Cambra de la Propietat de Girona&#8221; es un libro que, al hilo de una trayectoria centenaria, explica los avatares propios de la entidad, pero tambi\u00e9n los del entorno en qu\u00e9 se desarrolla en cada momento, y de su implicaci\u00f3n en los hechos de cada \u00e9poca.<\/strong><\/em><\/p>\n<p style=\"text-align: center;\"><a href=\"https:\/\/www.cambrapropietatgirona.com\/wp-content\/uploads\/2022\/03\/Cent-anys-dhabitatge-i-societat_online_ok.pdf\" target=\"_blank\" rel=\"noopener\">Leer el libro &#8220;Cent anys d&#8217;habitatge i societat&#8221; en formato PDF<\/a><\/p>\n<p>A lo largo de las casi cuatrocientas p\u00e1ginas, el libro recoge lo que ha transcurrido en una ciudad y en un pa\u00eds, de la mano de una instituci\u00f3n con un peso econ\u00f3mico y una influencia sociopol\u00edtica que, en muchos momentos, rebas\u00f3 su estricto marco profesional. Se desgrana como ocurre la vida de la C\u00e1mara de la Propiedad Urbana de Girona, que no se puede separar de la sociedad en la que ha convivido, de momento, cien a\u00f1os.<\/p>\n<p>Viviendo la historia de la C\u00e1mara de la Propiedad de Girona la persona que se adentre en ella revivir\u00e1 o ver\u00e1 momentos de grandeza y de mezquindad, de exaltaci\u00f3n y de maldici\u00f3n, de orgullo y de humildad. Con los ojos de esta instituci\u00f3n, que en otros tiempos fue poderosa, se podr\u00e1 atisbar las pasiones y el trabajo de toda una sociedad.<\/p>\n<p>La C\u00e1mara de la Propiedad es una corporaci\u00f3n de servicio. Por tanto, adentrarse en las luchas por el abastecimiento de aguas, por la exenci\u00f3n de pagar alquiler, en las intermediaciones inmobiliarias o en la preocupaci\u00f3n por c\u00f3mo deb\u00eda sobrevivir la poblaci\u00f3n gerundense en tiempos de posguerra, forma parte del rico bagaje que puede exhibir. Este libro trata de esto y de muchas cosas m\u00e1s.<\/p>\n<p><strong>El autor<\/strong><br \/>\nEl periodista e historiador Xavier Mart\u00ed e Ylla (Madremanya, 1957), es el autor del libro del centenario de la C\u00e1mara de la Propiedad de Girona, y tambi\u00e9n de los libros Los peri\u00f3dicos de Fomento. Prensa industrial en el siglo XIX (2018), La vendimia de los 80. Una emigraci\u00f3n civilizada (2015, fotograf\u00edas de Jordi Mestre), Colonias (y vecindarios) industriales de la Selva (2014, ganador de la VI Beca de Investigaci\u00f3n la Selva 2012) y Archivos y fondos documentales referidos a colonias industriales (2007), entre otros. Es coautor de La cr\u00f3nica de los cambios. El periodismo en las comarcas gerundenses 1976-2014 (2014), Barcelona (1990) y Girona y sus barrios (1983). Ha sido curador de exposiciones. Entre ellas, Ayer y hoy. Cien a\u00f1os con la vivienda (C\u00e1mara de la Propiedad de Girona, 2021), La Voz de las colonias industriales (Biblioteca de Catalunya, 2013) y Colonias industriales (Museo de Historia de Catalu\u00f1a, 2009-2010). En investigaci\u00f3n y divulgaci\u00f3n historiogr\u00e1fica, sus l\u00edneas de inter\u00e9s se sit\u00faan en el patrimonio y la sociedad industrial y en el periodismo de los a\u00f1os 20 y 30. Ha publicado trabajos en diversas revistas especializadas y ha presentado ponencias y comunicaciones en distintos congresos sobre patrimonio industrial y prensa hist\u00f3rica. Cuenta con una larga trayectoria profesional en varios medios de comunicaci\u00f3n.<\/p>\n","protected":false},"excerpt":{"rendered":"<p>&#8220;Cent anys d\u2019habitatge i societat. Una hist\u00f2ria de la Cambra de la Propietat de Girona&#8221; es un libro que, al hilo de una trayectoria centenaria, explica los avatares propios de la entidad, pero tambi\u00e9n los del entorno en qu\u00e9 se desarrolla en cada momento, y de su implicaci\u00f3n en los hechos de cada \u00e9poca. Leer [&hellip;]<\/p>\n","protected":false},"author":1,"featured_media":3597,"comment_status":"open","ping_status":"open","sticky":false,"template":"","format":"standard","meta":{"_acf_changed":false,"inline_featured_image":false,"disable_featured_image":false,"footnotes":""},"categories":[13,783,781],"tags":[780],"class_list":["post-3741","post","type-post","status-publish","format-standard","has-post-thumbnail","hentry","category-actualidad","category-centenari-es","category-publicaciones","tag-centenari-es"],"acf":[],"yoast_head":"<!-- This site is optimized with the Yoast SEO plugin v27.5 - https:\/\/yoast.com\/product\/yoast-seo-wordpress\/ -->\n<title>La Cambra de la Propietat Urbana de Girona publica un libro con su historia centenaria - Cambra de la Propietat Urbana de Girona<\/title>\n<meta name=\"robots\" content=\"index, follow, max-snippet:-1, max-image-preview:large, max-video-preview:-1\" \/>\n<link rel=\"canonical\" href=\"https:\/\/www.cambrapropietatgirona.com\/es\/la-cambra-de-la-propietat-urbana-de-girona-publica-un-libro-con-su-historia-centenaria\/\" \/>\n<meta property=\"og:locale\" content=\"es_ES\" \/>\n<meta property=\"og:type\" content=\"article\" \/>\n<meta property=\"og:title\" content=\"La Cambra de la Propietat Urbana de Girona publica un libro con su historia centenaria - Cambra de la Propietat Urbana de Girona\" \/>\n<meta property=\"og:description\" content=\"&#8220;Cent anys d\u2019habitatge i societat. Una hist\u00f2ria de la Cambra de la Propietat de Girona&#8221; es un libro que, al hilo de una trayectoria centenaria, explica los avatares propios de la entidad, pero tambi\u00e9n los del entorno en qu\u00e9 se desarrolla en cada momento, y de su implicaci\u00f3n en los hechos de cada \u00e9poca. Leer [&hellip;]\" \/>\n<meta property=\"og:url\" content=\"https:\/\/www.cambrapropietatgirona.com\/es\/la-cambra-de-la-propietat-urbana-de-girona-publica-un-libro-con-su-historia-centenaria\/\" \/>\n<meta property=\"og:site_name\" content=\"Cambra de la Propietat Urbana de Girona\" \/>\n<meta property=\"article:published_time\" content=\"2022-02-01T10:49:03+00:00\" \/>\n<meta property=\"article:modified_time\" content=\"2022-03-29T13:10:38+00:00\" \/>\n<meta property=\"og:image\" content=\"https:\/\/www.cambrapropietatgirona.com\/wp-content\/uploads\/2021\/12\/de2d27e4-53b0-e83a-a9b0-be6a4bb38a50.png\" \/>\n\t<meta property=\"og:image:width\" content=\"1336\" \/>\n\t<meta property=\"og:image:height\" content=\"887\" \/>\n\t<meta property=\"og:image:type\" content=\"image\/png\" \/>\n<meta name=\"author\" content=\"AE5GBNi67xK1QkS\" \/>\n<meta name=\"twitter:card\" content=\"summary_large_image\" \/>\n<meta name=\"twitter:label1\" content=\"Written by\" \/>\n\t<meta name=\"twitter:data1\" content=\"AE5GBNi67xK1QkS\" \/>\n\t<meta name=\"twitter:label2\" content=\"Est. reading time\" \/>\n\t<meta name=\"twitter:data2\" content=\"3 minutes\" \/>\n<script type=\"application\/ld+json\" class=\"yoast-schema-graph\">{\"@context\":\"https:\\\/\\\/schema.org\",\"@graph\":[{\"@type\":\"Article\",\"@id\":\"https:\\\/\\\/www.cambrapropietatgirona.com\\\/es\\\/la-cambra-de-la-propietat-urbana-de-girona-publica-un-libro-con-su-historia-centenaria\\\/#article\",\"isPartOf\":{\"@id\":\"https:\\\/\\\/www.cambrapropietatgirona.com\\\/es\\\/la-cambra-de-la-propietat-urbana-de-girona-publica-un-libro-con-su-historia-centenaria\\\/\"},\"author\":{\"name\":\"AE5GBNi67xK1QkS\",\"@id\":\"https:\\\/\\\/www.cambrapropietatgirona.com\\\/#\\\/schema\\\/person\\\/839c74db646ec3d6738ce2dcf5b3447c\"},\"headline\":\"La Cambra de la Propietat Urbana de Girona publica un libro con su historia centenaria\",\"datePublished\":\"2022-02-01T10:49:03+00:00\",\"dateModified\":\"2022-03-29T13:10:38+00:00\",\"mainEntityOfPage\":{\"@id\":\"https:\\\/\\\/www.cambrapropietatgirona.com\\\/es\\\/la-cambra-de-la-propietat-urbana-de-girona-publica-un-libro-con-su-historia-centenaria\\\/\"},\"wordCount\":523,\"commentCount\":0,\"publisher\":{\"@id\":\"https:\\\/\\\/www.cambrapropietatgirona.com\\\/#organization\"},\"image\":{\"@id\":\"https:\\\/\\\/www.cambrapropietatgirona.com\\\/es\\\/la-cambra-de-la-propietat-urbana-de-girona-publica-un-libro-con-su-historia-centenaria\\\/#primaryimage\"},\"thumbnailUrl\":\"https:\\\/\\\/www.cambrapropietatgirona.com\\\/wp-content\\\/uploads\\\/2021\\\/12\\\/de2d27e4-53b0-e83a-a9b0-be6a4bb38a50.png\",\"keywords\":[\"centenari\"],\"articleSection\":[\"Actualidad\",\"centenari\",\"Publicaciones\"],\"inLanguage\":\"es-ES\",\"potentialAction\":[{\"@type\":\"CommentAction\",\"name\":\"Comment\",\"target\":[\"https:\\\/\\\/www.cambrapropietatgirona.com\\\/es\\\/la-cambra-de-la-propietat-urbana-de-girona-publica-un-libro-con-su-historia-centenaria\\\/#respond\"]}]},{\"@type\":\"WebPage\",\"@id\":\"https:\\\/\\\/www.cambrapropietatgirona.com\\\/es\\\/la-cambra-de-la-propietat-urbana-de-girona-publica-un-libro-con-su-historia-centenaria\\\/\",\"url\":\"https:\\\/\\\/www.cambrapropietatgirona.com\\\/es\\\/la-cambra-de-la-propietat-urbana-de-girona-publica-un-libro-con-su-historia-centenaria\\\/\",\"name\":\"La Cambra de la Propietat Urbana de Girona publica un libro con su historia centenaria - Cambra de la Propietat Urbana de Girona\",\"isPartOf\":{\"@id\":\"https:\\\/\\\/www.cambrapropietatgirona.com\\\/#website\"},\"primaryImageOfPage\":{\"@id\":\"https:\\\/\\\/www.cambrapropietatgirona.com\\\/es\\\/la-cambra-de-la-propietat-urbana-de-girona-publica-un-libro-con-su-historia-centenaria\\\/#primaryimage\"},\"image\":{\"@id\":\"https:\\\/\\\/www.cambrapropietatgirona.com\\\/es\\\/la-cambra-de-la-propietat-urbana-de-girona-publica-un-libro-con-su-historia-centenaria\\\/#primaryimage\"},\"thumbnailUrl\":\"https:\\\/\\\/www.cambrapropietatgirona.com\\\/wp-content\\\/uploads\\\/2021\\\/12\\\/de2d27e4-53b0-e83a-a9b0-be6a4bb38a50.png\",\"datePublished\":\"2022-02-01T10:49:03+00:00\",\"dateModified\":\"2022-03-29T13:10:38+00:00\",\"breadcrumb\":{\"@id\":\"https:\\\/\\\/www.cambrapropietatgirona.com\\\/es\\\/la-cambra-de-la-propietat-urbana-de-girona-publica-un-libro-con-su-historia-centenaria\\\/#breadcrumb\"},\"inLanguage\":\"es-ES\",\"potentialAction\":[{\"@type\":\"ReadAction\",\"target\":[\"https:\\\/\\\/www.cambrapropietatgirona.com\\\/es\\\/la-cambra-de-la-propietat-urbana-de-girona-publica-un-libro-con-su-historia-centenaria\\\/\"]}]},{\"@type\":\"ImageObject\",\"inLanguage\":\"es-ES\",\"@id\":\"https:\\\/\\\/www.cambrapropietatgirona.com\\\/es\\\/la-cambra-de-la-propietat-urbana-de-girona-publica-un-libro-con-su-historia-centenaria\\\/#primaryimage\",\"url\":\"https:\\\/\\\/www.cambrapropietatgirona.com\\\/wp-content\\\/uploads\\\/2021\\\/12\\\/de2d27e4-53b0-e83a-a9b0-be6a4bb38a50.png\",\"contentUrl\":\"https:\\\/\\\/www.cambrapropietatgirona.com\\\/wp-content\\\/uploads\\\/2021\\\/12\\\/de2d27e4-53b0-e83a-a9b0-be6a4bb38a50.png\",\"width\":1336,\"height\":887},{\"@type\":\"BreadcrumbList\",\"@id\":\"https:\\\/\\\/www.cambrapropietatgirona.com\\\/es\\\/la-cambra-de-la-propietat-urbana-de-girona-publica-un-libro-con-su-historia-centenaria\\\/#breadcrumb\",\"itemListElement\":[{\"@type\":\"ListItem\",\"position\":1,\"name\":\"Inici\",\"item\":\"https:\\\/\\\/www.cambrapropietatgirona.com\\\/\"},{\"@type\":\"ListItem\",\"position\":2,\"name\":\"La Cambra de la Propietat Urbana de Girona publica un libro con su historia centenaria\"}]},{\"@type\":\"WebSite\",\"@id\":\"https:\\\/\\\/www.cambrapropietatgirona.com\\\/#website\",\"url\":\"https:\\\/\\\/www.cambrapropietatgirona.com\\\/\",\"name\":\"Cambra de la Propietat Urbana de Girona\",\"description\":\"Serveis immobiliaris integrals als propietaris\",\"publisher\":{\"@id\":\"https:\\\/\\\/www.cambrapropietatgirona.com\\\/#organization\"},\"potentialAction\":[{\"@type\":\"SearchAction\",\"target\":{\"@type\":\"EntryPoint\",\"urlTemplate\":\"https:\\\/\\\/www.cambrapropietatgirona.com\\\/?s={search_term_string}\"},\"query-input\":{\"@type\":\"PropertyValueSpecification\",\"valueRequired\":true,\"valueName\":\"search_term_string\"}}],\"inLanguage\":\"es-ES\"},{\"@type\":\"Organization\",\"@id\":\"https:\\\/\\\/www.cambrapropietatgirona.com\\\/#organization\",\"name\":\"Cambra de la Propietat Urbana de Girona\",\"url\":\"https:\\\/\\\/www.cambrapropietatgirona.com\\\/\",\"logo\":{\"@type\":\"ImageObject\",\"inLanguage\":\"es-ES\",\"@id\":\"https:\\\/\\\/www.cambrapropietatgirona.com\\\/#\\\/schema\\\/logo\\\/image\\\/\",\"url\":\"https:\\\/\\\/www.cambrapropietatgirona.com\\\/wp-content\\\/uploads\\\/2018\\\/01\\\/favicon.jpg\",\"contentUrl\":\"https:\\\/\\\/www.cambrapropietatgirona.com\\\/wp-content\\\/uploads\\\/2018\\\/01\\\/favicon.jpg\",\"width\":277,\"height\":269,\"caption\":\"Cambra de la Propietat Urbana de Girona\"},\"image\":{\"@id\":\"https:\\\/\\\/www.cambrapropietatgirona.com\\\/#\\\/schema\\\/logo\\\/image\\\/\"}},{\"@type\":\"Person\",\"@id\":\"https:\\\/\\\/www.cambrapropietatgirona.com\\\/#\\\/schema\\\/person\\\/839c74db646ec3d6738ce2dcf5b3447c\",\"name\":\"AE5GBNi67xK1QkS\",\"image\":{\"@type\":\"ImageObject\",\"inLanguage\":\"es-ES\",\"@id\":\"https:\\\/\\\/secure.gravatar.com\\\/avatar\\\/4a49b57693d82ed8aed27ea81234f80da517724ec1cc1f1fb4952b6cf4b80fd7?s=96&d=mm&r=g\",\"url\":\"https:\\\/\\\/secure.gravatar.com\\\/avatar\\\/4a49b57693d82ed8aed27ea81234f80da517724ec1cc1f1fb4952b6cf4b80fd7?s=96&d=mm&r=g\",\"contentUrl\":\"https:\\\/\\\/secure.gravatar.com\\\/avatar\\\/4a49b57693d82ed8aed27ea81234f80da517724ec1cc1f1fb4952b6cf4b80fd7?s=96&d=mm&r=g\",\"caption\":\"AE5GBNi67xK1QkS\"},\"url\":\"https:\\\/\\\/www.cambrapropietatgirona.com\\\/es\\\/author\\\/ae5gbni67xk1qks\\\/\"}]}<\/script>\n<!-- \/ Yoast SEO plugin. -->","yoast_head_json":{"title":"La Cambra de la Propietat Urbana de Girona publica un libro con su historia centenaria - Cambra de la Propietat Urbana de Girona","robots":{"index":"index","follow":"follow","max-snippet":"max-snippet:-1","max-image-preview":"max-image-preview:large","max-video-preview":"max-video-preview:-1"},"canonical":"https:\/\/www.cambrapropietatgirona.com\/es\/la-cambra-de-la-propietat-urbana-de-girona-publica-un-libro-con-su-historia-centenaria\/","og_locale":"es_ES","og_type":"article","og_title":"La Cambra de la Propietat Urbana de Girona publica un libro con su historia centenaria - Cambra de la Propietat Urbana de Girona","og_description":"&#8220;Cent anys d\u2019habitatge i societat. Una hist\u00f2ria de la Cambra de la Propietat de Girona&#8221; es un libro que, al hilo de una trayectoria centenaria, explica los avatares propios de la entidad, pero tambi\u00e9n los del entorno en qu\u00e9 se desarrolla en cada momento, y de su implicaci\u00f3n en los hechos de cada \u00e9poca. Leer [&hellip;]","og_url":"https:\/\/www.cambrapropietatgirona.com\/es\/la-cambra-de-la-propietat-urbana-de-girona-publica-un-libro-con-su-historia-centenaria\/","og_site_name":"Cambra de la Propietat Urbana de Girona","article_published_time":"2022-02-01T10:49:03+00:00","article_modified_time":"2022-03-29T13:10:38+00:00","og_image":[{"width":1336,"height":887,"url":"https:\/\/www.cambrapropietatgirona.com\/wp-content\/uploads\/2021\/12\/de2d27e4-53b0-e83a-a9b0-be6a4bb38a50.png","type":"image\/png"}],"author":"AE5GBNi67xK1QkS","twitter_card":"summary_large_image","twitter_misc":{"Written by":"AE5GBNi67xK1QkS","Est. reading time":"3 minutes"},"schema":{"@context":"https:\/\/schema.org","@graph":[{"@type":"Article","@id":"https:\/\/www.cambrapropietatgirona.com\/es\/la-cambra-de-la-propietat-urbana-de-girona-publica-un-libro-con-su-historia-centenaria\/#article","isPartOf":{"@id":"https:\/\/www.cambrapropietatgirona.com\/es\/la-cambra-de-la-propietat-urbana-de-girona-publica-un-libro-con-su-historia-centenaria\/"},"author":{"name":"AE5GBNi67xK1QkS","@id":"https:\/\/www.cambrapropietatgirona.com\/#\/schema\/person\/839c74db646ec3d6738ce2dcf5b3447c"},"headline":"La Cambra de la Propietat Urbana de Girona publica un libro con su historia centenaria","datePublished":"2022-02-01T10:49:03+00:00","dateModified":"2022-03-29T13:10:38+00:00","mainEntityOfPage":{"@id":"https:\/\/www.cambrapropietatgirona.com\/es\/la-cambra-de-la-propietat-urbana-de-girona-publica-un-libro-con-su-historia-centenaria\/"},"wordCount":523,"commentCount":0,"publisher":{"@id":"https:\/\/www.cambrapropietatgirona.com\/#organization"},"image":{"@id":"https:\/\/www.cambrapropietatgirona.com\/es\/la-cambra-de-la-propietat-urbana-de-girona-publica-un-libro-con-su-historia-centenaria\/#primaryimage"},"thumbnailUrl":"https:\/\/www.cambrapropietatgirona.com\/wp-content\/uploads\/2021\/12\/de2d27e4-53b0-e83a-a9b0-be6a4bb38a50.png","keywords":["centenari"],"articleSection":["Actualidad","centenari","Publicaciones"],"inLanguage":"es-ES","potentialAction":[{"@type":"CommentAction","name":"Comment","target":["https:\/\/www.cambrapropietatgirona.com\/es\/la-cambra-de-la-propietat-urbana-de-girona-publica-un-libro-con-su-historia-centenaria\/#respond"]}]},{"@type":"WebPage","@id":"https:\/\/www.cambrapropietatgirona.com\/es\/la-cambra-de-la-propietat-urbana-de-girona-publica-un-libro-con-su-historia-centenaria\/","url":"https:\/\/www.cambrapropietatgirona.com\/es\/la-cambra-de-la-propietat-urbana-de-girona-publica-un-libro-con-su-historia-centenaria\/","name":"La Cambra de la Propietat Urbana de Girona publica un libro con su historia centenaria - Cambra de la Propietat Urbana de Girona","isPartOf":{"@id":"https:\/\/www.cambrapropietatgirona.com\/#website"},"primaryImageOfPage":{"@id":"https:\/\/www.cambrapropietatgirona.com\/es\/la-cambra-de-la-propietat-urbana-de-girona-publica-un-libro-con-su-historia-centenaria\/#primaryimage"},"image":{"@id":"https:\/\/www.cambrapropietatgirona.com\/es\/la-cambra-de-la-propietat-urbana-de-girona-publica-un-libro-con-su-historia-centenaria\/#primaryimage"},"thumbnailUrl":"https:\/\/www.cambrapropietatgirona.com\/wp-content\/uploads\/2021\/12\/de2d27e4-53b0-e83a-a9b0-be6a4bb38a50.png","datePublished":"2022-02-01T10:49:03+00:00","dateModified":"2022-03-29T13:10:38+00:00","breadcrumb":{"@id":"https:\/\/www.cambrapropietatgirona.com\/es\/la-cambra-de-la-propietat-urbana-de-girona-publica-un-libro-con-su-historia-centenaria\/#breadcrumb"},"inLanguage":"es-ES","potentialAction":[{"@type":"ReadAction","target":["https:\/\/www.cambrapropietatgirona.com\/es\/la-cambra-de-la-propietat-urbana-de-girona-publica-un-libro-con-su-historia-centenaria\/"]}]},{"@type":"ImageObject","inLanguage":"es-ES","@id":"https:\/\/www.cambrapropietatgirona.com\/es\/la-cambra-de-la-propietat-urbana-de-girona-publica-un-libro-con-su-historia-centenaria\/#primaryimage","url":"https:\/\/www.cambrapropietatgirona.com\/wp-content\/uploads\/2021\/12\/de2d27e4-53b0-e83a-a9b0-be6a4bb38a50.png","contentUrl":"https:\/\/www.cambrapropietatgirona.com\/wp-content\/uploads\/2021\/12\/de2d27e4-53b0-e83a-a9b0-be6a4bb38a50.png","width":1336,"height":887},{"@type":"BreadcrumbList","@id":"https:\/\/www.cambrapropietatgirona.com\/es\/la-cambra-de-la-propietat-urbana-de-girona-publica-un-libro-con-su-historia-centenaria\/#breadcrumb","itemListElement":[{"@type":"ListItem","position":1,"name":"Inici","item":"https:\/\/www.cambrapropietatgirona.com\/"},{"@type":"ListItem","position":2,"name":"La Cambra de la Propietat Urbana de Girona publica un libro con su historia centenaria"}]},{"@type":"WebSite","@id":"https:\/\/www.cambrapropietatgirona.com\/#website","url":"https:\/\/www.cambrapropietatgirona.com\/","name":"Cambra de la Propietat Urbana de Girona","description":"Serveis immobiliaris integrals als propietaris","publisher":{"@id":"https:\/\/www.cambrapropietatgirona.com\/#organization"},"potentialAction":[{"@type":"SearchAction","target":{"@type":"EntryPoint","urlTemplate":"https:\/\/www.cambrapropietatgirona.com\/?s={search_term_string}"},"query-input":{"@type":"PropertyValueSpecification","valueRequired":true,"valueName":"search_term_string"}}],"inLanguage":"es-ES"},{"@type":"Organization","@id":"https:\/\/www.cambrapropietatgirona.com\/#organization","name":"Cambra de la Propietat Urbana de Girona","url":"https:\/\/www.cambrapropietatgirona.com\/","logo":{"@type":"ImageObject","inLanguage":"es-ES","@id":"https:\/\/www.cambrapropietatgirona.com\/#\/schema\/logo\/image\/","url":"https:\/\/www.cambrapropietatgirona.com\/wp-content\/uploads\/2018\/01\/favicon.jpg","contentUrl":"https:\/\/www.cambrapropietatgirona.com\/wp-content\/uploads\/2018\/01\/favicon.jpg","width":277,"height":269,"caption":"Cambra de la Propietat Urbana de Girona"},"image":{"@id":"https:\/\/www.cambrapropietatgirona.com\/#\/schema\/logo\/image\/"}},{"@type":"Person","@id":"https:\/\/www.cambrapropietatgirona.com\/#\/schema\/person\/839c74db646ec3d6738ce2dcf5b3447c","name":"AE5GBNi67xK1QkS","image":{"@type":"ImageObject","inLanguage":"es-ES","@id":"https:\/\/secure.gravatar.com\/avatar\/4a49b57693d82ed8aed27ea81234f80da517724ec1cc1f1fb4952b6cf4b80fd7?s=96&d=mm&r=g","url":"https:\/\/secure.gravatar.com\/avatar\/4a49b57693d82ed8aed27ea81234f80da517724ec1cc1f1fb4952b6cf4b80fd7?s=96&d=mm&r=g","contentUrl":"https:\/\/secure.gravatar.com\/avatar\/4a49b57693d82ed8aed27ea81234f80da517724ec1cc1f1fb4952b6cf4b80fd7?s=96&d=mm&r=g","caption":"AE5GBNi67xK1QkS"},"url":"https:\/\/www.cambrapropietatgirona.com\/es\/author\/ae5gbni67xk1qks\/"}]}},"_links":{"self":[{"href":"https:\/\/www.cambrapropietatgirona.com\/es\/wp-json\/wp\/v2\/posts\/3741","targetHints":{"allow":["GET"]}}],"collection":[{"href":"https:\/\/www.cambrapropietatgirona.com\/es\/wp-json\/wp\/v2\/posts"}],"about":[{"href":"https:\/\/www.cambrapropietatgirona.com\/es\/wp-json\/wp\/v2\/types\/post"}],"author":[{"embeddable":true,"href":"https:\/\/www.cambrapropietatgirona.com\/es\/wp-json\/wp\/v2\/users\/1"}],"replies":[{"embeddable":true,"href":"https:\/\/www.cambrapropietatgirona.com\/es\/wp-json\/wp\/v2\/comments?post=3741"}],"version-history":[{"count":2,"href":"https:\/\/www.cambrapropietatgirona.com\/es\/wp-json\/wp\/v2\/posts\/3741\/revisions"}],"predecessor-version":[{"id":3743,"href":"https:\/\/www.cambrapropietatgirona.com\/es\/wp-json\/wp\/v2\/posts\/3741\/revisions\/3743"}],"wp:featuredmedia":[{"embeddable":true,"href":"https:\/\/www.cambrapropietatgirona.com\/es\/wp-json\/wp\/v2\/media\/3597"}],"wp:attachment":[{"href":"https:\/\/www.cambrapropietatgirona.com\/es\/wp-json\/wp\/v2\/media?parent=3741"}],"wp:term":[{"taxonomy":"category","embeddable":true,"href":"https:\/\/www.cambrapropietatgirona.com\/es\/wp-json\/wp\/v2\/categories?post=3741"},{"taxonomy":"post_tag","embeddable":true,"href":"https:\/\/www.cambrapropietatgirona.com\/es\/wp-json\/wp\/v2\/tags?post=3741"}],"curies":[{"name":"wp","href":"https:\/\/api.w.org\/{rel}","templated":true}]}}