{"id":3525,"date":"2021-10-27T14:58:55","date_gmt":"2021-10-27T12:58:55","guid":{"rendered":"https:\/\/www.cambrapropietatgirona.com\/sinaugura-lexposicio-ara-i-abans-cent-anys-amb-lhabitatge-amb-motiu-de-laniversari-de-la-cambra-de-la-propietat-urbana-de-girona\/"},"modified":"2021-11-22T19:21:55","modified_gmt":"2021-11-22T18:21:55","slug":"sinaugura-lexposicio-ara-i-abans-cent-anys-amb-lhabitatge-amb-motiu-de-laniversari-de-la-cambra-de-la-propietat-urbana-de-girona","status":"publish","type":"post","link":"https:\/\/www.cambrapropietatgirona.com\/es\/sinaugura-lexposicio-ara-i-abans-cent-anys-amb-lhabitatge-amb-motiu-de-laniversari-de-la-cambra-de-la-propietat-urbana-de-girona\/","title":{"rendered":"Se inaugura la exposici\u00f3n &#8220;AHORA Y ANTES Cien a\u00f1os con la vivienda&#8221; en motivo del aniversario de la Cambra de la Propietat Urbana de Girona"},"content":{"rendered":"<p>La Cambra de la Propietat Urbana de Girona cumple cien a\u00f1os de su creaci\u00f3n, y pese a que el aniversario fue el 6 de junio del a\u00f1o pasado, la situaci\u00f3n de pandemia ha pospuesto la celebraci\u00f3n que incluye la exposici\u00f3n &#8220;Ara i antes. Cien a\u00f1os con la vivienda&#8221; y la publicaci\u00f3n de un libro conmemorativo.<\/p>\n<p>El acto de presentaci\u00f3n ha contado con las intervenciones de Mart\u00ed Casanovas, vicepresidente de la Cambra de la Propietat Urbana de Girona, Carles Sala, secretario de Vivienda e Inclusi\u00f3n Social de la Generalidad de Catalu\u00f1a, Marta Madrenas, alcaldesa de Girona y Xavier Mart\u00ed , periodista e historiador y curador de la exposici\u00f3n.<\/p>\n<p><strong>La historia de la Cambra de la Propietat Urbana de Girona<\/strong><br \/>\nCuando la Cambra de la Propietat Urbana de Girona naci\u00f3, en 1920, la sociedad gerundense viv\u00eda en plena crisis y con la ciudad rodeada de murallas que no la dejaban crecer. En paralelo a la peque\u00f1a revoluci\u00f3n cultural del Modernismo y del Novecentismo gerundense, nac\u00edan las instituciones econ\u00f3micas m\u00e1s importantes. La creaci\u00f3n de la C\u00e1mara debe situarse el 6 de junio de 1920 cuando varios propietarios de la ciudad se reunieron en la sede de la C\u00e1mara de Comercio de Girona con la intenci\u00f3n de crear una entidad que defendiera sus intereses. La creaci\u00f3n de las c\u00e1maras de la Propiedad iban avaladas por un Real Decreto de 25 de noviembre de 1919 que establec\u00eda la obligaci\u00f3n de que todos los propietarios de edificios y solares pertenecieran a una C\u00e1mara de la Propiedad Urbana.<\/p>\n<p>La primera sesi\u00f3n fue presidida por Ramon de Berenguer, que fue el presidente de la primera junta gestora. Los asistentes dedicaron la tarde a nombrar una junta provisional a cuyo frente se situ\u00f3 Francesc Casadevall como presidente; el propio Berenguer y Bonaventura de Vi\u00f1als, vicepresidentes, y Santiago Mas\u00f3, como secretario, adem\u00e1s de otros cargos. En septiembre de ese mismo a\u00f1o se celebrar\u00edan las primeras elecciones para escoger la primera junta democr\u00e1tica, y Francesc Casadevall ser\u00eda su presidente hasta su muerte, ocurrida durante la Guerra Civil.<\/p>\n<p>Ya en la transici\u00f3n en 1982, la Generalidad de Catalu\u00f1a promulga un decreto en el que asume las competencias en materia de c\u00e1maras de la propiedad. El decreto se reconoce como corporaciones de derecho p\u00fablico, con personalidad jur\u00eddica propia y capacidad de interlocuci\u00f3n con los poderes p\u00fablicos. Un segundo decreto, \u00e9ste de 1990, establece el actual marco jur\u00eddico de las c\u00e1maras en Catalu\u00f1a y define su afiliaci\u00f3n como voluntaria, y orientadas a la defensa de los intereses de sus socios.<\/p>\n<p>A lo largo de estos cien a\u00f1os la Cambra de la Propietat Urbana de Girona no ha parado de crecer y actualmente cuenta con m\u00e1s de 6.000 socios y cinco oficinas distribuidas por el territorio: dos en Girona, una en Figueres, una en Olot y una en Sant Feliu de Gu\u00edxols. En cuanto a su cartera de servicios, ha ido en aumento, as\u00ed como su funci\u00f3n como \u00f3rgano de consulta y colaboraci\u00f3n ante la administraci\u00f3n p\u00fablica.<\/p>\n<p><strong>La exposici\u00f3n<\/strong><br \/>\nLa exposici\u00f3n recoge en una serie de paneles im\u00e1genes de los ganadores del concurso de edificios que organiz\u00f3 la C\u00e1mara entre los a\u00f1os 1929 y 1936, y entre 1943 y 1948. Cabe recordar que una de las funciones asignadas a las c\u00e1maras en el decreto de creaci\u00f3n era organizar, promover y fomentar estudios, ense\u00f1anzas y concursos relacionados con la construcci\u00f3n. En este sentido, la Cambra de la Propietat Urbana de Girona empez\u00f3 a organizar el concurso de edificios en 1929 con voluntad de otorgarlos anualmente. El concurso de edificios de la C\u00e1mara tuvo dos etapas absolutamente diferenciadas, con la Guerra Civil y sus consecuencias entre medio.<\/p>\n<p>Ya fuera como integrantes del jurado o como autores de las obras presentadas, participaron los m\u00e1s importantes arquitectos activos en aquellos momentos en el territorio de la C\u00e1mara de Gerona, con nombres como Manuel Almeda, Emili Blanch, Isidre Bosch Bataller, Josep Dan\u00e9s Torra, Josep Esteve, Ricardo Giralt Casades\u00fas, Joaqu\u00edn Maggioni, Pelayo Mart\u00ednez, Rafael Mas\u00f3, Joaqu\u00edn M. Masram\u00f3n, Jos\u00e9 Riera y Reguer o Mart\u00ed Sureda y Vila, entre otros, que se inscriben en el novecentismo, el racionalismo y el arquitectura tradicional.<\/p>\n<p>La exposici\u00f3n incluye tambi\u00e9n un conjunto de vitrinas con documentaci\u00f3n hist\u00f3rica de los a\u00f1os del centenario, como libros de actas de la Junta, ejemplares de prensa hist\u00f3rica, postales, cartas, las composiciones de las juntas, fotograf\u00edas hist\u00f3ricas, planos, boletines, memorias , moneda de la \u00e9poca&#8230;<\/p>\n<p>El curador de la exposici\u00f3n es el periodista e historiador Xavier Mart\u00ed y Ylla. Nacido en Madremanya en 1957 cuenta con una larga trayectoria profesional. En investigaci\u00f3n y divulgaci\u00f3n historiogr\u00e1fica, su l\u00ednea de inter\u00e9s se sit\u00faa en el patrimonio y la sociedad industrial. En los \u00faltimos a\u00f1os ha sido promotor y ha comisariado las exposiciones &#8220;Colonias industriales&#8221; para el Museo de Historia de Catalu\u00f1a y &#8220;La Veu de las colonias industriales&#8221; para la Biblioteca de Catalunya. Es autor de los libros &#8220;Los diarios de Fomento. Prensa industrial en el siglo XIX&#8221;, &#8220;La vendimia de los 80. Una emigraci\u00f3n civilizada&#8221;, &#8220;Colonias y vecindarios industriales de la Selva&#8221; y &#8220;Archivos y fondos documentales referidos a colonias industriales&#8221;. Tambi\u00e9n es coautor de &#8220;La cr\u00f3nica de los cambios. El periodismo en las comarcas gerundenses, 1976-2014&#8221;, &#8220;Barcelona&#8221; y &#8220;Girona y sus barrios&#8221;. Ha publicado trabajos en diversas revistas especializadas y ha presentado ponencias y comunicaciones en diferentes congresos sobre prensa hist\u00f3rica y sobre patrimonio industrial.<\/p>\n<p>Las fotograf\u00edas y documentaci\u00f3n hist\u00f3rica de la exposici\u00f3n proviene de los fondos del Archivo Comarcal de la Cerdanya, del Archivo Comarcal de la Garrotxa, del Archivo Comarcal del Pla de l&#8217;Estany, del Archivo Comarcal del Ripoll\u00e8s, del Archivo Hist\u00f3rico de Girona, del Archivo Hist\u00f3rico del Colegio Oficial de Arquitectos de Catalu\u00f1a de la Demarcaci\u00f3n de Girona, del Archivo Municipal de Figueres, del Archivo Municipal de Girona, del Archivo Municipal de Palam\u00f3s, del Archivo Museo Castillo de Peralada, de la Biblioteca P\u00fablica de Gerona Carles Rahola, y del Centro de Investigaci\u00f3n y Difusi\u00f3n de la Imagen del Ayuntamiento de Gerona.<\/p>\n<p>Las im\u00e1genes actuales de la exposici\u00f3n son obra de Rafael Bosch. Nacido en Girona en 1963, comenz\u00f3 la actividad fotogr\u00e1fica a los 17 a\u00f1os. Ha trabajado como fot\u00f3grafo de prensa durante veintitr\u00e9s a\u00f1os en El Punt, El Peri\u00f3dico de Catalunya y La Vanguardia. Ha trabajado tambi\u00e9n para diferentes publicaciones de empresas y colectivos, como el GEiEG, el Colegio de Aparejadores, la C\u00e1mara de la Propiedad Urbana de Girona, Aekorc, el Museo de Arte, la Feria de Girona, el Club Baloncesto Girona, la Revista Girones, etc. Ha sido vocal del Colegio de Periodistas de Girona y fundador de la asociaci\u00f3n Fot\u00f3grafs per la Pau. Ha comisariado y participado en m\u00e1s de treinta y cinco exposiciones de fotograf\u00eda colectivas e individuales. Es jurado de varios concursos de fotograf\u00eda, y ha impartido numerosos cursos y charlas sobre fotograf\u00eda.<\/p>\n<p>El dise\u00f1o de la exposici\u00f3n ha corrido a cargo del estudio Igl\u00e9sies Associats y el montaje y la impresi\u00f3n a cargo La Digital.<\/p>\n<p><strong>Visita a la exposici\u00f3n<\/strong><br \/>\nLa exposici\u00f3n se podr\u00e1 visitar hasta el 31 de diciembre, de lunes a viernes en horario de 9 a 14 y de 16 a 19 hy los s\u00e1bados de 11 a 14 hy de 17 a 20 h. Adem\u00e1s los mi\u00e9rcoles del mes de noviembre, el curador de la exposici\u00f3n, el historiador Xavier Mart\u00ed y Ylla, realizar\u00e1 visitas a las 6 de la tarde, con inscripci\u00f3n previa (enviando un correo a girona@cambrapropietat.net).<\/p>\n","protected":false},"excerpt":{"rendered":"<p>La Cambra de la Propietat Urbana de Girona cumple cien a\u00f1os de su creaci\u00f3n, y pese a que el aniversario fue el 6 de junio del a\u00f1o pasado, la situaci\u00f3n de pandemia ha pospuesto la celebraci\u00f3n que incluye la exposici\u00f3n &#8220;Ara i antes. Cien a\u00f1os con la vivienda&#8221; y la publicaci\u00f3n de un libro conmemorativo. [&hellip;]<\/p>\n","protected":false},"author":1,"featured_media":3460,"comment_status":"open","ping_status":"open","sticky":false,"template":"","format":"standard","meta":{"_acf_changed":false,"inline_featured_image":false,"disable_featured_image":false,"footnotes":""},"categories":[13],"tags":[],"class_list":["post-3525","post","type-post","status-publish","format-standard","has-post-thumbnail","hentry","category-actualidad"],"acf":[],"yoast_head":"<!-- This site is optimized with the Yoast SEO plugin v27.5 - https:\/\/yoast.com\/product\/yoast-seo-wordpress\/ -->\n<title>Se inaugura la exposici\u00f3n &quot;AHORA Y ANTES Cien a\u00f1os con la vivienda&quot; en motivo del aniversario de la Cambra de la Propietat Urbana de Girona - Cambra de la Propietat Urbana de Girona<\/title>\n<meta name=\"robots\" content=\"index, follow, max-snippet:-1, max-image-preview:large, max-video-preview:-1\" \/>\n<link rel=\"canonical\" href=\"https:\/\/www.cambrapropietatgirona.com\/es\/sinaugura-lexposicio-ara-i-abans-cent-anys-amb-lhabitatge-amb-motiu-de-laniversari-de-la-cambra-de-la-propietat-urbana-de-girona\/\" \/>\n<meta property=\"og:locale\" content=\"es_ES\" \/>\n<meta property=\"og:type\" content=\"article\" \/>\n<meta property=\"og:title\" content=\"Se inaugura la exposici\u00f3n &quot;AHORA Y ANTES Cien a\u00f1os con la vivienda&quot; en motivo del aniversario de la Cambra de la Propietat Urbana de Girona - Cambra de la Propietat Urbana de Girona\" \/>\n<meta property=\"og:description\" content=\"La Cambra de la Propietat Urbana de Girona cumple cien a\u00f1os de su creaci\u00f3n, y pese a que el aniversario fue el 6 de junio del a\u00f1o pasado, la situaci\u00f3n de pandemia ha pospuesto la celebraci\u00f3n que incluye la exposici\u00f3n &#8220;Ara i antes. Cien a\u00f1os con la vivienda&#8221; y la publicaci\u00f3n de un libro conmemorativo. [&hellip;]\" \/>\n<meta property=\"og:url\" content=\"https:\/\/www.cambrapropietatgirona.com\/es\/sinaugura-lexposicio-ara-i-abans-cent-anys-amb-lhabitatge-amb-motiu-de-laniversari-de-la-cambra-de-la-propietat-urbana-de-girona\/\" \/>\n<meta property=\"og:site_name\" content=\"Cambra de la Propietat Urbana de Girona\" \/>\n<meta property=\"article:published_time\" content=\"2021-10-27T12:58:55+00:00\" \/>\n<meta property=\"article:modified_time\" content=\"2021-11-22T18:21:55+00:00\" \/>\n<meta property=\"og:image\" content=\"https:\/\/www.cambrapropietatgirona.com\/wp-content\/uploads\/2021\/10\/IMG_9524-1024x683.jpg\" \/>\n\t<meta property=\"og:image:width\" content=\"1024\" \/>\n\t<meta property=\"og:image:height\" content=\"683\" \/>\n\t<meta property=\"og:image:type\" content=\"image\/jpeg\" \/>\n<meta name=\"author\" content=\"AE5GBNi67xK1QkS\" \/>\n<meta name=\"twitter:card\" content=\"summary_large_image\" \/>\n<meta name=\"twitter:label1\" content=\"Written by\" \/>\n\t<meta name=\"twitter:data1\" content=\"AE5GBNi67xK1QkS\" \/>\n\t<meta name=\"twitter:label2\" content=\"Est. reading time\" \/>\n\t<meta name=\"twitter:data2\" content=\"6 minutes\" \/>\n<script type=\"application\/ld+json\" class=\"yoast-schema-graph\">{\"@context\":\"https:\\\/\\\/schema.org\",\"@graph\":[{\"@type\":\"Article\",\"@id\":\"https:\\\/\\\/www.cambrapropietatgirona.com\\\/es\\\/sinaugura-lexposicio-ara-i-abans-cent-anys-amb-lhabitatge-amb-motiu-de-laniversari-de-la-cambra-de-la-propietat-urbana-de-girona\\\/#article\",\"isPartOf\":{\"@id\":\"https:\\\/\\\/www.cambrapropietatgirona.com\\\/es\\\/sinaugura-lexposicio-ara-i-abans-cent-anys-amb-lhabitatge-amb-motiu-de-laniversari-de-la-cambra-de-la-propietat-urbana-de-girona\\\/\"},\"author\":{\"name\":\"AE5GBNi67xK1QkS\",\"@id\":\"https:\\\/\\\/www.cambrapropietatgirona.com\\\/#\\\/schema\\\/person\\\/839c74db646ec3d6738ce2dcf5b3447c\"},\"headline\":\"Se inaugura la exposici\u00f3n &#8220;AHORA Y ANTES Cien a\u00f1os con la vivienda&#8221; en motivo del aniversario de la Cambra de la Propietat Urbana de Girona\",\"datePublished\":\"2021-10-27T12:58:55+00:00\",\"dateModified\":\"2021-11-22T18:21:55+00:00\",\"mainEntityOfPage\":{\"@id\":\"https:\\\/\\\/www.cambrapropietatgirona.com\\\/es\\\/sinaugura-lexposicio-ara-i-abans-cent-anys-amb-lhabitatge-amb-motiu-de-laniversari-de-la-cambra-de-la-propietat-urbana-de-girona\\\/\"},\"wordCount\":1348,\"commentCount\":0,\"publisher\":{\"@id\":\"https:\\\/\\\/www.cambrapropietatgirona.com\\\/#organization\"},\"image\":{\"@id\":\"https:\\\/\\\/www.cambrapropietatgirona.com\\\/es\\\/sinaugura-lexposicio-ara-i-abans-cent-anys-amb-lhabitatge-amb-motiu-de-laniversari-de-la-cambra-de-la-propietat-urbana-de-girona\\\/#primaryimage\"},\"thumbnailUrl\":\"https:\\\/\\\/www.cambrapropietatgirona.com\\\/wp-content\\\/uploads\\\/2021\\\/10\\\/IMG_9524.jpg\",\"articleSection\":[\"Actualidad\"],\"inLanguage\":\"es-ES\",\"potentialAction\":[{\"@type\":\"CommentAction\",\"name\":\"Comment\",\"target\":[\"https:\\\/\\\/www.cambrapropietatgirona.com\\\/es\\\/sinaugura-lexposicio-ara-i-abans-cent-anys-amb-lhabitatge-amb-motiu-de-laniversari-de-la-cambra-de-la-propietat-urbana-de-girona\\\/#respond\"]}]},{\"@type\":\"WebPage\",\"@id\":\"https:\\\/\\\/www.cambrapropietatgirona.com\\\/es\\\/sinaugura-lexposicio-ara-i-abans-cent-anys-amb-lhabitatge-amb-motiu-de-laniversari-de-la-cambra-de-la-propietat-urbana-de-girona\\\/\",\"url\":\"https:\\\/\\\/www.cambrapropietatgirona.com\\\/es\\\/sinaugura-lexposicio-ara-i-abans-cent-anys-amb-lhabitatge-amb-motiu-de-laniversari-de-la-cambra-de-la-propietat-urbana-de-girona\\\/\",\"name\":\"Se inaugura la exposici\u00f3n \\\"AHORA Y ANTES Cien a\u00f1os con la vivienda\\\" en motivo del aniversario de la Cambra de la Propietat Urbana de Girona - Cambra de la Propietat Urbana de Girona\",\"isPartOf\":{\"@id\":\"https:\\\/\\\/www.cambrapropietatgirona.com\\\/#website\"},\"primaryImageOfPage\":{\"@id\":\"https:\\\/\\\/www.cambrapropietatgirona.com\\\/es\\\/sinaugura-lexposicio-ara-i-abans-cent-anys-amb-lhabitatge-amb-motiu-de-laniversari-de-la-cambra-de-la-propietat-urbana-de-girona\\\/#primaryimage\"},\"image\":{\"@id\":\"https:\\\/\\\/www.cambrapropietatgirona.com\\\/es\\\/sinaugura-lexposicio-ara-i-abans-cent-anys-amb-lhabitatge-amb-motiu-de-laniversari-de-la-cambra-de-la-propietat-urbana-de-girona\\\/#primaryimage\"},\"thumbnailUrl\":\"https:\\\/\\\/www.cambrapropietatgirona.com\\\/wp-content\\\/uploads\\\/2021\\\/10\\\/IMG_9524.jpg\",\"datePublished\":\"2021-10-27T12:58:55+00:00\",\"dateModified\":\"2021-11-22T18:21:55+00:00\",\"breadcrumb\":{\"@id\":\"https:\\\/\\\/www.cambrapropietatgirona.com\\\/es\\\/sinaugura-lexposicio-ara-i-abans-cent-anys-amb-lhabitatge-amb-motiu-de-laniversari-de-la-cambra-de-la-propietat-urbana-de-girona\\\/#breadcrumb\"},\"inLanguage\":\"es-ES\",\"potentialAction\":[{\"@type\":\"ReadAction\",\"target\":[\"https:\\\/\\\/www.cambrapropietatgirona.com\\\/es\\\/sinaugura-lexposicio-ara-i-abans-cent-anys-amb-lhabitatge-amb-motiu-de-laniversari-de-la-cambra-de-la-propietat-urbana-de-girona\\\/\"]}]},{\"@type\":\"ImageObject\",\"inLanguage\":\"es-ES\",\"@id\":\"https:\\\/\\\/www.cambrapropietatgirona.com\\\/es\\\/sinaugura-lexposicio-ara-i-abans-cent-anys-amb-lhabitatge-amb-motiu-de-laniversari-de-la-cambra-de-la-propietat-urbana-de-girona\\\/#primaryimage\",\"url\":\"https:\\\/\\\/www.cambrapropietatgirona.com\\\/wp-content\\\/uploads\\\/2021\\\/10\\\/IMG_9524.jpg\",\"contentUrl\":\"https:\\\/\\\/www.cambrapropietatgirona.com\\\/wp-content\\\/uploads\\\/2021\\\/10\\\/IMG_9524.jpg\",\"width\":2560,\"height\":1707},{\"@type\":\"BreadcrumbList\",\"@id\":\"https:\\\/\\\/www.cambrapropietatgirona.com\\\/es\\\/sinaugura-lexposicio-ara-i-abans-cent-anys-amb-lhabitatge-amb-motiu-de-laniversari-de-la-cambra-de-la-propietat-urbana-de-girona\\\/#breadcrumb\",\"itemListElement\":[{\"@type\":\"ListItem\",\"position\":1,\"name\":\"Inici\",\"item\":\"https:\\\/\\\/www.cambrapropietatgirona.com\\\/\"},{\"@type\":\"ListItem\",\"position\":2,\"name\":\"Se inaugura la exposici\u00f3n &#8220;AHORA Y ANTES Cien a\u00f1os con la vivienda&#8221; en motivo del aniversario de la Cambra de la Propietat Urbana de Girona\"}]},{\"@type\":\"WebSite\",\"@id\":\"https:\\\/\\\/www.cambrapropietatgirona.com\\\/#website\",\"url\":\"https:\\\/\\\/www.cambrapropietatgirona.com\\\/\",\"name\":\"Cambra de la Propietat Urbana de Girona\",\"description\":\"Serveis immobiliaris integrals als propietaris\",\"publisher\":{\"@id\":\"https:\\\/\\\/www.cambrapropietatgirona.com\\\/#organization\"},\"potentialAction\":[{\"@type\":\"SearchAction\",\"target\":{\"@type\":\"EntryPoint\",\"urlTemplate\":\"https:\\\/\\\/www.cambrapropietatgirona.com\\\/?s={search_term_string}\"},\"query-input\":{\"@type\":\"PropertyValueSpecification\",\"valueRequired\":true,\"valueName\":\"search_term_string\"}}],\"inLanguage\":\"es-ES\"},{\"@type\":\"Organization\",\"@id\":\"https:\\\/\\\/www.cambrapropietatgirona.com\\\/#organization\",\"name\":\"Cambra de la Propietat Urbana de Girona\",\"url\":\"https:\\\/\\\/www.cambrapropietatgirona.com\\\/\",\"logo\":{\"@type\":\"ImageObject\",\"inLanguage\":\"es-ES\",\"@id\":\"https:\\\/\\\/www.cambrapropietatgirona.com\\\/#\\\/schema\\\/logo\\\/image\\\/\",\"url\":\"https:\\\/\\\/www.cambrapropietatgirona.com\\\/wp-content\\\/uploads\\\/2018\\\/01\\\/favicon.jpg\",\"contentUrl\":\"https:\\\/\\\/www.cambrapropietatgirona.com\\\/wp-content\\\/uploads\\\/2018\\\/01\\\/favicon.jpg\",\"width\":277,\"height\":269,\"caption\":\"Cambra de la Propietat Urbana de Girona\"},\"image\":{\"@id\":\"https:\\\/\\\/www.cambrapropietatgirona.com\\\/#\\\/schema\\\/logo\\\/image\\\/\"}},{\"@type\":\"Person\",\"@id\":\"https:\\\/\\\/www.cambrapropietatgirona.com\\\/#\\\/schema\\\/person\\\/839c74db646ec3d6738ce2dcf5b3447c\",\"name\":\"AE5GBNi67xK1QkS\",\"image\":{\"@type\":\"ImageObject\",\"inLanguage\":\"es-ES\",\"@id\":\"https:\\\/\\\/secure.gravatar.com\\\/avatar\\\/4a49b57693d82ed8aed27ea81234f80da517724ec1cc1f1fb4952b6cf4b80fd7?s=96&d=mm&r=g\",\"url\":\"https:\\\/\\\/secure.gravatar.com\\\/avatar\\\/4a49b57693d82ed8aed27ea81234f80da517724ec1cc1f1fb4952b6cf4b80fd7?s=96&d=mm&r=g\",\"contentUrl\":\"https:\\\/\\\/secure.gravatar.com\\\/avatar\\\/4a49b57693d82ed8aed27ea81234f80da517724ec1cc1f1fb4952b6cf4b80fd7?s=96&d=mm&r=g\",\"caption\":\"AE5GBNi67xK1QkS\"},\"url\":\"https:\\\/\\\/www.cambrapropietatgirona.com\\\/es\\\/author\\\/ae5gbni67xk1qks\\\/\"}]}<\/script>\n<!-- \/ Yoast SEO plugin. -->","yoast_head_json":{"title":"Se inaugura la exposici\u00f3n \"AHORA Y ANTES Cien a\u00f1os con la vivienda\" en motivo del aniversario de la Cambra de la Propietat Urbana de Girona - Cambra de la Propietat Urbana de Girona","robots":{"index":"index","follow":"follow","max-snippet":"max-snippet:-1","max-image-preview":"max-image-preview:large","max-video-preview":"max-video-preview:-1"},"canonical":"https:\/\/www.cambrapropietatgirona.com\/es\/sinaugura-lexposicio-ara-i-abans-cent-anys-amb-lhabitatge-amb-motiu-de-laniversari-de-la-cambra-de-la-propietat-urbana-de-girona\/","og_locale":"es_ES","og_type":"article","og_title":"Se inaugura la exposici\u00f3n \"AHORA Y ANTES Cien a\u00f1os con la vivienda\" en motivo del aniversario de la Cambra de la Propietat Urbana de Girona - Cambra de la Propietat Urbana de Girona","og_description":"La Cambra de la Propietat Urbana de Girona cumple cien a\u00f1os de su creaci\u00f3n, y pese a que el aniversario fue el 6 de junio del a\u00f1o pasado, la situaci\u00f3n de pandemia ha pospuesto la celebraci\u00f3n que incluye la exposici\u00f3n &#8220;Ara i antes. Cien a\u00f1os con la vivienda&#8221; y la publicaci\u00f3n de un libro conmemorativo. [&hellip;]","og_url":"https:\/\/www.cambrapropietatgirona.com\/es\/sinaugura-lexposicio-ara-i-abans-cent-anys-amb-lhabitatge-amb-motiu-de-laniversari-de-la-cambra-de-la-propietat-urbana-de-girona\/","og_site_name":"Cambra de la Propietat Urbana de Girona","article_published_time":"2021-10-27T12:58:55+00:00","article_modified_time":"2021-11-22T18:21:55+00:00","og_image":[{"width":1024,"height":683,"url":"https:\/\/www.cambrapropietatgirona.com\/wp-content\/uploads\/2021\/10\/IMG_9524-1024x683.jpg","type":"image\/jpeg"}],"author":"AE5GBNi67xK1QkS","twitter_card":"summary_large_image","twitter_misc":{"Written by":"AE5GBNi67xK1QkS","Est. reading time":"6 minutes"},"schema":{"@context":"https:\/\/schema.org","@graph":[{"@type":"Article","@id":"https:\/\/www.cambrapropietatgirona.com\/es\/sinaugura-lexposicio-ara-i-abans-cent-anys-amb-lhabitatge-amb-motiu-de-laniversari-de-la-cambra-de-la-propietat-urbana-de-girona\/#article","isPartOf":{"@id":"https:\/\/www.cambrapropietatgirona.com\/es\/sinaugura-lexposicio-ara-i-abans-cent-anys-amb-lhabitatge-amb-motiu-de-laniversari-de-la-cambra-de-la-propietat-urbana-de-girona\/"},"author":{"name":"AE5GBNi67xK1QkS","@id":"https:\/\/www.cambrapropietatgirona.com\/#\/schema\/person\/839c74db646ec3d6738ce2dcf5b3447c"},"headline":"Se inaugura la exposici\u00f3n &#8220;AHORA Y ANTES Cien a\u00f1os con la vivienda&#8221; en motivo del aniversario de la Cambra de la Propietat Urbana de Girona","datePublished":"2021-10-27T12:58:55+00:00","dateModified":"2021-11-22T18:21:55+00:00","mainEntityOfPage":{"@id":"https:\/\/www.cambrapropietatgirona.com\/es\/sinaugura-lexposicio-ara-i-abans-cent-anys-amb-lhabitatge-amb-motiu-de-laniversari-de-la-cambra-de-la-propietat-urbana-de-girona\/"},"wordCount":1348,"commentCount":0,"publisher":{"@id":"https:\/\/www.cambrapropietatgirona.com\/#organization"},"image":{"@id":"https:\/\/www.cambrapropietatgirona.com\/es\/sinaugura-lexposicio-ara-i-abans-cent-anys-amb-lhabitatge-amb-motiu-de-laniversari-de-la-cambra-de-la-propietat-urbana-de-girona\/#primaryimage"},"thumbnailUrl":"https:\/\/www.cambrapropietatgirona.com\/wp-content\/uploads\/2021\/10\/IMG_9524.jpg","articleSection":["Actualidad"],"inLanguage":"es-ES","potentialAction":[{"@type":"CommentAction","name":"Comment","target":["https:\/\/www.cambrapropietatgirona.com\/es\/sinaugura-lexposicio-ara-i-abans-cent-anys-amb-lhabitatge-amb-motiu-de-laniversari-de-la-cambra-de-la-propietat-urbana-de-girona\/#respond"]}]},{"@type":"WebPage","@id":"https:\/\/www.cambrapropietatgirona.com\/es\/sinaugura-lexposicio-ara-i-abans-cent-anys-amb-lhabitatge-amb-motiu-de-laniversari-de-la-cambra-de-la-propietat-urbana-de-girona\/","url":"https:\/\/www.cambrapropietatgirona.com\/es\/sinaugura-lexposicio-ara-i-abans-cent-anys-amb-lhabitatge-amb-motiu-de-laniversari-de-la-cambra-de-la-propietat-urbana-de-girona\/","name":"Se inaugura la exposici\u00f3n \"AHORA Y ANTES Cien a\u00f1os con la vivienda\" en motivo del aniversario de la Cambra de la Propietat Urbana de Girona - Cambra de la Propietat Urbana de Girona","isPartOf":{"@id":"https:\/\/www.cambrapropietatgirona.com\/#website"},"primaryImageOfPage":{"@id":"https:\/\/www.cambrapropietatgirona.com\/es\/sinaugura-lexposicio-ara-i-abans-cent-anys-amb-lhabitatge-amb-motiu-de-laniversari-de-la-cambra-de-la-propietat-urbana-de-girona\/#primaryimage"},"image":{"@id":"https:\/\/www.cambrapropietatgirona.com\/es\/sinaugura-lexposicio-ara-i-abans-cent-anys-amb-lhabitatge-amb-motiu-de-laniversari-de-la-cambra-de-la-propietat-urbana-de-girona\/#primaryimage"},"thumbnailUrl":"https:\/\/www.cambrapropietatgirona.com\/wp-content\/uploads\/2021\/10\/IMG_9524.jpg","datePublished":"2021-10-27T12:58:55+00:00","dateModified":"2021-11-22T18:21:55+00:00","breadcrumb":{"@id":"https:\/\/www.cambrapropietatgirona.com\/es\/sinaugura-lexposicio-ara-i-abans-cent-anys-amb-lhabitatge-amb-motiu-de-laniversari-de-la-cambra-de-la-propietat-urbana-de-girona\/#breadcrumb"},"inLanguage":"es-ES","potentialAction":[{"@type":"ReadAction","target":["https:\/\/www.cambrapropietatgirona.com\/es\/sinaugura-lexposicio-ara-i-abans-cent-anys-amb-lhabitatge-amb-motiu-de-laniversari-de-la-cambra-de-la-propietat-urbana-de-girona\/"]}]},{"@type":"ImageObject","inLanguage":"es-ES","@id":"https:\/\/www.cambrapropietatgirona.com\/es\/sinaugura-lexposicio-ara-i-abans-cent-anys-amb-lhabitatge-amb-motiu-de-laniversari-de-la-cambra-de-la-propietat-urbana-de-girona\/#primaryimage","url":"https:\/\/www.cambrapropietatgirona.com\/wp-content\/uploads\/2021\/10\/IMG_9524.jpg","contentUrl":"https:\/\/www.cambrapropietatgirona.com\/wp-content\/uploads\/2021\/10\/IMG_9524.jpg","width":2560,"height":1707},{"@type":"BreadcrumbList","@id":"https:\/\/www.cambrapropietatgirona.com\/es\/sinaugura-lexposicio-ara-i-abans-cent-anys-amb-lhabitatge-amb-motiu-de-laniversari-de-la-cambra-de-la-propietat-urbana-de-girona\/#breadcrumb","itemListElement":[{"@type":"ListItem","position":1,"name":"Inici","item":"https:\/\/www.cambrapropietatgirona.com\/"},{"@type":"ListItem","position":2,"name":"Se inaugura la exposici\u00f3n &#8220;AHORA Y ANTES Cien a\u00f1os con la vivienda&#8221; en motivo del aniversario de la Cambra de la Propietat Urbana de Girona"}]},{"@type":"WebSite","@id":"https:\/\/www.cambrapropietatgirona.com\/#website","url":"https:\/\/www.cambrapropietatgirona.com\/","name":"Cambra de la Propietat Urbana de Girona","description":"Serveis immobiliaris integrals als propietaris","publisher":{"@id":"https:\/\/www.cambrapropietatgirona.com\/#organization"},"potentialAction":[{"@type":"SearchAction","target":{"@type":"EntryPoint","urlTemplate":"https:\/\/www.cambrapropietatgirona.com\/?s={search_term_string}"},"query-input":{"@type":"PropertyValueSpecification","valueRequired":true,"valueName":"search_term_string"}}],"inLanguage":"es-ES"},{"@type":"Organization","@id":"https:\/\/www.cambrapropietatgirona.com\/#organization","name":"Cambra de la Propietat Urbana de Girona","url":"https:\/\/www.cambrapropietatgirona.com\/","logo":{"@type":"ImageObject","inLanguage":"es-ES","@id":"https:\/\/www.cambrapropietatgirona.com\/#\/schema\/logo\/image\/","url":"https:\/\/www.cambrapropietatgirona.com\/wp-content\/uploads\/2018\/01\/favicon.jpg","contentUrl":"https:\/\/www.cambrapropietatgirona.com\/wp-content\/uploads\/2018\/01\/favicon.jpg","width":277,"height":269,"caption":"Cambra de la Propietat Urbana de Girona"},"image":{"@id":"https:\/\/www.cambrapropietatgirona.com\/#\/schema\/logo\/image\/"}},{"@type":"Person","@id":"https:\/\/www.cambrapropietatgirona.com\/#\/schema\/person\/839c74db646ec3d6738ce2dcf5b3447c","name":"AE5GBNi67xK1QkS","image":{"@type":"ImageObject","inLanguage":"es-ES","@id":"https:\/\/secure.gravatar.com\/avatar\/4a49b57693d82ed8aed27ea81234f80da517724ec1cc1f1fb4952b6cf4b80fd7?s=96&d=mm&r=g","url":"https:\/\/secure.gravatar.com\/avatar\/4a49b57693d82ed8aed27ea81234f80da517724ec1cc1f1fb4952b6cf4b80fd7?s=96&d=mm&r=g","contentUrl":"https:\/\/secure.gravatar.com\/avatar\/4a49b57693d82ed8aed27ea81234f80da517724ec1cc1f1fb4952b6cf4b80fd7?s=96&d=mm&r=g","caption":"AE5GBNi67xK1QkS"},"url":"https:\/\/www.cambrapropietatgirona.com\/es\/author\/ae5gbni67xk1qks\/"}]}},"_links":{"self":[{"href":"https:\/\/www.cambrapropietatgirona.com\/es\/wp-json\/wp\/v2\/posts\/3525","targetHints":{"allow":["GET"]}}],"collection":[{"href":"https:\/\/www.cambrapropietatgirona.com\/es\/wp-json\/wp\/v2\/posts"}],"about":[{"href":"https:\/\/www.cambrapropietatgirona.com\/es\/wp-json\/wp\/v2\/types\/post"}],"author":[{"embeddable":true,"href":"https:\/\/www.cambrapropietatgirona.com\/es\/wp-json\/wp\/v2\/users\/1"}],"replies":[{"embeddable":true,"href":"https:\/\/www.cambrapropietatgirona.com\/es\/wp-json\/wp\/v2\/comments?post=3525"}],"version-history":[{"count":1,"href":"https:\/\/www.cambrapropietatgirona.com\/es\/wp-json\/wp\/v2\/posts\/3525\/revisions"}],"predecessor-version":[{"id":3528,"href":"https:\/\/www.cambrapropietatgirona.com\/es\/wp-json\/wp\/v2\/posts\/3525\/revisions\/3528"}],"wp:featuredmedia":[{"embeddable":true,"href":"https:\/\/www.cambrapropietatgirona.com\/es\/wp-json\/wp\/v2\/media\/3460"}],"wp:attachment":[{"href":"https:\/\/www.cambrapropietatgirona.com\/es\/wp-json\/wp\/v2\/media?parent=3525"}],"wp:term":[{"taxonomy":"category","embeddable":true,"href":"https:\/\/www.cambrapropietatgirona.com\/es\/wp-json\/wp\/v2\/categories?post=3525"},{"taxonomy":"post_tag","embeddable":true,"href":"https:\/\/www.cambrapropietatgirona.com\/es\/wp-json\/wp\/v2\/tags?post=3525"}],"curies":[{"name":"wp","href":"https:\/\/api.w.org\/{rel}","templated":true}]}}