{"id":3523,"date":"2021-11-22T18:04:35","date_gmt":"2021-11-22T17:04:35","guid":{"rendered":"https:\/\/www.cambrapropietatgirona.com\/nous-ajuts-a-la-mobilitat-electrica\/"},"modified":"2021-11-22T18:16:51","modified_gmt":"2021-11-22T17:16:51","slug":"nous-ajuts-a-la-mobilitat-electrica","status":"publish","type":"post","link":"https:\/\/www.cambrapropietatgirona.com\/es\/nous-ajuts-a-la-mobilitat-electrica\/","title":{"rendered":"Nuevas ayudas a la movilidad el\u00e9ctrica"},"content":{"rendered":"<p>Desde el pasado 2 de octubre se pueden solicitar las ayudas previstas en el programa de incentivos a la movilidad eficiente y sostenible MOVES III, para la adquisici\u00f3n de veh\u00edculos el\u00e9ctricos y por la implantaci\u00f3n de infraestructuras de recarga de \u00e9stos tipos de veh\u00edculos en los edificios.<\/p>\n<p>Estos incentivos est\u00e1n ligados a la movilidad el\u00e9ctrica en el marco del Plan de Recuperaci\u00f3n, Transformaci\u00f3n y Resiliencia Europeo, con una dotaci\u00f3n total de 66M\u20ac, para el per\u00edodo 2021-2023.<\/p>\n<p>Dentro de las actuaciones subvencionables se contemplan dos programas de incentivo de la movilidad el\u00e9ctrica:<\/p>\n<ul>\n<li>Programa para el fomento para la adquisici\u00f3n de veh\u00edculos el\u00e9ctricos \u201cenchufables\u201d, y de pila de hidr\u00f3geno.<\/li>\n<li>Programa de apoyo al despliegue de la infraestructura de recarga de veh\u00edculos el\u00e9ctricos en edificios.<\/li>\n<\/ul>\n<p><strong>Infraestructuras de recarga en Comunidades de Propietarios<\/strong><br \/>\nLa implantaci\u00f3n de este tipo de infraestructuras en comunidades de propietarios en r\u00e9gimen de propiedad horizontal, est\u00e1n subvencionadas en un 70% de su coste, y recibir\u00e1n un refuerzo del 10% adicional si las actuaciones se ubican en municipios de menos de 5.000 habitantes, consiguiendo una subvenci\u00f3n del 80% del coste total.<\/p>\n<p>Adem\u00e1s, en el caso de las citadas comunidades de propietarios, tambi\u00e9n ser\u00e1n subvencionables, adem\u00e1s de la infraestructura y las instalaciones comunes, la dotaci\u00f3n de servicio de comunicaciones que permitan garantizar la carga inteligente, as\u00ed como los sistemas de gesti\u00f3n de la recarga del veh\u00edculo el\u00e9ctrico.<\/p>\n<p><strong>Plazos de solicitud<\/strong><br \/>\nSe pueden solicitar las ayudas hasta el 31 de diciembre de 2023, o cuando se agote el presupuesto disponible.<\/p>\n<p>Las ayudas se conceden por orden de entrada de la solicitud.<\/p>\n","protected":false},"excerpt":{"rendered":"<p>Desde el pasado 2 de octubre se pueden solicitar las ayudas previstas en el programa de incentivos a la movilidad eficiente y sostenible MOVES III, para la adquisici\u00f3n de veh\u00edculos el\u00e9ctricos y por la implantaci\u00f3n de infraestructuras de recarga de \u00e9stos tipos de veh\u00edculos en los edificios. Estos incentivos est\u00e1n ligados a la movilidad el\u00e9ctrica [&hellip;]<\/p>\n","protected":false},"author":1,"featured_media":3521,"comment_status":"open","ping_status":"open","sticky":false,"template":"","format":"standard","meta":{"_acf_changed":false,"inline_featured_image":false,"disable_featured_image":false,"footnotes":""},"categories":[13,16],"tags":[734,799,800],"class_list":["post-3523","post","type-post","status-publish","format-standard","has-post-thumbnail","hentry","category-actualidad","category-comunidades","tag-ajuts-es","tag-moves-es","tag-vehicle-electric-es"],"acf":[],"yoast_head":"<!-- This site is optimized with the Yoast SEO plugin v27.5 - https:\/\/yoast.com\/product\/yoast-seo-wordpress\/ -->\n<title>Nuevas ayudas a la movilidad el\u00e9ctrica - Cambra de la Propietat Urbana de Girona<\/title>\n<meta name=\"robots\" content=\"index, follow, max-snippet:-1, max-image-preview:large, max-video-preview:-1\" \/>\n<link rel=\"canonical\" href=\"https:\/\/www.cambrapropietatgirona.com\/es\/nous-ajuts-a-la-mobilitat-electrica\/\" \/>\n<meta property=\"og:locale\" content=\"es_ES\" \/>\n<meta property=\"og:type\" content=\"article\" \/>\n<meta property=\"og:title\" content=\"Nuevas ayudas a la movilidad el\u00e9ctrica - Cambra de la Propietat Urbana de Girona\" \/>\n<meta property=\"og:description\" content=\"Desde el pasado 2 de octubre se pueden solicitar las ayudas previstas en el programa de incentivos a la movilidad eficiente y sostenible MOVES III, para la adquisici\u00f3n de veh\u00edculos el\u00e9ctricos y por la implantaci\u00f3n de infraestructuras de recarga de \u00e9stos tipos de veh\u00edculos en los edificios. Estos incentivos est\u00e1n ligados a la movilidad el\u00e9ctrica [&hellip;]\" \/>\n<meta property=\"og:url\" content=\"https:\/\/www.cambrapropietatgirona.com\/es\/nous-ajuts-a-la-mobilitat-electrica\/\" \/>\n<meta property=\"og:site_name\" content=\"Cambra de la Propietat Urbana de Girona\" \/>\n<meta property=\"article:published_time\" content=\"2021-11-22T17:04:35+00:00\" \/>\n<meta property=\"article:modified_time\" content=\"2021-11-22T17:16:51+00:00\" \/>\n<meta property=\"og:image\" content=\"https:\/\/www.cambrapropietatgirona.com\/wp-content\/uploads\/2021\/11\/ISS_21734_08419-1.jpg\" \/>\n\t<meta property=\"og:image:width\" content=\"1920\" \/>\n\t<meta property=\"og:image:height\" content=\"1280\" \/>\n\t<meta property=\"og:image:type\" content=\"image\/jpeg\" \/>\n<meta name=\"author\" content=\"AE5GBNi67xK1QkS\" \/>\n<meta name=\"twitter:card\" content=\"summary_large_image\" \/>\n<meta name=\"twitter:label1\" content=\"Written by\" \/>\n\t<meta name=\"twitter:data1\" content=\"AE5GBNi67xK1QkS\" \/>\n\t<meta name=\"twitter:label2\" content=\"Est. reading time\" \/>\n\t<meta name=\"twitter:data2\" content=\"1 minute\" \/>\n<script type=\"application\/ld+json\" class=\"yoast-schema-graph\">{\"@context\":\"https:\\\/\\\/schema.org\",\"@graph\":[{\"@type\":\"Article\",\"@id\":\"https:\\\/\\\/www.cambrapropietatgirona.com\\\/es\\\/nous-ajuts-a-la-mobilitat-electrica\\\/#article\",\"isPartOf\":{\"@id\":\"https:\\\/\\\/www.cambrapropietatgirona.com\\\/es\\\/nous-ajuts-a-la-mobilitat-electrica\\\/\"},\"author\":{\"name\":\"AE5GBNi67xK1QkS\",\"@id\":\"https:\\\/\\\/www.cambrapropietatgirona.com\\\/#\\\/schema\\\/person\\\/839c74db646ec3d6738ce2dcf5b3447c\"},\"headline\":\"Nuevas ayudas a la movilidad el\u00e9ctrica\",\"datePublished\":\"2021-11-22T17:04:35+00:00\",\"dateModified\":\"2021-11-22T17:16:51+00:00\",\"mainEntityOfPage\":{\"@id\":\"https:\\\/\\\/www.cambrapropietatgirona.com\\\/es\\\/nous-ajuts-a-la-mobilitat-electrica\\\/\"},\"wordCount\":289,\"commentCount\":0,\"publisher\":{\"@id\":\"https:\\\/\\\/www.cambrapropietatgirona.com\\\/#organization\"},\"image\":{\"@id\":\"https:\\\/\\\/www.cambrapropietatgirona.com\\\/es\\\/nous-ajuts-a-la-mobilitat-electrica\\\/#primaryimage\"},\"thumbnailUrl\":\"https:\\\/\\\/www.cambrapropietatgirona.com\\\/wp-content\\\/uploads\\\/2021\\\/11\\\/ISS_21734_08419-1.jpg\",\"keywords\":[\"ajuts\",\"moves\",\"vehicle ele\u0300ctric\"],\"articleSection\":[\"Actualidad\",\"Comunidades\"],\"inLanguage\":\"es-ES\",\"potentialAction\":[{\"@type\":\"CommentAction\",\"name\":\"Comment\",\"target\":[\"https:\\\/\\\/www.cambrapropietatgirona.com\\\/es\\\/nous-ajuts-a-la-mobilitat-electrica\\\/#respond\"]}]},{\"@type\":\"WebPage\",\"@id\":\"https:\\\/\\\/www.cambrapropietatgirona.com\\\/es\\\/nous-ajuts-a-la-mobilitat-electrica\\\/\",\"url\":\"https:\\\/\\\/www.cambrapropietatgirona.com\\\/es\\\/nous-ajuts-a-la-mobilitat-electrica\\\/\",\"name\":\"Nuevas ayudas a la movilidad el\u00e9ctrica - Cambra de la Propietat Urbana de Girona\",\"isPartOf\":{\"@id\":\"https:\\\/\\\/www.cambrapropietatgirona.com\\\/#website\"},\"primaryImageOfPage\":{\"@id\":\"https:\\\/\\\/www.cambrapropietatgirona.com\\\/es\\\/nous-ajuts-a-la-mobilitat-electrica\\\/#primaryimage\"},\"image\":{\"@id\":\"https:\\\/\\\/www.cambrapropietatgirona.com\\\/es\\\/nous-ajuts-a-la-mobilitat-electrica\\\/#primaryimage\"},\"thumbnailUrl\":\"https:\\\/\\\/www.cambrapropietatgirona.com\\\/wp-content\\\/uploads\\\/2021\\\/11\\\/ISS_21734_08419-1.jpg\",\"datePublished\":\"2021-11-22T17:04:35+00:00\",\"dateModified\":\"2021-11-22T17:16:51+00:00\",\"breadcrumb\":{\"@id\":\"https:\\\/\\\/www.cambrapropietatgirona.com\\\/es\\\/nous-ajuts-a-la-mobilitat-electrica\\\/#breadcrumb\"},\"inLanguage\":\"es-ES\",\"potentialAction\":[{\"@type\":\"ReadAction\",\"target\":[\"https:\\\/\\\/www.cambrapropietatgirona.com\\\/es\\\/nous-ajuts-a-la-mobilitat-electrica\\\/\"]}]},{\"@type\":\"ImageObject\",\"inLanguage\":\"es-ES\",\"@id\":\"https:\\\/\\\/www.cambrapropietatgirona.com\\\/es\\\/nous-ajuts-a-la-mobilitat-electrica\\\/#primaryimage\",\"url\":\"https:\\\/\\\/www.cambrapropietatgirona.com\\\/wp-content\\\/uploads\\\/2021\\\/11\\\/ISS_21734_08419-1.jpg\",\"contentUrl\":\"https:\\\/\\\/www.cambrapropietatgirona.com\\\/wp-content\\\/uploads\\\/2021\\\/11\\\/ISS_21734_08419-1.jpg\",\"width\":1920,\"height\":1280},{\"@type\":\"BreadcrumbList\",\"@id\":\"https:\\\/\\\/www.cambrapropietatgirona.com\\\/es\\\/nous-ajuts-a-la-mobilitat-electrica\\\/#breadcrumb\",\"itemListElement\":[{\"@type\":\"ListItem\",\"position\":1,\"name\":\"Inici\",\"item\":\"https:\\\/\\\/www.cambrapropietatgirona.com\\\/\"},{\"@type\":\"ListItem\",\"position\":2,\"name\":\"Nuevas ayudas a la movilidad el\u00e9ctrica\"}]},{\"@type\":\"WebSite\",\"@id\":\"https:\\\/\\\/www.cambrapropietatgirona.com\\\/#website\",\"url\":\"https:\\\/\\\/www.cambrapropietatgirona.com\\\/\",\"name\":\"Cambra de la Propietat Urbana de Girona\",\"description\":\"Serveis immobiliaris integrals als propietaris\",\"publisher\":{\"@id\":\"https:\\\/\\\/www.cambrapropietatgirona.com\\\/#organization\"},\"potentialAction\":[{\"@type\":\"SearchAction\",\"target\":{\"@type\":\"EntryPoint\",\"urlTemplate\":\"https:\\\/\\\/www.cambrapropietatgirona.com\\\/?s={search_term_string}\"},\"query-input\":{\"@type\":\"PropertyValueSpecification\",\"valueRequired\":true,\"valueName\":\"search_term_string\"}}],\"inLanguage\":\"es-ES\"},{\"@type\":\"Organization\",\"@id\":\"https:\\\/\\\/www.cambrapropietatgirona.com\\\/#organization\",\"name\":\"Cambra de la Propietat Urbana de Girona\",\"url\":\"https:\\\/\\\/www.cambrapropietatgirona.com\\\/\",\"logo\":{\"@type\":\"ImageObject\",\"inLanguage\":\"es-ES\",\"@id\":\"https:\\\/\\\/www.cambrapropietatgirona.com\\\/#\\\/schema\\\/logo\\\/image\\\/\",\"url\":\"https:\\\/\\\/www.cambrapropietatgirona.com\\\/wp-content\\\/uploads\\\/2018\\\/01\\\/favicon.jpg\",\"contentUrl\":\"https:\\\/\\\/www.cambrapropietatgirona.com\\\/wp-content\\\/uploads\\\/2018\\\/01\\\/favicon.jpg\",\"width\":277,\"height\":269,\"caption\":\"Cambra de la Propietat Urbana de Girona\"},\"image\":{\"@id\":\"https:\\\/\\\/www.cambrapropietatgirona.com\\\/#\\\/schema\\\/logo\\\/image\\\/\"}},{\"@type\":\"Person\",\"@id\":\"https:\\\/\\\/www.cambrapropietatgirona.com\\\/#\\\/schema\\\/person\\\/839c74db646ec3d6738ce2dcf5b3447c\",\"name\":\"AE5GBNi67xK1QkS\",\"image\":{\"@type\":\"ImageObject\",\"inLanguage\":\"es-ES\",\"@id\":\"https:\\\/\\\/secure.gravatar.com\\\/avatar\\\/4a49b57693d82ed8aed27ea81234f80da517724ec1cc1f1fb4952b6cf4b80fd7?s=96&d=mm&r=g\",\"url\":\"https:\\\/\\\/secure.gravatar.com\\\/avatar\\\/4a49b57693d82ed8aed27ea81234f80da517724ec1cc1f1fb4952b6cf4b80fd7?s=96&d=mm&r=g\",\"contentUrl\":\"https:\\\/\\\/secure.gravatar.com\\\/avatar\\\/4a49b57693d82ed8aed27ea81234f80da517724ec1cc1f1fb4952b6cf4b80fd7?s=96&d=mm&r=g\",\"caption\":\"AE5GBNi67xK1QkS\"},\"url\":\"https:\\\/\\\/www.cambrapropietatgirona.com\\\/es\\\/author\\\/ae5gbni67xk1qks\\\/\"}]}<\/script>\n<!-- \/ Yoast SEO plugin. -->","yoast_head_json":{"title":"Nuevas ayudas a la movilidad el\u00e9ctrica - Cambra de la Propietat Urbana de Girona","robots":{"index":"index","follow":"follow","max-snippet":"max-snippet:-1","max-image-preview":"max-image-preview:large","max-video-preview":"max-video-preview:-1"},"canonical":"https:\/\/www.cambrapropietatgirona.com\/es\/nous-ajuts-a-la-mobilitat-electrica\/","og_locale":"es_ES","og_type":"article","og_title":"Nuevas ayudas a la movilidad el\u00e9ctrica - Cambra de la Propietat Urbana de Girona","og_description":"Desde el pasado 2 de octubre se pueden solicitar las ayudas previstas en el programa de incentivos a la movilidad eficiente y sostenible MOVES III, para la adquisici\u00f3n de veh\u00edculos el\u00e9ctricos y por la implantaci\u00f3n de infraestructuras de recarga de \u00e9stos tipos de veh\u00edculos en los edificios. Estos incentivos est\u00e1n ligados a la movilidad el\u00e9ctrica [&hellip;]","og_url":"https:\/\/www.cambrapropietatgirona.com\/es\/nous-ajuts-a-la-mobilitat-electrica\/","og_site_name":"Cambra de la Propietat Urbana de Girona","article_published_time":"2021-11-22T17:04:35+00:00","article_modified_time":"2021-11-22T17:16:51+00:00","og_image":[{"width":1920,"height":1280,"url":"https:\/\/www.cambrapropietatgirona.com\/wp-content\/uploads\/2021\/11\/ISS_21734_08419-1.jpg","type":"image\/jpeg"}],"author":"AE5GBNi67xK1QkS","twitter_card":"summary_large_image","twitter_misc":{"Written by":"AE5GBNi67xK1QkS","Est. reading time":"1 minute"},"schema":{"@context":"https:\/\/schema.org","@graph":[{"@type":"Article","@id":"https:\/\/www.cambrapropietatgirona.com\/es\/nous-ajuts-a-la-mobilitat-electrica\/#article","isPartOf":{"@id":"https:\/\/www.cambrapropietatgirona.com\/es\/nous-ajuts-a-la-mobilitat-electrica\/"},"author":{"name":"AE5GBNi67xK1QkS","@id":"https:\/\/www.cambrapropietatgirona.com\/#\/schema\/person\/839c74db646ec3d6738ce2dcf5b3447c"},"headline":"Nuevas ayudas a la movilidad el\u00e9ctrica","datePublished":"2021-11-22T17:04:35+00:00","dateModified":"2021-11-22T17:16:51+00:00","mainEntityOfPage":{"@id":"https:\/\/www.cambrapropietatgirona.com\/es\/nous-ajuts-a-la-mobilitat-electrica\/"},"wordCount":289,"commentCount":0,"publisher":{"@id":"https:\/\/www.cambrapropietatgirona.com\/#organization"},"image":{"@id":"https:\/\/www.cambrapropietatgirona.com\/es\/nous-ajuts-a-la-mobilitat-electrica\/#primaryimage"},"thumbnailUrl":"https:\/\/www.cambrapropietatgirona.com\/wp-content\/uploads\/2021\/11\/ISS_21734_08419-1.jpg","keywords":["ajuts","moves","vehicle ele\u0300ctric"],"articleSection":["Actualidad","Comunidades"],"inLanguage":"es-ES","potentialAction":[{"@type":"CommentAction","name":"Comment","target":["https:\/\/www.cambrapropietatgirona.com\/es\/nous-ajuts-a-la-mobilitat-electrica\/#respond"]}]},{"@type":"WebPage","@id":"https:\/\/www.cambrapropietatgirona.com\/es\/nous-ajuts-a-la-mobilitat-electrica\/","url":"https:\/\/www.cambrapropietatgirona.com\/es\/nous-ajuts-a-la-mobilitat-electrica\/","name":"Nuevas ayudas a la movilidad el\u00e9ctrica - Cambra de la Propietat Urbana de Girona","isPartOf":{"@id":"https:\/\/www.cambrapropietatgirona.com\/#website"},"primaryImageOfPage":{"@id":"https:\/\/www.cambrapropietatgirona.com\/es\/nous-ajuts-a-la-mobilitat-electrica\/#primaryimage"},"image":{"@id":"https:\/\/www.cambrapropietatgirona.com\/es\/nous-ajuts-a-la-mobilitat-electrica\/#primaryimage"},"thumbnailUrl":"https:\/\/www.cambrapropietatgirona.com\/wp-content\/uploads\/2021\/11\/ISS_21734_08419-1.jpg","datePublished":"2021-11-22T17:04:35+00:00","dateModified":"2021-11-22T17:16:51+00:00","breadcrumb":{"@id":"https:\/\/www.cambrapropietatgirona.com\/es\/nous-ajuts-a-la-mobilitat-electrica\/#breadcrumb"},"inLanguage":"es-ES","potentialAction":[{"@type":"ReadAction","target":["https:\/\/www.cambrapropietatgirona.com\/es\/nous-ajuts-a-la-mobilitat-electrica\/"]}]},{"@type":"ImageObject","inLanguage":"es-ES","@id":"https:\/\/www.cambrapropietatgirona.com\/es\/nous-ajuts-a-la-mobilitat-electrica\/#primaryimage","url":"https:\/\/www.cambrapropietatgirona.com\/wp-content\/uploads\/2021\/11\/ISS_21734_08419-1.jpg","contentUrl":"https:\/\/www.cambrapropietatgirona.com\/wp-content\/uploads\/2021\/11\/ISS_21734_08419-1.jpg","width":1920,"height":1280},{"@type":"BreadcrumbList","@id":"https:\/\/www.cambrapropietatgirona.com\/es\/nous-ajuts-a-la-mobilitat-electrica\/#breadcrumb","itemListElement":[{"@type":"ListItem","position":1,"name":"Inici","item":"https:\/\/www.cambrapropietatgirona.com\/"},{"@type":"ListItem","position":2,"name":"Nuevas ayudas a la movilidad el\u00e9ctrica"}]},{"@type":"WebSite","@id":"https:\/\/www.cambrapropietatgirona.com\/#website","url":"https:\/\/www.cambrapropietatgirona.com\/","name":"Cambra de la Propietat Urbana de Girona","description":"Serveis immobiliaris integrals als propietaris","publisher":{"@id":"https:\/\/www.cambrapropietatgirona.com\/#organization"},"potentialAction":[{"@type":"SearchAction","target":{"@type":"EntryPoint","urlTemplate":"https:\/\/www.cambrapropietatgirona.com\/?s={search_term_string}"},"query-input":{"@type":"PropertyValueSpecification","valueRequired":true,"valueName":"search_term_string"}}],"inLanguage":"es-ES"},{"@type":"Organization","@id":"https:\/\/www.cambrapropietatgirona.com\/#organization","name":"Cambra de la Propietat Urbana de Girona","url":"https:\/\/www.cambrapropietatgirona.com\/","logo":{"@type":"ImageObject","inLanguage":"es-ES","@id":"https:\/\/www.cambrapropietatgirona.com\/#\/schema\/logo\/image\/","url":"https:\/\/www.cambrapropietatgirona.com\/wp-content\/uploads\/2018\/01\/favicon.jpg","contentUrl":"https:\/\/www.cambrapropietatgirona.com\/wp-content\/uploads\/2018\/01\/favicon.jpg","width":277,"height":269,"caption":"Cambra de la Propietat Urbana de Girona"},"image":{"@id":"https:\/\/www.cambrapropietatgirona.com\/#\/schema\/logo\/image\/"}},{"@type":"Person","@id":"https:\/\/www.cambrapropietatgirona.com\/#\/schema\/person\/839c74db646ec3d6738ce2dcf5b3447c","name":"AE5GBNi67xK1QkS","image":{"@type":"ImageObject","inLanguage":"es-ES","@id":"https:\/\/secure.gravatar.com\/avatar\/4a49b57693d82ed8aed27ea81234f80da517724ec1cc1f1fb4952b6cf4b80fd7?s=96&d=mm&r=g","url":"https:\/\/secure.gravatar.com\/avatar\/4a49b57693d82ed8aed27ea81234f80da517724ec1cc1f1fb4952b6cf4b80fd7?s=96&d=mm&r=g","contentUrl":"https:\/\/secure.gravatar.com\/avatar\/4a49b57693d82ed8aed27ea81234f80da517724ec1cc1f1fb4952b6cf4b80fd7?s=96&d=mm&r=g","caption":"AE5GBNi67xK1QkS"},"url":"https:\/\/www.cambrapropietatgirona.com\/es\/author\/ae5gbni67xk1qks\/"}]}},"_links":{"self":[{"href":"https:\/\/www.cambrapropietatgirona.com\/es\/wp-json\/wp\/v2\/posts\/3523","targetHints":{"allow":["GET"]}}],"collection":[{"href":"https:\/\/www.cambrapropietatgirona.com\/es\/wp-json\/wp\/v2\/posts"}],"about":[{"href":"https:\/\/www.cambrapropietatgirona.com\/es\/wp-json\/wp\/v2\/types\/post"}],"author":[{"embeddable":true,"href":"https:\/\/www.cambrapropietatgirona.com\/es\/wp-json\/wp\/v2\/users\/1"}],"replies":[{"embeddable":true,"href":"https:\/\/www.cambrapropietatgirona.com\/es\/wp-json\/wp\/v2\/comments?post=3523"}],"version-history":[{"count":1,"href":"https:\/\/www.cambrapropietatgirona.com\/es\/wp-json\/wp\/v2\/posts\/3523\/revisions"}],"predecessor-version":[{"id":3524,"href":"https:\/\/www.cambrapropietatgirona.com\/es\/wp-json\/wp\/v2\/posts\/3523\/revisions\/3524"}],"wp:featuredmedia":[{"embeddable":true,"href":"https:\/\/www.cambrapropietatgirona.com\/es\/wp-json\/wp\/v2\/media\/3521"}],"wp:attachment":[{"href":"https:\/\/www.cambrapropietatgirona.com\/es\/wp-json\/wp\/v2\/media?parent=3523"}],"wp:term":[{"taxonomy":"category","embeddable":true,"href":"https:\/\/www.cambrapropietatgirona.com\/es\/wp-json\/wp\/v2\/categories?post=3523"},{"taxonomy":"post_tag","embeddable":true,"href":"https:\/\/www.cambrapropietatgirona.com\/es\/wp-json\/wp\/v2\/tags?post=3523"}],"curies":[{"name":"wp","href":"https:\/\/api.w.org\/{rel}","templated":true}]}}