{"id":3431,"date":"2021-08-25T14:50:29","date_gmt":"2021-08-25T12:50:29","guid":{"rendered":"https:\/\/www.cambrapropietatgirona.com\/la-cambra-de-la-propietat-urbana-de-girona-fa-cent-anys-3-10\/"},"modified":"2021-10-06T14:30:45","modified_gmt":"2021-10-06T12:30:45","slug":"la-cambra-de-la-propietat-urbana-de-girona-fa-cent-anys-3-10","status":"publish","type":"post","link":"https:\/\/www.cambrapropietatgirona.com\/es\/la-cambra-de-la-propietat-urbana-de-girona-fa-cent-anys-3-10\/","title":{"rendered":"La Cambra de la Propietat Urbana de Girona cumple cien a\u00f1os. 3\/10. La sede (II): Unos huertos, una puesta y un palacio"},"content":{"rendered":"<p style=\"text-align: right;\"><em><small><small>La Calle Ciutadans a principios del siglo XX, visto desde la plaza del Vi. Foto: Ajuntament de Girona. CRDI (Fotografia Unal)<\/small><\/small><\/em><\/p>\n<p>&nbsp;<\/p>\n<h3 class=\"null\"><\/h3>\n<p>Los hombres de la C\u00e1mara de la Propiedad no parece que festejaran la llegada a la nueva sede. Por lo menos, ni se conserva documentaci\u00f3n ni los diarios de 1929 se hicieron eco. Un a\u00f1o antes, el ministerio de Trabajo, de quien depend\u00edan las c\u00e1maras, hab\u00eda autorizado a la de Girona a establecer un cr\u00e9dito extraordinario para la adquisici\u00f3n del inmueble que pertenec\u00eda a Caterina Masseguer y Subir\u00f3s, viuda de Fernando Coll. Ella hab\u00eda aportado esta finca, comprada por su padre, como dote matrimonial.<\/p>\n<p>La calle Ciutadans naci\u00f3 con la primera expansi\u00f3n meridional de Girona, en los siglos XI y XII, extramuros. Estas, por la parte sur, ten\u00edan un portal de entrada a la actual plaza del Correo Viejo, al inicio de la calle de la For\u00e7a. Desde aqu\u00ed y hasta la Rambla Verdaguer, por la parte de levante se la conoc\u00eda como &#8220;l&#8217;Areny&#8221;. Era el trazado de la antigua v\u00eda romana y del Camino Real, que atravesaba Girona de norte a sur, entrando por burgo de Sant Pere de Galligants y saliendo por el cap de l&#8217;Areny, que salvaba el Onyar por un vado. Era donde se concentraban las fondas, los hostales y los bancos. E, incluso, alg\u00fan cementerio, como el que estaba emplazado donde se construy\u00f3 el que ser\u00eda el famoso Hotel de los Italianos.<\/p>\n<p>A lo largo de los siglos XIV y XV esta v\u00eda, antigua calle Draperia, se iban instalando las familias ennoblecidas, los terratenientes comarcales pero, tambi\u00e9n y con el tiempo, menestrales los bajos de los inmuebles. Antiguos caserones convertidos en palacios donde se viv\u00eda en el lujo que permit\u00edan las rentas y que se pod\u00eda desarrollar en una peque\u00f1a capital de provincia.<\/p>\n<p>Una de estas familias fue la de Francesc de Sant Mart\u00ed, que ocup\u00f3 un peque\u00f1o edificio situado entre las calles de Sant Josep, antigua calle Rossinyol, y Ciutadans. La entrada era por Sant Josep y por detr\u00e1s hasta Ciutadans, era un huerto. En alg\u00fan momento vendieron la propiedad a Joan Grau de Cruilles, conde de Solterra. El a\u00f1o 1800 uno de los descendientes de esta familia, Josep M. de Sarriera, Gurb, Despujol y de Cru\u00eflles, se vio en la necesidad de venderlo para poder satisfecho las 24.000 libras de dote de su hermana Mar\u00eda Narcisa, que se casaba con Antoni de Desvalls, Marqu\u00e9s de Alfarr\u00e0s.<\/p>\n<p>Durante el mes de mayo y hasta el 15 de junio se puso a la venta &#8220;en secreta subasta&#8221;, esto es, con plicas cerradas, &#8220;la susodicha casa de m\u00ed Patrimonio de Cruilles junto con su huertecito o salidas&#8221;. Los t\u00e9rminos de la subasta estaban escritos, seg\u00fan se dice en la escritura, &#8220;en idioma vulgar&#8221;, o sea, en catal\u00e1n. Al precio de venta de la casa y huerto se le deb\u00eda sumar ocho mil libras por las cajoneras y otros muebles, y los censos establecidos. El comprador era Ramon de Manresa, de Asprer, Moncorb, Ramis y de Albert\u00ed, que pag\u00f3 13.006 libras.<\/p>\n","protected":false},"excerpt":{"rendered":"<p>La Calle Ciutadans a principios del siglo XX, visto desde la plaza del Vi. Foto: Ajuntament de Girona. CRDI (Fotografia Unal) &nbsp; Los hombres de la C\u00e1mara de la Propiedad no parece que festejaran la llegada a la nueva sede. Por lo menos, ni se conserva documentaci\u00f3n ni los diarios de 1929 se hicieron eco. [&hellip;]<\/p>\n","protected":false},"author":1,"featured_media":3363,"comment_status":"open","ping_status":"open","sticky":false,"template":"","format":"standard","meta":{"_acf_changed":false,"inline_featured_image":false,"disable_featured_image":false,"footnotes":""},"categories":[783],"tags":[],"class_list":["post-3431","post","type-post","status-publish","format-standard","has-post-thumbnail","hentry","category-centenari-es"],"acf":[],"yoast_head":"<!-- This site is optimized with the Yoast SEO plugin v27.5 - https:\/\/yoast.com\/product\/yoast-seo-wordpress\/ -->\n<title>La Cambra de la Propietat Urbana de Girona cumple cien a\u00f1os. 3\/10. La sede (II): Unos huertos, una puesta y un palacio - Cambra de la Propietat Urbana de Girona<\/title>\n<meta name=\"robots\" content=\"index, follow, max-snippet:-1, max-image-preview:large, max-video-preview:-1\" \/>\n<link rel=\"canonical\" href=\"https:\/\/www.cambrapropietatgirona.com\/es\/la-cambra-de-la-propietat-urbana-de-girona-fa-cent-anys-3-10\/\" \/>\n<meta property=\"og:locale\" content=\"es_ES\" \/>\n<meta property=\"og:type\" content=\"article\" \/>\n<meta property=\"og:title\" content=\"La Cambra de la Propietat Urbana de Girona cumple cien a\u00f1os. 3\/10. La sede (II): Unos huertos, una puesta y un palacio - Cambra de la Propietat Urbana de Girona\" \/>\n<meta property=\"og:description\" content=\"La Calle Ciutadans a principios del siglo XX, visto desde la plaza del Vi. Foto: Ajuntament de Girona. CRDI (Fotografia Unal) &nbsp; Los hombres de la C\u00e1mara de la Propiedad no parece que festejaran la llegada a la nueva sede. Por lo menos, ni se conserva documentaci\u00f3n ni los diarios de 1929 se hicieron eco. [&hellip;]\" \/>\n<meta property=\"og:url\" content=\"https:\/\/www.cambrapropietatgirona.com\/es\/la-cambra-de-la-propietat-urbana-de-girona-fa-cent-anys-3-10\/\" \/>\n<meta property=\"og:site_name\" content=\"Cambra de la Propietat Urbana de Girona\" \/>\n<meta property=\"article:published_time\" content=\"2021-08-25T12:50:29+00:00\" \/>\n<meta property=\"article:modified_time\" content=\"2021-10-06T12:30:45+00:00\" \/>\n<meta property=\"og:image\" content=\"https:\/\/www.cambrapropietatgirona.com\/wp-content\/uploads\/2021\/08\/069905-771x1024.jpg\" \/>\n\t<meta property=\"og:image:width\" content=\"771\" \/>\n\t<meta property=\"og:image:height\" content=\"1024\" \/>\n\t<meta property=\"og:image:type\" content=\"image\/jpeg\" \/>\n<meta name=\"author\" content=\"AE5GBNi67xK1QkS\" \/>\n<meta name=\"twitter:card\" content=\"summary_large_image\" \/>\n<meta name=\"twitter:label1\" content=\"Written by\" \/>\n\t<meta name=\"twitter:data1\" content=\"AE5GBNi67xK1QkS\" \/>\n\t<meta name=\"twitter:label2\" content=\"Est. reading time\" \/>\n\t<meta name=\"twitter:data2\" content=\"3 minutes\" \/>\n<script type=\"application\/ld+json\" class=\"yoast-schema-graph\">{\"@context\":\"https:\\\/\\\/schema.org\",\"@graph\":[{\"@type\":\"Article\",\"@id\":\"https:\\\/\\\/www.cambrapropietatgirona.com\\\/es\\\/la-cambra-de-la-propietat-urbana-de-girona-fa-cent-anys-3-10\\\/#article\",\"isPartOf\":{\"@id\":\"https:\\\/\\\/www.cambrapropietatgirona.com\\\/es\\\/la-cambra-de-la-propietat-urbana-de-girona-fa-cent-anys-3-10\\\/\"},\"author\":{\"name\":\"AE5GBNi67xK1QkS\",\"@id\":\"https:\\\/\\\/www.cambrapropietatgirona.com\\\/#\\\/schema\\\/person\\\/839c74db646ec3d6738ce2dcf5b3447c\"},\"headline\":\"La Cambra de la Propietat Urbana de Girona cumple cien a\u00f1os. 3\\\/10. La sede (II): Unos huertos, una puesta y un palacio\",\"datePublished\":\"2021-08-25T12:50:29+00:00\",\"dateModified\":\"2021-10-06T12:30:45+00:00\",\"mainEntityOfPage\":{\"@id\":\"https:\\\/\\\/www.cambrapropietatgirona.com\\\/es\\\/la-cambra-de-la-propietat-urbana-de-girona-fa-cent-anys-3-10\\\/\"},\"wordCount\":561,\"commentCount\":0,\"publisher\":{\"@id\":\"https:\\\/\\\/www.cambrapropietatgirona.com\\\/#organization\"},\"image\":{\"@id\":\"https:\\\/\\\/www.cambrapropietatgirona.com\\\/es\\\/la-cambra-de-la-propietat-urbana-de-girona-fa-cent-anys-3-10\\\/#primaryimage\"},\"thumbnailUrl\":\"https:\\\/\\\/www.cambrapropietatgirona.com\\\/wp-content\\\/uploads\\\/2021\\\/08\\\/069905.jpg\",\"articleSection\":[\"centenari\"],\"inLanguage\":\"es-ES\",\"potentialAction\":[{\"@type\":\"CommentAction\",\"name\":\"Comment\",\"target\":[\"https:\\\/\\\/www.cambrapropietatgirona.com\\\/es\\\/la-cambra-de-la-propietat-urbana-de-girona-fa-cent-anys-3-10\\\/#respond\"]}]},{\"@type\":\"WebPage\",\"@id\":\"https:\\\/\\\/www.cambrapropietatgirona.com\\\/es\\\/la-cambra-de-la-propietat-urbana-de-girona-fa-cent-anys-3-10\\\/\",\"url\":\"https:\\\/\\\/www.cambrapropietatgirona.com\\\/es\\\/la-cambra-de-la-propietat-urbana-de-girona-fa-cent-anys-3-10\\\/\",\"name\":\"La Cambra de la Propietat Urbana de Girona cumple cien a\u00f1os. 3\\\/10. La sede (II): Unos huertos, una puesta y un palacio - Cambra de la Propietat Urbana de Girona\",\"isPartOf\":{\"@id\":\"https:\\\/\\\/www.cambrapropietatgirona.com\\\/#website\"},\"primaryImageOfPage\":{\"@id\":\"https:\\\/\\\/www.cambrapropietatgirona.com\\\/es\\\/la-cambra-de-la-propietat-urbana-de-girona-fa-cent-anys-3-10\\\/#primaryimage\"},\"image\":{\"@id\":\"https:\\\/\\\/www.cambrapropietatgirona.com\\\/es\\\/la-cambra-de-la-propietat-urbana-de-girona-fa-cent-anys-3-10\\\/#primaryimage\"},\"thumbnailUrl\":\"https:\\\/\\\/www.cambrapropietatgirona.com\\\/wp-content\\\/uploads\\\/2021\\\/08\\\/069905.jpg\",\"datePublished\":\"2021-08-25T12:50:29+00:00\",\"dateModified\":\"2021-10-06T12:30:45+00:00\",\"breadcrumb\":{\"@id\":\"https:\\\/\\\/www.cambrapropietatgirona.com\\\/es\\\/la-cambra-de-la-propietat-urbana-de-girona-fa-cent-anys-3-10\\\/#breadcrumb\"},\"inLanguage\":\"es-ES\",\"potentialAction\":[{\"@type\":\"ReadAction\",\"target\":[\"https:\\\/\\\/www.cambrapropietatgirona.com\\\/es\\\/la-cambra-de-la-propietat-urbana-de-girona-fa-cent-anys-3-10\\\/\"]}]},{\"@type\":\"ImageObject\",\"inLanguage\":\"es-ES\",\"@id\":\"https:\\\/\\\/www.cambrapropietatgirona.com\\\/es\\\/la-cambra-de-la-propietat-urbana-de-girona-fa-cent-anys-3-10\\\/#primaryimage\",\"url\":\"https:\\\/\\\/www.cambrapropietatgirona.com\\\/wp-content\\\/uploads\\\/2021\\\/08\\\/069905.jpg\",\"contentUrl\":\"https:\\\/\\\/www.cambrapropietatgirona.com\\\/wp-content\\\/uploads\\\/2021\\\/08\\\/069905.jpg\",\"width\":1928,\"height\":2560,\"caption\":\"Vista del carrer Ciutadans des de la pla\u00e7a de l'Oli. En primer terme a la dreta, la Caixa d'Estalvis de la Generalitat de Catalunya.\"},{\"@type\":\"BreadcrumbList\",\"@id\":\"https:\\\/\\\/www.cambrapropietatgirona.com\\\/es\\\/la-cambra-de-la-propietat-urbana-de-girona-fa-cent-anys-3-10\\\/#breadcrumb\",\"itemListElement\":[{\"@type\":\"ListItem\",\"position\":1,\"name\":\"Inici\",\"item\":\"https:\\\/\\\/www.cambrapropietatgirona.com\\\/\"},{\"@type\":\"ListItem\",\"position\":2,\"name\":\"La Cambra de la Propietat Urbana de Girona cumple cien a\u00f1os. 3\\\/10. La sede (II): Unos huertos, una puesta y un palacio\"}]},{\"@type\":\"WebSite\",\"@id\":\"https:\\\/\\\/www.cambrapropietatgirona.com\\\/#website\",\"url\":\"https:\\\/\\\/www.cambrapropietatgirona.com\\\/\",\"name\":\"Cambra de la Propietat Urbana de Girona\",\"description\":\"Serveis immobiliaris integrals als propietaris\",\"publisher\":{\"@id\":\"https:\\\/\\\/www.cambrapropietatgirona.com\\\/#organization\"},\"potentialAction\":[{\"@type\":\"SearchAction\",\"target\":{\"@type\":\"EntryPoint\",\"urlTemplate\":\"https:\\\/\\\/www.cambrapropietatgirona.com\\\/?s={search_term_string}\"},\"query-input\":{\"@type\":\"PropertyValueSpecification\",\"valueRequired\":true,\"valueName\":\"search_term_string\"}}],\"inLanguage\":\"es-ES\"},{\"@type\":\"Organization\",\"@id\":\"https:\\\/\\\/www.cambrapropietatgirona.com\\\/#organization\",\"name\":\"Cambra de la Propietat Urbana de Girona\",\"url\":\"https:\\\/\\\/www.cambrapropietatgirona.com\\\/\",\"logo\":{\"@type\":\"ImageObject\",\"inLanguage\":\"es-ES\",\"@id\":\"https:\\\/\\\/www.cambrapropietatgirona.com\\\/#\\\/schema\\\/logo\\\/image\\\/\",\"url\":\"https:\\\/\\\/www.cambrapropietatgirona.com\\\/wp-content\\\/uploads\\\/2018\\\/01\\\/favicon.jpg\",\"contentUrl\":\"https:\\\/\\\/www.cambrapropietatgirona.com\\\/wp-content\\\/uploads\\\/2018\\\/01\\\/favicon.jpg\",\"width\":277,\"height\":269,\"caption\":\"Cambra de la Propietat Urbana de Girona\"},\"image\":{\"@id\":\"https:\\\/\\\/www.cambrapropietatgirona.com\\\/#\\\/schema\\\/logo\\\/image\\\/\"}},{\"@type\":\"Person\",\"@id\":\"https:\\\/\\\/www.cambrapropietatgirona.com\\\/#\\\/schema\\\/person\\\/839c74db646ec3d6738ce2dcf5b3447c\",\"name\":\"AE5GBNi67xK1QkS\",\"image\":{\"@type\":\"ImageObject\",\"inLanguage\":\"es-ES\",\"@id\":\"https:\\\/\\\/secure.gravatar.com\\\/avatar\\\/4a49b57693d82ed8aed27ea81234f80da517724ec1cc1f1fb4952b6cf4b80fd7?s=96&d=mm&r=g\",\"url\":\"https:\\\/\\\/secure.gravatar.com\\\/avatar\\\/4a49b57693d82ed8aed27ea81234f80da517724ec1cc1f1fb4952b6cf4b80fd7?s=96&d=mm&r=g\",\"contentUrl\":\"https:\\\/\\\/secure.gravatar.com\\\/avatar\\\/4a49b57693d82ed8aed27ea81234f80da517724ec1cc1f1fb4952b6cf4b80fd7?s=96&d=mm&r=g\",\"caption\":\"AE5GBNi67xK1QkS\"},\"url\":\"https:\\\/\\\/www.cambrapropietatgirona.com\\\/es\\\/author\\\/ae5gbni67xk1qks\\\/\"}]}<\/script>\n<!-- \/ Yoast SEO plugin. -->","yoast_head_json":{"title":"La Cambra de la Propietat Urbana de Girona cumple cien a\u00f1os. 3\/10. La sede (II): Unos huertos, una puesta y un palacio - Cambra de la Propietat Urbana de Girona","robots":{"index":"index","follow":"follow","max-snippet":"max-snippet:-1","max-image-preview":"max-image-preview:large","max-video-preview":"max-video-preview:-1"},"canonical":"https:\/\/www.cambrapropietatgirona.com\/es\/la-cambra-de-la-propietat-urbana-de-girona-fa-cent-anys-3-10\/","og_locale":"es_ES","og_type":"article","og_title":"La Cambra de la Propietat Urbana de Girona cumple cien a\u00f1os. 3\/10. La sede (II): Unos huertos, una puesta y un palacio - Cambra de la Propietat Urbana de Girona","og_description":"La Calle Ciutadans a principios del siglo XX, visto desde la plaza del Vi. Foto: Ajuntament de Girona. CRDI (Fotografia Unal) &nbsp; Los hombres de la C\u00e1mara de la Propiedad no parece que festejaran la llegada a la nueva sede. Por lo menos, ni se conserva documentaci\u00f3n ni los diarios de 1929 se hicieron eco. [&hellip;]","og_url":"https:\/\/www.cambrapropietatgirona.com\/es\/la-cambra-de-la-propietat-urbana-de-girona-fa-cent-anys-3-10\/","og_site_name":"Cambra de la Propietat Urbana de Girona","article_published_time":"2021-08-25T12:50:29+00:00","article_modified_time":"2021-10-06T12:30:45+00:00","og_image":[{"width":771,"height":1024,"url":"https:\/\/www.cambrapropietatgirona.com\/wp-content\/uploads\/2021\/08\/069905-771x1024.jpg","type":"image\/jpeg"}],"author":"AE5GBNi67xK1QkS","twitter_card":"summary_large_image","twitter_misc":{"Written by":"AE5GBNi67xK1QkS","Est. reading time":"3 minutes"},"schema":{"@context":"https:\/\/schema.org","@graph":[{"@type":"Article","@id":"https:\/\/www.cambrapropietatgirona.com\/es\/la-cambra-de-la-propietat-urbana-de-girona-fa-cent-anys-3-10\/#article","isPartOf":{"@id":"https:\/\/www.cambrapropietatgirona.com\/es\/la-cambra-de-la-propietat-urbana-de-girona-fa-cent-anys-3-10\/"},"author":{"name":"AE5GBNi67xK1QkS","@id":"https:\/\/www.cambrapropietatgirona.com\/#\/schema\/person\/839c74db646ec3d6738ce2dcf5b3447c"},"headline":"La Cambra de la Propietat Urbana de Girona cumple cien a\u00f1os. 3\/10. La sede (II): Unos huertos, una puesta y un palacio","datePublished":"2021-08-25T12:50:29+00:00","dateModified":"2021-10-06T12:30:45+00:00","mainEntityOfPage":{"@id":"https:\/\/www.cambrapropietatgirona.com\/es\/la-cambra-de-la-propietat-urbana-de-girona-fa-cent-anys-3-10\/"},"wordCount":561,"commentCount":0,"publisher":{"@id":"https:\/\/www.cambrapropietatgirona.com\/#organization"},"image":{"@id":"https:\/\/www.cambrapropietatgirona.com\/es\/la-cambra-de-la-propietat-urbana-de-girona-fa-cent-anys-3-10\/#primaryimage"},"thumbnailUrl":"https:\/\/www.cambrapropietatgirona.com\/wp-content\/uploads\/2021\/08\/069905.jpg","articleSection":["centenari"],"inLanguage":"es-ES","potentialAction":[{"@type":"CommentAction","name":"Comment","target":["https:\/\/www.cambrapropietatgirona.com\/es\/la-cambra-de-la-propietat-urbana-de-girona-fa-cent-anys-3-10\/#respond"]}]},{"@type":"WebPage","@id":"https:\/\/www.cambrapropietatgirona.com\/es\/la-cambra-de-la-propietat-urbana-de-girona-fa-cent-anys-3-10\/","url":"https:\/\/www.cambrapropietatgirona.com\/es\/la-cambra-de-la-propietat-urbana-de-girona-fa-cent-anys-3-10\/","name":"La Cambra de la Propietat Urbana de Girona cumple cien a\u00f1os. 3\/10. La sede (II): Unos huertos, una puesta y un palacio - Cambra de la Propietat Urbana de Girona","isPartOf":{"@id":"https:\/\/www.cambrapropietatgirona.com\/#website"},"primaryImageOfPage":{"@id":"https:\/\/www.cambrapropietatgirona.com\/es\/la-cambra-de-la-propietat-urbana-de-girona-fa-cent-anys-3-10\/#primaryimage"},"image":{"@id":"https:\/\/www.cambrapropietatgirona.com\/es\/la-cambra-de-la-propietat-urbana-de-girona-fa-cent-anys-3-10\/#primaryimage"},"thumbnailUrl":"https:\/\/www.cambrapropietatgirona.com\/wp-content\/uploads\/2021\/08\/069905.jpg","datePublished":"2021-08-25T12:50:29+00:00","dateModified":"2021-10-06T12:30:45+00:00","breadcrumb":{"@id":"https:\/\/www.cambrapropietatgirona.com\/es\/la-cambra-de-la-propietat-urbana-de-girona-fa-cent-anys-3-10\/#breadcrumb"},"inLanguage":"es-ES","potentialAction":[{"@type":"ReadAction","target":["https:\/\/www.cambrapropietatgirona.com\/es\/la-cambra-de-la-propietat-urbana-de-girona-fa-cent-anys-3-10\/"]}]},{"@type":"ImageObject","inLanguage":"es-ES","@id":"https:\/\/www.cambrapropietatgirona.com\/es\/la-cambra-de-la-propietat-urbana-de-girona-fa-cent-anys-3-10\/#primaryimage","url":"https:\/\/www.cambrapropietatgirona.com\/wp-content\/uploads\/2021\/08\/069905.jpg","contentUrl":"https:\/\/www.cambrapropietatgirona.com\/wp-content\/uploads\/2021\/08\/069905.jpg","width":1928,"height":2560,"caption":"Vista del carrer Ciutadans des de la pla\u00e7a de l'Oli. En primer terme a la dreta, la Caixa d'Estalvis de la Generalitat de Catalunya."},{"@type":"BreadcrumbList","@id":"https:\/\/www.cambrapropietatgirona.com\/es\/la-cambra-de-la-propietat-urbana-de-girona-fa-cent-anys-3-10\/#breadcrumb","itemListElement":[{"@type":"ListItem","position":1,"name":"Inici","item":"https:\/\/www.cambrapropietatgirona.com\/"},{"@type":"ListItem","position":2,"name":"La Cambra de la Propietat Urbana de Girona cumple cien a\u00f1os. 3\/10. La sede (II): Unos huertos, una puesta y un palacio"}]},{"@type":"WebSite","@id":"https:\/\/www.cambrapropietatgirona.com\/#website","url":"https:\/\/www.cambrapropietatgirona.com\/","name":"Cambra de la Propietat Urbana de Girona","description":"Serveis immobiliaris integrals als propietaris","publisher":{"@id":"https:\/\/www.cambrapropietatgirona.com\/#organization"},"potentialAction":[{"@type":"SearchAction","target":{"@type":"EntryPoint","urlTemplate":"https:\/\/www.cambrapropietatgirona.com\/?s={search_term_string}"},"query-input":{"@type":"PropertyValueSpecification","valueRequired":true,"valueName":"search_term_string"}}],"inLanguage":"es-ES"},{"@type":"Organization","@id":"https:\/\/www.cambrapropietatgirona.com\/#organization","name":"Cambra de la Propietat Urbana de Girona","url":"https:\/\/www.cambrapropietatgirona.com\/","logo":{"@type":"ImageObject","inLanguage":"es-ES","@id":"https:\/\/www.cambrapropietatgirona.com\/#\/schema\/logo\/image\/","url":"https:\/\/www.cambrapropietatgirona.com\/wp-content\/uploads\/2018\/01\/favicon.jpg","contentUrl":"https:\/\/www.cambrapropietatgirona.com\/wp-content\/uploads\/2018\/01\/favicon.jpg","width":277,"height":269,"caption":"Cambra de la Propietat Urbana de Girona"},"image":{"@id":"https:\/\/www.cambrapropietatgirona.com\/#\/schema\/logo\/image\/"}},{"@type":"Person","@id":"https:\/\/www.cambrapropietatgirona.com\/#\/schema\/person\/839c74db646ec3d6738ce2dcf5b3447c","name":"AE5GBNi67xK1QkS","image":{"@type":"ImageObject","inLanguage":"es-ES","@id":"https:\/\/secure.gravatar.com\/avatar\/4a49b57693d82ed8aed27ea81234f80da517724ec1cc1f1fb4952b6cf4b80fd7?s=96&d=mm&r=g","url":"https:\/\/secure.gravatar.com\/avatar\/4a49b57693d82ed8aed27ea81234f80da517724ec1cc1f1fb4952b6cf4b80fd7?s=96&d=mm&r=g","contentUrl":"https:\/\/secure.gravatar.com\/avatar\/4a49b57693d82ed8aed27ea81234f80da517724ec1cc1f1fb4952b6cf4b80fd7?s=96&d=mm&r=g","caption":"AE5GBNi67xK1QkS"},"url":"https:\/\/www.cambrapropietatgirona.com\/es\/author\/ae5gbni67xk1qks\/"}]}},"_links":{"self":[{"href":"https:\/\/www.cambrapropietatgirona.com\/es\/wp-json\/wp\/v2\/posts\/3431","targetHints":{"allow":["GET"]}}],"collection":[{"href":"https:\/\/www.cambrapropietatgirona.com\/es\/wp-json\/wp\/v2\/posts"}],"about":[{"href":"https:\/\/www.cambrapropietatgirona.com\/es\/wp-json\/wp\/v2\/types\/post"}],"author":[{"embeddable":true,"href":"https:\/\/www.cambrapropietatgirona.com\/es\/wp-json\/wp\/v2\/users\/1"}],"replies":[{"embeddable":true,"href":"https:\/\/www.cambrapropietatgirona.com\/es\/wp-json\/wp\/v2\/comments?post=3431"}],"version-history":[{"count":2,"href":"https:\/\/www.cambrapropietatgirona.com\/es\/wp-json\/wp\/v2\/posts\/3431\/revisions"}],"predecessor-version":[{"id":3433,"href":"https:\/\/www.cambrapropietatgirona.com\/es\/wp-json\/wp\/v2\/posts\/3431\/revisions\/3433"}],"wp:featuredmedia":[{"embeddable":true,"href":"https:\/\/www.cambrapropietatgirona.com\/es\/wp-json\/wp\/v2\/media\/3363"}],"wp:attachment":[{"href":"https:\/\/www.cambrapropietatgirona.com\/es\/wp-json\/wp\/v2\/media?parent=3431"}],"wp:term":[{"taxonomy":"category","embeddable":true,"href":"https:\/\/www.cambrapropietatgirona.com\/es\/wp-json\/wp\/v2\/categories?post=3431"},{"taxonomy":"post_tag","embeddable":true,"href":"https:\/\/www.cambrapropietatgirona.com\/es\/wp-json\/wp\/v2\/tags?post=3431"}],"curies":[{"name":"wp","href":"https:\/\/api.w.org\/{rel}","templated":true}]}}