{"id":3427,"date":"2021-10-05T13:53:14","date_gmt":"2021-10-05T11:53:14","guid":{"rendered":"https:\/\/www.cambrapropietatgirona.com\/la-cambra-de-la-propietat-urbana-de-girona-fa-cent-anys-7-10-el-concurs-dedificis\/"},"modified":"2021-10-06T14:20:37","modified_gmt":"2021-10-06T12:20:37","slug":"la-cambra-de-la-propietat-urbana-de-girona-fa-cent-anys-7-10-el-concurs-dedificis","status":"publish","type":"post","link":"https:\/\/www.cambrapropietatgirona.com\/es\/la-cambra-de-la-propietat-urbana-de-girona-fa-cent-anys-7-10-el-concurs-dedificis\/","title":{"rendered":"La Cambra de la Propietat Urbana de Girona cumple cien a\u00f1os 6\/10. El concurso de edificios"},"content":{"rendered":"<h6 style=\"text-align: right;\"><em>Foto: edificio ganador del concurso de edificios en 1930 del arquitecto Cayetano Caba\u00f1\u00e9s el chafl\u00e1n de las calles Lorenzana y Garreta de Girona. Archivo CRDI Ajuntament de Girona<\/em><\/h6>\n<p>&nbsp;<\/p>\n<p>Las c\u00e1maras fueron creadas por un Real Decreto de junio de 1907. Por otra parte, el Reglamento provisional para su funcionamiento fue aprobado por otro RD de mayo de 1920 y el definitivo, en mayo de 1927. El punto diecisiete de el art\u00edculo octavo de esta norma establece que estas instituciones &#8220;oficialmente organizadas&#8221; podr\u00e1n &#8220;otorgar premios a las fincas mejor construidas y las que reunan mejores condiciones de saneamiento, de ornato y habitabilidad&#8221;. Tambi\u00e9n pod\u00edan, seg\u00fan el punto precedente, &#8220;organizar, promoviendo y fomentar estudios y Ense\u00f1anzas y concursos relacionados con la construcci\u00f3n, con la urbanizaci\u00f3n, Saneamientos y servicios de las ciudades&#8221;.<\/p>\n<p>La C\u00e1mara de la Propiedad de Girona empez\u00f3 a organizar el concurso de edificios en 1929 y hac\u00eda saber que lo instauraban con voluntad de otorgarlo anualmente. Las primeras bases que se aprobaron (cada a\u00f1o se modificaban ligeramente) establec\u00edan que se institu\u00edan tres premios de mil pesetas cada uno: Uno, a la finca con las mejores condiciones art\u00edsticas y de embellecimientos; otro, a la finca que reuniera mejores condiciones de higiene y habitabilidad y un tercero, a la mejor restauraci\u00f3n de un edificio o vivienda de car\u00e1cter hist\u00f3rico y art\u00edstico. Pod\u00edan tomar parte las obras terminadas entre el primero de octubre y el 30 de septiembre del a\u00f1o siguiente, dentro del marco territorial de la Corporaci\u00f3n, es decir, las comarcas de Girona. Las bases las hab\u00eda redactado, y sometido a aprobaci\u00f3n, la Comisi\u00f3n de Edificaci\u00f3n, Urbanizaci\u00f3n y Saneamiento, formada por los arquitectos Manuel Almeda Esteve e Isidre Bosch Bataller y Jos\u00e9 Mirandes. M\u00e1s adelante se a\u00f1adieron dos premios de quinientas pesetas cada uno a las obras que, con mejores condiciones de higiene y habitabilidad, se hubieran construido con el presupuesto m\u00e1s bajo.<\/p>\n<p>El concurso de edificios de la C\u00e1mara tuvo dos etapas absolutamente diferenciadas. Y no s\u00f3lo porque hubo la guerra y sus consecuencias entre medio, sino porque en la primera, las obras presentadas eran m\u00e1s atrevidas y &#8220;modernas&#8221;, incluso para una instituci\u00f3n de un tono conservador tan marcado como ten\u00eda entonces , que en la segunda. Y esto se entiende por las fechas en que se celebr\u00f3 o, al menos, de las que ha quedado alguna constancia: Del 1929 al 1936 y de 1943 a 1947. En ambos casos, sin embargo, las obras que concursaban se refer\u00edan a nuevas construcciones o rehabilitaciones terminadas el a\u00f1o en que se presentaban. Porque esta es una caracter\u00edstica relevante: el concurso se abastec\u00eda mediante obras presentadas directamente por los mismos arquitectos que quer\u00edan tomarla hay parte. No era, por tanto, un concurso &#8220;abierto&#8221; a todo lo construido o rehabilitado durante el a\u00f1o en las comarcas gerundenses. En cualquier caso, la iniciativa de la C\u00e1mara gerundense obtuvo cierto eco incluso en Madrid, donde en una publicaci\u00f3n dedicada a la arquitectura y el urbanismo, de 1931, se afirmaba que este certamen se hac\u00eda, adem\u00e1s de Girona, en Badajoz y en Valladolid.<\/p>\n<p>En la primera \u00e9poca, adem\u00e1s del premio se otorgaba una placa que deb\u00eda colocar en la fachada de los inmuebles ganadores. Se eligieron sendos modelos de dos escultores: uno, de Joan Carrera, lo mismo que har\u00eda el \u00e1ngel de la catedral de Girona, y el otro, obra de Joan Oliver, autor del le\u00f3n de la plaza Calvet y Rubalcaba o del Mercado .<\/p>\n<p>Con todo, ya fuera como integrantes del jurado o como autores de las obras presentadas, participaron los m\u00e1s importantes arquitectos activos en aquellos momentos en el territorio de la C\u00e1mara de Girona. Visto a posteriori, el cat\u00e1logo resultado, si bien es bastante ecl\u00e9ctico, no deja de recoger ejemplos de la buena arquitectura que se hac\u00eda en Catalu\u00f1a. Desde el novecentismo al racionalismo pasando, tambi\u00e9n, la arquitectura tradicional. Nombres como Manuel Almeda, Emili Blanch, Isidre Bosch Bataller, Josep Dan\u00e9s Torra, Josep Esteve, Ricard Giralt Casades\u00fas, Joaquim Maggioni, Pelayo Mart\u00ednez, Rafael Mas\u00f3, Joaquim M. Masramon, Josep Riera y Reguer o Mart\u00ed Sureda i Vila, entre algunos otros , proporcionan una buena panor\u00e1mica de la arquitectura que se desarrollaba en estas tierras.<\/p>\n","protected":false},"excerpt":{"rendered":"<p>Foto: edificio ganador del concurso de edificios en 1930 del arquitecto Cayetano Caba\u00f1\u00e9s el chafl\u00e1n de las calles Lorenzana y Garreta de Girona. Archivo CRDI Ajuntament de Girona &nbsp; Las c\u00e1maras fueron creadas por un Real Decreto de junio de 1907. Por otra parte, el Reglamento provisional para su funcionamiento fue aprobado por otro RD [&hellip;]<\/p>\n","protected":false},"author":1,"featured_media":3422,"comment_status":"open","ping_status":"open","sticky":false,"template":"","format":"standard","meta":{"_acf_changed":false,"inline_featured_image":false,"disable_featured_image":false,"footnotes":""},"categories":[783],"tags":[788],"class_list":["post-3427","post","type-post","status-publish","format-standard","has-post-thumbnail","hentry","category-centenari-es","tag-centenario"],"acf":[],"yoast_head":"<!-- This site is optimized with the Yoast SEO plugin v27.5 - https:\/\/yoast.com\/product\/yoast-seo-wordpress\/ -->\n<title>La Cambra de la Propietat Urbana de Girona cumple cien a\u00f1os 6\/10. El concurso de edificios - Cambra de la Propietat Urbana de Girona<\/title>\n<meta name=\"robots\" content=\"index, follow, max-snippet:-1, max-image-preview:large, max-video-preview:-1\" \/>\n<link rel=\"canonical\" href=\"https:\/\/www.cambrapropietatgirona.com\/es\/la-cambra-de-la-propietat-urbana-de-girona-fa-cent-anys-7-10-el-concurs-dedificis\/\" \/>\n<meta property=\"og:locale\" content=\"es_ES\" \/>\n<meta property=\"og:type\" content=\"article\" \/>\n<meta property=\"og:title\" content=\"La Cambra de la Propietat Urbana de Girona cumple cien a\u00f1os 6\/10. El concurso de edificios - Cambra de la Propietat Urbana de Girona\" \/>\n<meta property=\"og:description\" content=\"Foto: edificio ganador del concurso de edificios en 1930 del arquitecto Cayetano Caba\u00f1\u00e9s el chafl\u00e1n de las calles Lorenzana y Garreta de Girona. Archivo CRDI Ajuntament de Girona &nbsp; Las c\u00e1maras fueron creadas por un Real Decreto de junio de 1907. Por otra parte, el Reglamento provisional para su funcionamiento fue aprobado por otro RD [&hellip;]\" \/>\n<meta property=\"og:url\" content=\"https:\/\/www.cambrapropietatgirona.com\/es\/la-cambra-de-la-propietat-urbana-de-girona-fa-cent-anys-7-10-el-concurs-dedificis\/\" \/>\n<meta property=\"og:site_name\" content=\"Cambra de la Propietat Urbana de Girona\" \/>\n<meta property=\"article:published_time\" content=\"2021-10-05T11:53:14+00:00\" \/>\n<meta property=\"article:modified_time\" content=\"2021-10-06T12:20:37+00:00\" \/>\n<meta property=\"og:image\" content=\"https:\/\/www.cambrapropietatgirona.com\/wp-content\/uploads\/2021\/10\/53652848-b31c-a80b-abd5-f7590a2cb189.png\" \/>\n\t<meta property=\"og:image:width\" content=\"1000\" \/>\n\t<meta property=\"og:image:height\" content=\"750\" \/>\n\t<meta property=\"og:image:type\" content=\"image\/png\" \/>\n<meta name=\"author\" content=\"AE5GBNi67xK1QkS\" \/>\n<meta name=\"twitter:card\" content=\"summary_large_image\" \/>\n<meta name=\"twitter:label1\" content=\"Written by\" \/>\n\t<meta name=\"twitter:data1\" content=\"AE5GBNi67xK1QkS\" \/>\n\t<meta name=\"twitter:label2\" content=\"Est. reading time\" \/>\n\t<meta name=\"twitter:data2\" content=\"3 minutes\" \/>\n<script type=\"application\/ld+json\" class=\"yoast-schema-graph\">{\"@context\":\"https:\\\/\\\/schema.org\",\"@graph\":[{\"@type\":\"Article\",\"@id\":\"https:\\\/\\\/www.cambrapropietatgirona.com\\\/es\\\/la-cambra-de-la-propietat-urbana-de-girona-fa-cent-anys-7-10-el-concurs-dedificis\\\/#article\",\"isPartOf\":{\"@id\":\"https:\\\/\\\/www.cambrapropietatgirona.com\\\/es\\\/la-cambra-de-la-propietat-urbana-de-girona-fa-cent-anys-7-10-el-concurs-dedificis\\\/\"},\"author\":{\"name\":\"AE5GBNi67xK1QkS\",\"@id\":\"https:\\\/\\\/www.cambrapropietatgirona.com\\\/#\\\/schema\\\/person\\\/839c74db646ec3d6738ce2dcf5b3447c\"},\"headline\":\"La Cambra de la Propietat Urbana de Girona cumple cien a\u00f1os 6\\\/10. El concurso de edificios\",\"datePublished\":\"2021-10-05T11:53:14+00:00\",\"dateModified\":\"2021-10-06T12:20:37+00:00\",\"mainEntityOfPage\":{\"@id\":\"https:\\\/\\\/www.cambrapropietatgirona.com\\\/es\\\/la-cambra-de-la-propietat-urbana-de-girona-fa-cent-anys-7-10-el-concurs-dedificis\\\/\"},\"wordCount\":752,\"commentCount\":0,\"publisher\":{\"@id\":\"https:\\\/\\\/www.cambrapropietatgirona.com\\\/#organization\"},\"image\":{\"@id\":\"https:\\\/\\\/www.cambrapropietatgirona.com\\\/es\\\/la-cambra-de-la-propietat-urbana-de-girona-fa-cent-anys-7-10-el-concurs-dedificis\\\/#primaryimage\"},\"thumbnailUrl\":\"https:\\\/\\\/www.cambrapropietatgirona.com\\\/wp-content\\\/uploads\\\/2021\\\/10\\\/53652848-b31c-a80b-abd5-f7590a2cb189.png\",\"keywords\":[\"centenario\"],\"articleSection\":[\"centenari\"],\"inLanguage\":\"es-ES\",\"potentialAction\":[{\"@type\":\"CommentAction\",\"name\":\"Comment\",\"target\":[\"https:\\\/\\\/www.cambrapropietatgirona.com\\\/es\\\/la-cambra-de-la-propietat-urbana-de-girona-fa-cent-anys-7-10-el-concurs-dedificis\\\/#respond\"]}]},{\"@type\":\"WebPage\",\"@id\":\"https:\\\/\\\/www.cambrapropietatgirona.com\\\/es\\\/la-cambra-de-la-propietat-urbana-de-girona-fa-cent-anys-7-10-el-concurs-dedificis\\\/\",\"url\":\"https:\\\/\\\/www.cambrapropietatgirona.com\\\/es\\\/la-cambra-de-la-propietat-urbana-de-girona-fa-cent-anys-7-10-el-concurs-dedificis\\\/\",\"name\":\"La Cambra de la Propietat Urbana de Girona cumple cien a\u00f1os 6\\\/10. El concurso de edificios - Cambra de la Propietat Urbana de Girona\",\"isPartOf\":{\"@id\":\"https:\\\/\\\/www.cambrapropietatgirona.com\\\/#website\"},\"primaryImageOfPage\":{\"@id\":\"https:\\\/\\\/www.cambrapropietatgirona.com\\\/es\\\/la-cambra-de-la-propietat-urbana-de-girona-fa-cent-anys-7-10-el-concurs-dedificis\\\/#primaryimage\"},\"image\":{\"@id\":\"https:\\\/\\\/www.cambrapropietatgirona.com\\\/es\\\/la-cambra-de-la-propietat-urbana-de-girona-fa-cent-anys-7-10-el-concurs-dedificis\\\/#primaryimage\"},\"thumbnailUrl\":\"https:\\\/\\\/www.cambrapropietatgirona.com\\\/wp-content\\\/uploads\\\/2021\\\/10\\\/53652848-b31c-a80b-abd5-f7590a2cb189.png\",\"datePublished\":\"2021-10-05T11:53:14+00:00\",\"dateModified\":\"2021-10-06T12:20:37+00:00\",\"breadcrumb\":{\"@id\":\"https:\\\/\\\/www.cambrapropietatgirona.com\\\/es\\\/la-cambra-de-la-propietat-urbana-de-girona-fa-cent-anys-7-10-el-concurs-dedificis\\\/#breadcrumb\"},\"inLanguage\":\"es-ES\",\"potentialAction\":[{\"@type\":\"ReadAction\",\"target\":[\"https:\\\/\\\/www.cambrapropietatgirona.com\\\/es\\\/la-cambra-de-la-propietat-urbana-de-girona-fa-cent-anys-7-10-el-concurs-dedificis\\\/\"]}]},{\"@type\":\"ImageObject\",\"inLanguage\":\"es-ES\",\"@id\":\"https:\\\/\\\/www.cambrapropietatgirona.com\\\/es\\\/la-cambra-de-la-propietat-urbana-de-girona-fa-cent-anys-7-10-el-concurs-dedificis\\\/#primaryimage\",\"url\":\"https:\\\/\\\/www.cambrapropietatgirona.com\\\/wp-content\\\/uploads\\\/2021\\\/10\\\/53652848-b31c-a80b-abd5-f7590a2cb189.png\",\"contentUrl\":\"https:\\\/\\\/www.cambrapropietatgirona.com\\\/wp-content\\\/uploads\\\/2021\\\/10\\\/53652848-b31c-a80b-abd5-f7590a2cb189.png\",\"width\":1000,\"height\":750},{\"@type\":\"BreadcrumbList\",\"@id\":\"https:\\\/\\\/www.cambrapropietatgirona.com\\\/es\\\/la-cambra-de-la-propietat-urbana-de-girona-fa-cent-anys-7-10-el-concurs-dedificis\\\/#breadcrumb\",\"itemListElement\":[{\"@type\":\"ListItem\",\"position\":1,\"name\":\"Inici\",\"item\":\"https:\\\/\\\/www.cambrapropietatgirona.com\\\/\"},{\"@type\":\"ListItem\",\"position\":2,\"name\":\"La Cambra de la Propietat Urbana de Girona cumple cien a\u00f1os 6\\\/10. El concurso de edificios\"}]},{\"@type\":\"WebSite\",\"@id\":\"https:\\\/\\\/www.cambrapropietatgirona.com\\\/#website\",\"url\":\"https:\\\/\\\/www.cambrapropietatgirona.com\\\/\",\"name\":\"Cambra de la Propietat Urbana de Girona\",\"description\":\"Serveis immobiliaris integrals als propietaris\",\"publisher\":{\"@id\":\"https:\\\/\\\/www.cambrapropietatgirona.com\\\/#organization\"},\"potentialAction\":[{\"@type\":\"SearchAction\",\"target\":{\"@type\":\"EntryPoint\",\"urlTemplate\":\"https:\\\/\\\/www.cambrapropietatgirona.com\\\/?s={search_term_string}\"},\"query-input\":{\"@type\":\"PropertyValueSpecification\",\"valueRequired\":true,\"valueName\":\"search_term_string\"}}],\"inLanguage\":\"es-ES\"},{\"@type\":\"Organization\",\"@id\":\"https:\\\/\\\/www.cambrapropietatgirona.com\\\/#organization\",\"name\":\"Cambra de la Propietat Urbana de Girona\",\"url\":\"https:\\\/\\\/www.cambrapropietatgirona.com\\\/\",\"logo\":{\"@type\":\"ImageObject\",\"inLanguage\":\"es-ES\",\"@id\":\"https:\\\/\\\/www.cambrapropietatgirona.com\\\/#\\\/schema\\\/logo\\\/image\\\/\",\"url\":\"https:\\\/\\\/www.cambrapropietatgirona.com\\\/wp-content\\\/uploads\\\/2018\\\/01\\\/favicon.jpg\",\"contentUrl\":\"https:\\\/\\\/www.cambrapropietatgirona.com\\\/wp-content\\\/uploads\\\/2018\\\/01\\\/favicon.jpg\",\"width\":277,\"height\":269,\"caption\":\"Cambra de la Propietat Urbana de Girona\"},\"image\":{\"@id\":\"https:\\\/\\\/www.cambrapropietatgirona.com\\\/#\\\/schema\\\/logo\\\/image\\\/\"}},{\"@type\":\"Person\",\"@id\":\"https:\\\/\\\/www.cambrapropietatgirona.com\\\/#\\\/schema\\\/person\\\/839c74db646ec3d6738ce2dcf5b3447c\",\"name\":\"AE5GBNi67xK1QkS\",\"image\":{\"@type\":\"ImageObject\",\"inLanguage\":\"es-ES\",\"@id\":\"https:\\\/\\\/secure.gravatar.com\\\/avatar\\\/4a49b57693d82ed8aed27ea81234f80da517724ec1cc1f1fb4952b6cf4b80fd7?s=96&d=mm&r=g\",\"url\":\"https:\\\/\\\/secure.gravatar.com\\\/avatar\\\/4a49b57693d82ed8aed27ea81234f80da517724ec1cc1f1fb4952b6cf4b80fd7?s=96&d=mm&r=g\",\"contentUrl\":\"https:\\\/\\\/secure.gravatar.com\\\/avatar\\\/4a49b57693d82ed8aed27ea81234f80da517724ec1cc1f1fb4952b6cf4b80fd7?s=96&d=mm&r=g\",\"caption\":\"AE5GBNi67xK1QkS\"},\"url\":\"https:\\\/\\\/www.cambrapropietatgirona.com\\\/es\\\/author\\\/ae5gbni67xk1qks\\\/\"}]}<\/script>\n<!-- \/ Yoast SEO plugin. -->","yoast_head_json":{"title":"La Cambra de la Propietat Urbana de Girona cumple cien a\u00f1os 6\/10. El concurso de edificios - Cambra de la Propietat Urbana de Girona","robots":{"index":"index","follow":"follow","max-snippet":"max-snippet:-1","max-image-preview":"max-image-preview:large","max-video-preview":"max-video-preview:-1"},"canonical":"https:\/\/www.cambrapropietatgirona.com\/es\/la-cambra-de-la-propietat-urbana-de-girona-fa-cent-anys-7-10-el-concurs-dedificis\/","og_locale":"es_ES","og_type":"article","og_title":"La Cambra de la Propietat Urbana de Girona cumple cien a\u00f1os 6\/10. El concurso de edificios - Cambra de la Propietat Urbana de Girona","og_description":"Foto: edificio ganador del concurso de edificios en 1930 del arquitecto Cayetano Caba\u00f1\u00e9s el chafl\u00e1n de las calles Lorenzana y Garreta de Girona. Archivo CRDI Ajuntament de Girona &nbsp; Las c\u00e1maras fueron creadas por un Real Decreto de junio de 1907. Por otra parte, el Reglamento provisional para su funcionamiento fue aprobado por otro RD [&hellip;]","og_url":"https:\/\/www.cambrapropietatgirona.com\/es\/la-cambra-de-la-propietat-urbana-de-girona-fa-cent-anys-7-10-el-concurs-dedificis\/","og_site_name":"Cambra de la Propietat Urbana de Girona","article_published_time":"2021-10-05T11:53:14+00:00","article_modified_time":"2021-10-06T12:20:37+00:00","og_image":[{"width":1000,"height":750,"url":"https:\/\/www.cambrapropietatgirona.com\/wp-content\/uploads\/2021\/10\/53652848-b31c-a80b-abd5-f7590a2cb189.png","type":"image\/png"}],"author":"AE5GBNi67xK1QkS","twitter_card":"summary_large_image","twitter_misc":{"Written by":"AE5GBNi67xK1QkS","Est. reading time":"3 minutes"},"schema":{"@context":"https:\/\/schema.org","@graph":[{"@type":"Article","@id":"https:\/\/www.cambrapropietatgirona.com\/es\/la-cambra-de-la-propietat-urbana-de-girona-fa-cent-anys-7-10-el-concurs-dedificis\/#article","isPartOf":{"@id":"https:\/\/www.cambrapropietatgirona.com\/es\/la-cambra-de-la-propietat-urbana-de-girona-fa-cent-anys-7-10-el-concurs-dedificis\/"},"author":{"name":"AE5GBNi67xK1QkS","@id":"https:\/\/www.cambrapropietatgirona.com\/#\/schema\/person\/839c74db646ec3d6738ce2dcf5b3447c"},"headline":"La Cambra de la Propietat Urbana de Girona cumple cien a\u00f1os 6\/10. El concurso de edificios","datePublished":"2021-10-05T11:53:14+00:00","dateModified":"2021-10-06T12:20:37+00:00","mainEntityOfPage":{"@id":"https:\/\/www.cambrapropietatgirona.com\/es\/la-cambra-de-la-propietat-urbana-de-girona-fa-cent-anys-7-10-el-concurs-dedificis\/"},"wordCount":752,"commentCount":0,"publisher":{"@id":"https:\/\/www.cambrapropietatgirona.com\/#organization"},"image":{"@id":"https:\/\/www.cambrapropietatgirona.com\/es\/la-cambra-de-la-propietat-urbana-de-girona-fa-cent-anys-7-10-el-concurs-dedificis\/#primaryimage"},"thumbnailUrl":"https:\/\/www.cambrapropietatgirona.com\/wp-content\/uploads\/2021\/10\/53652848-b31c-a80b-abd5-f7590a2cb189.png","keywords":["centenario"],"articleSection":["centenari"],"inLanguage":"es-ES","potentialAction":[{"@type":"CommentAction","name":"Comment","target":["https:\/\/www.cambrapropietatgirona.com\/es\/la-cambra-de-la-propietat-urbana-de-girona-fa-cent-anys-7-10-el-concurs-dedificis\/#respond"]}]},{"@type":"WebPage","@id":"https:\/\/www.cambrapropietatgirona.com\/es\/la-cambra-de-la-propietat-urbana-de-girona-fa-cent-anys-7-10-el-concurs-dedificis\/","url":"https:\/\/www.cambrapropietatgirona.com\/es\/la-cambra-de-la-propietat-urbana-de-girona-fa-cent-anys-7-10-el-concurs-dedificis\/","name":"La Cambra de la Propietat Urbana de Girona cumple cien a\u00f1os 6\/10. El concurso de edificios - Cambra de la Propietat Urbana de Girona","isPartOf":{"@id":"https:\/\/www.cambrapropietatgirona.com\/#website"},"primaryImageOfPage":{"@id":"https:\/\/www.cambrapropietatgirona.com\/es\/la-cambra-de-la-propietat-urbana-de-girona-fa-cent-anys-7-10-el-concurs-dedificis\/#primaryimage"},"image":{"@id":"https:\/\/www.cambrapropietatgirona.com\/es\/la-cambra-de-la-propietat-urbana-de-girona-fa-cent-anys-7-10-el-concurs-dedificis\/#primaryimage"},"thumbnailUrl":"https:\/\/www.cambrapropietatgirona.com\/wp-content\/uploads\/2021\/10\/53652848-b31c-a80b-abd5-f7590a2cb189.png","datePublished":"2021-10-05T11:53:14+00:00","dateModified":"2021-10-06T12:20:37+00:00","breadcrumb":{"@id":"https:\/\/www.cambrapropietatgirona.com\/es\/la-cambra-de-la-propietat-urbana-de-girona-fa-cent-anys-7-10-el-concurs-dedificis\/#breadcrumb"},"inLanguage":"es-ES","potentialAction":[{"@type":"ReadAction","target":["https:\/\/www.cambrapropietatgirona.com\/es\/la-cambra-de-la-propietat-urbana-de-girona-fa-cent-anys-7-10-el-concurs-dedificis\/"]}]},{"@type":"ImageObject","inLanguage":"es-ES","@id":"https:\/\/www.cambrapropietatgirona.com\/es\/la-cambra-de-la-propietat-urbana-de-girona-fa-cent-anys-7-10-el-concurs-dedificis\/#primaryimage","url":"https:\/\/www.cambrapropietatgirona.com\/wp-content\/uploads\/2021\/10\/53652848-b31c-a80b-abd5-f7590a2cb189.png","contentUrl":"https:\/\/www.cambrapropietatgirona.com\/wp-content\/uploads\/2021\/10\/53652848-b31c-a80b-abd5-f7590a2cb189.png","width":1000,"height":750},{"@type":"BreadcrumbList","@id":"https:\/\/www.cambrapropietatgirona.com\/es\/la-cambra-de-la-propietat-urbana-de-girona-fa-cent-anys-7-10-el-concurs-dedificis\/#breadcrumb","itemListElement":[{"@type":"ListItem","position":1,"name":"Inici","item":"https:\/\/www.cambrapropietatgirona.com\/"},{"@type":"ListItem","position":2,"name":"La Cambra de la Propietat Urbana de Girona cumple cien a\u00f1os 6\/10. El concurso de edificios"}]},{"@type":"WebSite","@id":"https:\/\/www.cambrapropietatgirona.com\/#website","url":"https:\/\/www.cambrapropietatgirona.com\/","name":"Cambra de la Propietat Urbana de Girona","description":"Serveis immobiliaris integrals als propietaris","publisher":{"@id":"https:\/\/www.cambrapropietatgirona.com\/#organization"},"potentialAction":[{"@type":"SearchAction","target":{"@type":"EntryPoint","urlTemplate":"https:\/\/www.cambrapropietatgirona.com\/?s={search_term_string}"},"query-input":{"@type":"PropertyValueSpecification","valueRequired":true,"valueName":"search_term_string"}}],"inLanguage":"es-ES"},{"@type":"Organization","@id":"https:\/\/www.cambrapropietatgirona.com\/#organization","name":"Cambra de la Propietat Urbana de Girona","url":"https:\/\/www.cambrapropietatgirona.com\/","logo":{"@type":"ImageObject","inLanguage":"es-ES","@id":"https:\/\/www.cambrapropietatgirona.com\/#\/schema\/logo\/image\/","url":"https:\/\/www.cambrapropietatgirona.com\/wp-content\/uploads\/2018\/01\/favicon.jpg","contentUrl":"https:\/\/www.cambrapropietatgirona.com\/wp-content\/uploads\/2018\/01\/favicon.jpg","width":277,"height":269,"caption":"Cambra de la Propietat Urbana de Girona"},"image":{"@id":"https:\/\/www.cambrapropietatgirona.com\/#\/schema\/logo\/image\/"}},{"@type":"Person","@id":"https:\/\/www.cambrapropietatgirona.com\/#\/schema\/person\/839c74db646ec3d6738ce2dcf5b3447c","name":"AE5GBNi67xK1QkS","image":{"@type":"ImageObject","inLanguage":"es-ES","@id":"https:\/\/secure.gravatar.com\/avatar\/4a49b57693d82ed8aed27ea81234f80da517724ec1cc1f1fb4952b6cf4b80fd7?s=96&d=mm&r=g","url":"https:\/\/secure.gravatar.com\/avatar\/4a49b57693d82ed8aed27ea81234f80da517724ec1cc1f1fb4952b6cf4b80fd7?s=96&d=mm&r=g","contentUrl":"https:\/\/secure.gravatar.com\/avatar\/4a49b57693d82ed8aed27ea81234f80da517724ec1cc1f1fb4952b6cf4b80fd7?s=96&d=mm&r=g","caption":"AE5GBNi67xK1QkS"},"url":"https:\/\/www.cambrapropietatgirona.com\/es\/author\/ae5gbni67xk1qks\/"}]}},"_links":{"self":[{"href":"https:\/\/www.cambrapropietatgirona.com\/es\/wp-json\/wp\/v2\/posts\/3427","targetHints":{"allow":["GET"]}}],"collection":[{"href":"https:\/\/www.cambrapropietatgirona.com\/es\/wp-json\/wp\/v2\/posts"}],"about":[{"href":"https:\/\/www.cambrapropietatgirona.com\/es\/wp-json\/wp\/v2\/types\/post"}],"author":[{"embeddable":true,"href":"https:\/\/www.cambrapropietatgirona.com\/es\/wp-json\/wp\/v2\/users\/1"}],"replies":[{"embeddable":true,"href":"https:\/\/www.cambrapropietatgirona.com\/es\/wp-json\/wp\/v2\/comments?post=3427"}],"version-history":[{"count":2,"href":"https:\/\/www.cambrapropietatgirona.com\/es\/wp-json\/wp\/v2\/posts\/3427\/revisions"}],"predecessor-version":[{"id":3429,"href":"https:\/\/www.cambrapropietatgirona.com\/es\/wp-json\/wp\/v2\/posts\/3427\/revisions\/3429"}],"wp:featuredmedia":[{"embeddable":true,"href":"https:\/\/www.cambrapropietatgirona.com\/es\/wp-json\/wp\/v2\/media\/3422"}],"wp:attachment":[{"href":"https:\/\/www.cambrapropietatgirona.com\/es\/wp-json\/wp\/v2\/media?parent=3427"}],"wp:term":[{"taxonomy":"category","embeddable":true,"href":"https:\/\/www.cambrapropietatgirona.com\/es\/wp-json\/wp\/v2\/categories?post=3427"},{"taxonomy":"post_tag","embeddable":true,"href":"https:\/\/www.cambrapropietatgirona.com\/es\/wp-json\/wp\/v2\/tags?post=3427"}],"curies":[{"name":"wp","href":"https:\/\/api.w.org\/{rel}","templated":true}]}}