{"id":3235,"date":"2021-06-10T12:06:07","date_gmt":"2021-06-10T10:06:07","guid":{"rendered":"https:\/\/www.cambrapropietatgirona.com\/pisos-turistics-en-comunitats-de-propietaris\/"},"modified":"2021-06-23T12:39:53","modified_gmt":"2021-06-23T10:39:53","slug":"pisos-turistics-en-comunitats-de-propietaris","status":"publish","type":"post","link":"https:\/\/www.cambrapropietatgirona.com\/es\/pisos-turistics-en-comunitats-de-propietaris\/","title":{"rendered":"Pisos tur\u00edstics en comunitats de propietaris"},"content":{"rendered":"<p>La mayor\u00eda de comunidades de propietarios se niegan a que se destinen las viviendas del edificio a uso tur\u00edstico por las molestias que pueden llegar a ocasionar este tipo de actividades.<\/p>\n<p>Para que un propietario pueda destinar su inmueble fines tur\u00edsticos deber\u00e1 respetar lo que establezca el T\u00edtulo Constitutivo, que puede contener prohibiciones del destino de las viviendas o locales. A este respecto, el hecho de que en el T\u00edtulo indique que los pisos s\u00f3lo pueden destinarse a &#8220;vivienda&#8221;, no significa que el propietario no pueda arrendar el mismo, bien con car\u00e1cter fijo, temporal, de temporada o tur\u00edstico.<\/p>\n<p>La Comunidad puede incluir una cl\u00e1usula en los estatutos que proh\u00edba los apartamentos tur\u00edsticos, mediante acuerdo comunitario, que deber\u00e1 inscribirse en el Registro de la Propiedad para que sea oponible a terceros. Ahora bien, este acuerdo no podr\u00e1 tener efectos retroactivos, de tal manera que este tipo de actividades que ya se est\u00e9n desarrollando en la finca no podr\u00e1n limitarse de esta manera.<\/p>\n<p>Para la aprobaci\u00f3n del acuerdo que limite el alquiler tur\u00edstico, basta con el voto de las cuatro quintas partes del total de propietarios que representen las cuatro quintas partes de las cuotas de participci\u00f3.<\/p>\n<p><strong>\u00bfQu\u00e9 pasos debe dar la Comunidad para prohibir el alquiler tur\u00edstico?<\/strong><br \/>\nEn primer lugar, debe convocar una Junta de Propietarios y en el orden del d\u00eda debe constar el acuerdo de prohibici\u00f3n del destino de la vivienda como alquiler tur\u00edstico. En la Junta se proceder\u00e1 a la votaci\u00f3n, que tendr\u00e1 que conseguir el qu\u00f3rum anteriormente expuesto. Celebrada la Junta, se deber\u00e1 notificar -preferentemente de manera fehacientemente los ausentes, que tendr\u00e1n un plazo de 30 d\u00edas para comunicar su intenci\u00f3n de voto; en caso de que no digan nada en este periodo, se considera que se adhieren al acuerdo de la Junta. Conseguidas las mayor\u00edas necesarias, el acuerdo es ejecutivo, pero deber\u00e1 inscribirse en el Registro para que sea oponible a terceros.<\/p>\n<p>Se aconseja consultar antes con el notario y el registrador, a fin de redactar el certificado que debe expedir el secretario, para evitar que posteriormente haya problemas y para la obligada inscripci\u00f3n registral, ya que si esto no se lleva a cabo no obligar\u00e1 a los nuevos propietarios.<\/p>\n<p><strong>Si con anterioridad al acuerdo un propietario ya realizaba esta actividad, el acuerdo le vincula?<\/strong><br \/>\nNo, el acuerdo por el que se proh\u00edbe el destino como arrendamiento tur\u00edstico no tiene efectos retroactivos, y s\u00f3lo vincular\u00e1 a nuevos adquirentes y a comuneros que pretendieran destinarlo a esta actividad.<\/p>\n<p><strong>Si, conforme a todo lo expuesto, se permite el alquiler tur\u00edstico y \u00e9ste genera molestias a los propietarios, que puede hacer la Comunidad?<\/strong><br \/>\nEl arte. 7.2 de la Ley de Propiedad Horizontal (LPH) regula la acci\u00f3n de cesaci\u00f3n en las Comunidades de Propietarios por actividades molestas, prohibidas e insalubres. Esta es la v\u00eda m\u00e1s adecuada para conseguir la no continuidad del arrendamiento, pero esta situaci\u00f3n debe quedar bien probada en v\u00eda judicial, pues, tal como indic\u00f3 la Sentencia TSJ Catalu\u00f1a, Sala Civil y Penal, Secci\u00f3n 1\u00aa, 37 \/ 2016, de 19 de mayo, no puede concluirse en abstracto que la existencia de viviendas de uso tur\u00edstico suponga una actividad contraria a la convivencia normal en la Comunidad, sino que es necesario un uso an\u00f3malo o antisocial, que deber\u00e1 ser analizado caso por caso.<\/p>\n<p><strong>\u00bfQu\u00e9 pasos debe dar la Comunidad para ejercitar la acci\u00f3n de cesaci\u00f3n?<\/strong><br \/>\nEn primer lugar, con car\u00e1cter previo y obligatorio, el requerimiento del Presidente, a iniciativa propia o de cualquiera de los propietarios u ocupantes, solicitando la inmediata cesaci\u00f3n de estas actividades, con advertencia de lo contrario de iniciar acciones judiciales. Si el infractor persiste, el Presidente, previa autorizaci\u00f3n de la Junta, podr\u00e1 presentar acci\u00f3n de cesaci\u00f3n. Junto con la demanda, se deber\u00e1 aportar el requerimiento fehaciente, el acuerdo de la Junta y todos los medios de prueba disponibles. Se podr\u00e1 solicitar, como medidas cautelares, cualquier actuaci\u00f3n que permita asegurar la efectividad de la orden de cesaci\u00f3n.<\/p>\n<p><strong>\u00bfQu\u00e9 efectos puede tener la demanda estimatoria?<\/strong><br \/>\nTodo depender\u00e1 de lo que se pida en la demanda, pero dado el alcance de la acci\u00f3n de cesaci\u00f3n del arte. 7.2 LPH, se podr\u00e1 acordar el cese definitivo de la actividad y la pertinente indemnizaci\u00f3n de da\u00f1os y perjuicios, y cuando proceda la privaci\u00f3n del derecho del uso de la vivienda o local por tiempo no superior a tres a\u00f1os. Si el infractor no fuese el propietario, la sentencia podr\u00e1 declarar extinguidos definitivamente todos sus derechos relativos a la vivienda o local, as\u00ed como su inmediato lanzamiento, aunque este \u00faltimo supuesto resulta dif\u00edcil de conseguir.<\/p>\n<p><strong>Si el destino como alquiler vacacional est\u00e1 prohibido en los estatutos y el propietario sigue con la actividad, que puede hacer la Comunidad?<\/strong><br \/>\nDeber\u00e1 seguir los mismos tr\u00e1mites anteriormente indicados, para que la acci\u00f3n de cesaci\u00f3n del arte. 7.2 LPH es aplicable tanto a actividades molestas como las prohibidas por las normas de la Comunidad.<\/p>\n","protected":false},"excerpt":{"rendered":"<p>La mayor\u00eda de comunidades de propietarios se niegan a que se destinen las viviendas del edificio a uso tur\u00edstico por las molestias que pueden llegar a ocasionar este tipo de actividades. Para que un propietario pueda destinar su inmueble fines tur\u00edsticos deber\u00e1 respetar lo que establezca el T\u00edtulo Constitutivo, que puede contener prohibiciones del destino [&hellip;]<\/p>\n","protected":false},"author":1,"featured_media":3225,"comment_status":"open","ping_status":"open","sticky":false,"template":"","format":"standard","meta":{"_acf_changed":false,"inline_featured_image":false,"disable_featured_image":false,"footnotes":""},"categories":[13,16],"tags":[772,775],"class_list":["post-3235","post","type-post","status-publish","format-standard","has-post-thumbnail","hentry","category-actualidad","category-comunidades","tag-comunitats-de-veins-es","tag-pisos-turistics-es"],"acf":[],"yoast_head":"<!-- This site is optimized with the Yoast SEO plugin v27.5 - https:\/\/yoast.com\/product\/yoast-seo-wordpress\/ -->\n<title>Pisos tur\u00edstics en comunitats de propietaris - Cambra de la Propietat Urbana de Girona<\/title>\n<meta name=\"robots\" content=\"index, follow, max-snippet:-1, max-image-preview:large, max-video-preview:-1\" \/>\n<link rel=\"canonical\" href=\"https:\/\/www.cambrapropietatgirona.com\/es\/pisos-turistics-en-comunitats-de-propietaris\/\" \/>\n<meta property=\"og:locale\" content=\"es_ES\" \/>\n<meta property=\"og:type\" content=\"article\" \/>\n<meta property=\"og:title\" content=\"Pisos tur\u00edstics en comunitats de propietaris - Cambra de la Propietat Urbana de Girona\" \/>\n<meta property=\"og:description\" content=\"La mayor\u00eda de comunidades de propietarios se niegan a que se destinen las viviendas del edificio a uso tur\u00edstico por las molestias que pueden llegar a ocasionar este tipo de actividades. Para que un propietario pueda destinar su inmueble fines tur\u00edsticos deber\u00e1 respetar lo que establezca el T\u00edtulo Constitutivo, que puede contener prohibiciones del destino [&hellip;]\" \/>\n<meta property=\"og:url\" content=\"https:\/\/www.cambrapropietatgirona.com\/es\/pisos-turistics-en-comunitats-de-propietaris\/\" \/>\n<meta property=\"og:site_name\" content=\"Cambra de la Propietat Urbana de Girona\" \/>\n<meta property=\"article:published_time\" content=\"2021-06-10T10:06:07+00:00\" \/>\n<meta property=\"article:modified_time\" content=\"2021-06-23T10:39:53+00:00\" \/>\n<meta property=\"og:image\" content=\"https:\/\/www.cambrapropietatgirona.com\/wp-content\/uploads\/2021\/06\/ISS_6351_24506.jpg\" \/>\n\t<meta property=\"og:image:width\" content=\"1018\" \/>\n\t<meta property=\"og:image:height\" content=\"679\" \/>\n\t<meta property=\"og:image:type\" content=\"image\/jpeg\" \/>\n<meta name=\"author\" content=\"AE5GBNi67xK1QkS\" \/>\n<meta name=\"twitter:card\" content=\"summary_large_image\" \/>\n<meta name=\"twitter:label1\" content=\"Written by\" \/>\n\t<meta name=\"twitter:data1\" content=\"AE5GBNi67xK1QkS\" \/>\n\t<meta name=\"twitter:label2\" content=\"Est. reading time\" \/>\n\t<meta name=\"twitter:data2\" content=\"4 minutes\" \/>\n<script type=\"application\/ld+json\" class=\"yoast-schema-graph\">{\"@context\":\"https:\\\/\\\/schema.org\",\"@graph\":[{\"@type\":\"Article\",\"@id\":\"https:\\\/\\\/www.cambrapropietatgirona.com\\\/es\\\/pisos-turistics-en-comunitats-de-propietaris\\\/#article\",\"isPartOf\":{\"@id\":\"https:\\\/\\\/www.cambrapropietatgirona.com\\\/es\\\/pisos-turistics-en-comunitats-de-propietaris\\\/\"},\"author\":{\"name\":\"AE5GBNi67xK1QkS\",\"@id\":\"https:\\\/\\\/www.cambrapropietatgirona.com\\\/#\\\/schema\\\/person\\\/839c74db646ec3d6738ce2dcf5b3447c\"},\"headline\":\"Pisos tur\u00edstics en comunitats de propietaris\",\"datePublished\":\"2021-06-10T10:06:07+00:00\",\"dateModified\":\"2021-06-23T10:39:53+00:00\",\"mainEntityOfPage\":{\"@id\":\"https:\\\/\\\/www.cambrapropietatgirona.com\\\/es\\\/pisos-turistics-en-comunitats-de-propietaris\\\/\"},\"wordCount\":866,\"commentCount\":0,\"publisher\":{\"@id\":\"https:\\\/\\\/www.cambrapropietatgirona.com\\\/#organization\"},\"image\":{\"@id\":\"https:\\\/\\\/www.cambrapropietatgirona.com\\\/es\\\/pisos-turistics-en-comunitats-de-propietaris\\\/#primaryimage\"},\"thumbnailUrl\":\"https:\\\/\\\/www.cambrapropietatgirona.com\\\/wp-content\\\/uploads\\\/2021\\\/06\\\/ISS_6351_24506.jpg\",\"keywords\":[\"comunitats de ve\u00efns\",\"pisos tur\u00edstics\"],\"articleSection\":[\"Actualidad\",\"Comunidades\"],\"inLanguage\":\"es-ES\",\"potentialAction\":[{\"@type\":\"CommentAction\",\"name\":\"Comment\",\"target\":[\"https:\\\/\\\/www.cambrapropietatgirona.com\\\/es\\\/pisos-turistics-en-comunitats-de-propietaris\\\/#respond\"]}]},{\"@type\":\"WebPage\",\"@id\":\"https:\\\/\\\/www.cambrapropietatgirona.com\\\/es\\\/pisos-turistics-en-comunitats-de-propietaris\\\/\",\"url\":\"https:\\\/\\\/www.cambrapropietatgirona.com\\\/es\\\/pisos-turistics-en-comunitats-de-propietaris\\\/\",\"name\":\"Pisos tur\u00edstics en comunitats de propietaris - Cambra de la Propietat Urbana de Girona\",\"isPartOf\":{\"@id\":\"https:\\\/\\\/www.cambrapropietatgirona.com\\\/#website\"},\"primaryImageOfPage\":{\"@id\":\"https:\\\/\\\/www.cambrapropietatgirona.com\\\/es\\\/pisos-turistics-en-comunitats-de-propietaris\\\/#primaryimage\"},\"image\":{\"@id\":\"https:\\\/\\\/www.cambrapropietatgirona.com\\\/es\\\/pisos-turistics-en-comunitats-de-propietaris\\\/#primaryimage\"},\"thumbnailUrl\":\"https:\\\/\\\/www.cambrapropietatgirona.com\\\/wp-content\\\/uploads\\\/2021\\\/06\\\/ISS_6351_24506.jpg\",\"datePublished\":\"2021-06-10T10:06:07+00:00\",\"dateModified\":\"2021-06-23T10:39:53+00:00\",\"breadcrumb\":{\"@id\":\"https:\\\/\\\/www.cambrapropietatgirona.com\\\/es\\\/pisos-turistics-en-comunitats-de-propietaris\\\/#breadcrumb\"},\"inLanguage\":\"es-ES\",\"potentialAction\":[{\"@type\":\"ReadAction\",\"target\":[\"https:\\\/\\\/www.cambrapropietatgirona.com\\\/es\\\/pisos-turistics-en-comunitats-de-propietaris\\\/\"]}]},{\"@type\":\"ImageObject\",\"inLanguage\":\"es-ES\",\"@id\":\"https:\\\/\\\/www.cambrapropietatgirona.com\\\/es\\\/pisos-turistics-en-comunitats-de-propietaris\\\/#primaryimage\",\"url\":\"https:\\\/\\\/www.cambrapropietatgirona.com\\\/wp-content\\\/uploads\\\/2021\\\/06\\\/ISS_6351_24506.jpg\",\"contentUrl\":\"https:\\\/\\\/www.cambrapropietatgirona.com\\\/wp-content\\\/uploads\\\/2021\\\/06\\\/ISS_6351_24506.jpg\",\"width\":1018,\"height\":679,\"caption\":\"Panoramic aerial view of Girona, in a beautiful summer day, Catalonia, Spain\"},{\"@type\":\"BreadcrumbList\",\"@id\":\"https:\\\/\\\/www.cambrapropietatgirona.com\\\/es\\\/pisos-turistics-en-comunitats-de-propietaris\\\/#breadcrumb\",\"itemListElement\":[{\"@type\":\"ListItem\",\"position\":1,\"name\":\"Inici\",\"item\":\"https:\\\/\\\/www.cambrapropietatgirona.com\\\/\"},{\"@type\":\"ListItem\",\"position\":2,\"name\":\"Pisos tur\u00edstics en comunitats de propietaris\"}]},{\"@type\":\"WebSite\",\"@id\":\"https:\\\/\\\/www.cambrapropietatgirona.com\\\/#website\",\"url\":\"https:\\\/\\\/www.cambrapropietatgirona.com\\\/\",\"name\":\"Cambra de la Propietat Urbana de Girona\",\"description\":\"Serveis immobiliaris integrals als propietaris\",\"publisher\":{\"@id\":\"https:\\\/\\\/www.cambrapropietatgirona.com\\\/#organization\"},\"potentialAction\":[{\"@type\":\"SearchAction\",\"target\":{\"@type\":\"EntryPoint\",\"urlTemplate\":\"https:\\\/\\\/www.cambrapropietatgirona.com\\\/?s={search_term_string}\"},\"query-input\":{\"@type\":\"PropertyValueSpecification\",\"valueRequired\":true,\"valueName\":\"search_term_string\"}}],\"inLanguage\":\"es-ES\"},{\"@type\":\"Organization\",\"@id\":\"https:\\\/\\\/www.cambrapropietatgirona.com\\\/#organization\",\"name\":\"Cambra de la Propietat Urbana de Girona\",\"url\":\"https:\\\/\\\/www.cambrapropietatgirona.com\\\/\",\"logo\":{\"@type\":\"ImageObject\",\"inLanguage\":\"es-ES\",\"@id\":\"https:\\\/\\\/www.cambrapropietatgirona.com\\\/#\\\/schema\\\/logo\\\/image\\\/\",\"url\":\"https:\\\/\\\/www.cambrapropietatgirona.com\\\/wp-content\\\/uploads\\\/2018\\\/01\\\/favicon.jpg\",\"contentUrl\":\"https:\\\/\\\/www.cambrapropietatgirona.com\\\/wp-content\\\/uploads\\\/2018\\\/01\\\/favicon.jpg\",\"width\":277,\"height\":269,\"caption\":\"Cambra de la Propietat Urbana de Girona\"},\"image\":{\"@id\":\"https:\\\/\\\/www.cambrapropietatgirona.com\\\/#\\\/schema\\\/logo\\\/image\\\/\"}},{\"@type\":\"Person\",\"@id\":\"https:\\\/\\\/www.cambrapropietatgirona.com\\\/#\\\/schema\\\/person\\\/839c74db646ec3d6738ce2dcf5b3447c\",\"name\":\"AE5GBNi67xK1QkS\",\"image\":{\"@type\":\"ImageObject\",\"inLanguage\":\"es-ES\",\"@id\":\"https:\\\/\\\/secure.gravatar.com\\\/avatar\\\/4a49b57693d82ed8aed27ea81234f80da517724ec1cc1f1fb4952b6cf4b80fd7?s=96&d=mm&r=g\",\"url\":\"https:\\\/\\\/secure.gravatar.com\\\/avatar\\\/4a49b57693d82ed8aed27ea81234f80da517724ec1cc1f1fb4952b6cf4b80fd7?s=96&d=mm&r=g\",\"contentUrl\":\"https:\\\/\\\/secure.gravatar.com\\\/avatar\\\/4a49b57693d82ed8aed27ea81234f80da517724ec1cc1f1fb4952b6cf4b80fd7?s=96&d=mm&r=g\",\"caption\":\"AE5GBNi67xK1QkS\"},\"url\":\"https:\\\/\\\/www.cambrapropietatgirona.com\\\/es\\\/author\\\/ae5gbni67xk1qks\\\/\"}]}<\/script>\n<!-- \/ Yoast SEO plugin. -->","yoast_head_json":{"title":"Pisos tur\u00edstics en comunitats de propietaris - Cambra de la Propietat Urbana de Girona","robots":{"index":"index","follow":"follow","max-snippet":"max-snippet:-1","max-image-preview":"max-image-preview:large","max-video-preview":"max-video-preview:-1"},"canonical":"https:\/\/www.cambrapropietatgirona.com\/es\/pisos-turistics-en-comunitats-de-propietaris\/","og_locale":"es_ES","og_type":"article","og_title":"Pisos tur\u00edstics en comunitats de propietaris - Cambra de la Propietat Urbana de Girona","og_description":"La mayor\u00eda de comunidades de propietarios se niegan a que se destinen las viviendas del edificio a uso tur\u00edstico por las molestias que pueden llegar a ocasionar este tipo de actividades. Para que un propietario pueda destinar su inmueble fines tur\u00edsticos deber\u00e1 respetar lo que establezca el T\u00edtulo Constitutivo, que puede contener prohibiciones del destino [&hellip;]","og_url":"https:\/\/www.cambrapropietatgirona.com\/es\/pisos-turistics-en-comunitats-de-propietaris\/","og_site_name":"Cambra de la Propietat Urbana de Girona","article_published_time":"2021-06-10T10:06:07+00:00","article_modified_time":"2021-06-23T10:39:53+00:00","og_image":[{"width":1018,"height":679,"url":"https:\/\/www.cambrapropietatgirona.com\/wp-content\/uploads\/2021\/06\/ISS_6351_24506.jpg","type":"image\/jpeg"}],"author":"AE5GBNi67xK1QkS","twitter_card":"summary_large_image","twitter_misc":{"Written by":"AE5GBNi67xK1QkS","Est. reading time":"4 minutes"},"schema":{"@context":"https:\/\/schema.org","@graph":[{"@type":"Article","@id":"https:\/\/www.cambrapropietatgirona.com\/es\/pisos-turistics-en-comunitats-de-propietaris\/#article","isPartOf":{"@id":"https:\/\/www.cambrapropietatgirona.com\/es\/pisos-turistics-en-comunitats-de-propietaris\/"},"author":{"name":"AE5GBNi67xK1QkS","@id":"https:\/\/www.cambrapropietatgirona.com\/#\/schema\/person\/839c74db646ec3d6738ce2dcf5b3447c"},"headline":"Pisos tur\u00edstics en comunitats de propietaris","datePublished":"2021-06-10T10:06:07+00:00","dateModified":"2021-06-23T10:39:53+00:00","mainEntityOfPage":{"@id":"https:\/\/www.cambrapropietatgirona.com\/es\/pisos-turistics-en-comunitats-de-propietaris\/"},"wordCount":866,"commentCount":0,"publisher":{"@id":"https:\/\/www.cambrapropietatgirona.com\/#organization"},"image":{"@id":"https:\/\/www.cambrapropietatgirona.com\/es\/pisos-turistics-en-comunitats-de-propietaris\/#primaryimage"},"thumbnailUrl":"https:\/\/www.cambrapropietatgirona.com\/wp-content\/uploads\/2021\/06\/ISS_6351_24506.jpg","keywords":["comunitats de ve\u00efns","pisos tur\u00edstics"],"articleSection":["Actualidad","Comunidades"],"inLanguage":"es-ES","potentialAction":[{"@type":"CommentAction","name":"Comment","target":["https:\/\/www.cambrapropietatgirona.com\/es\/pisos-turistics-en-comunitats-de-propietaris\/#respond"]}]},{"@type":"WebPage","@id":"https:\/\/www.cambrapropietatgirona.com\/es\/pisos-turistics-en-comunitats-de-propietaris\/","url":"https:\/\/www.cambrapropietatgirona.com\/es\/pisos-turistics-en-comunitats-de-propietaris\/","name":"Pisos tur\u00edstics en comunitats de propietaris - Cambra de la Propietat Urbana de Girona","isPartOf":{"@id":"https:\/\/www.cambrapropietatgirona.com\/#website"},"primaryImageOfPage":{"@id":"https:\/\/www.cambrapropietatgirona.com\/es\/pisos-turistics-en-comunitats-de-propietaris\/#primaryimage"},"image":{"@id":"https:\/\/www.cambrapropietatgirona.com\/es\/pisos-turistics-en-comunitats-de-propietaris\/#primaryimage"},"thumbnailUrl":"https:\/\/www.cambrapropietatgirona.com\/wp-content\/uploads\/2021\/06\/ISS_6351_24506.jpg","datePublished":"2021-06-10T10:06:07+00:00","dateModified":"2021-06-23T10:39:53+00:00","breadcrumb":{"@id":"https:\/\/www.cambrapropietatgirona.com\/es\/pisos-turistics-en-comunitats-de-propietaris\/#breadcrumb"},"inLanguage":"es-ES","potentialAction":[{"@type":"ReadAction","target":["https:\/\/www.cambrapropietatgirona.com\/es\/pisos-turistics-en-comunitats-de-propietaris\/"]}]},{"@type":"ImageObject","inLanguage":"es-ES","@id":"https:\/\/www.cambrapropietatgirona.com\/es\/pisos-turistics-en-comunitats-de-propietaris\/#primaryimage","url":"https:\/\/www.cambrapropietatgirona.com\/wp-content\/uploads\/2021\/06\/ISS_6351_24506.jpg","contentUrl":"https:\/\/www.cambrapropietatgirona.com\/wp-content\/uploads\/2021\/06\/ISS_6351_24506.jpg","width":1018,"height":679,"caption":"Panoramic aerial view of Girona, in a beautiful summer day, Catalonia, Spain"},{"@type":"BreadcrumbList","@id":"https:\/\/www.cambrapropietatgirona.com\/es\/pisos-turistics-en-comunitats-de-propietaris\/#breadcrumb","itemListElement":[{"@type":"ListItem","position":1,"name":"Inici","item":"https:\/\/www.cambrapropietatgirona.com\/"},{"@type":"ListItem","position":2,"name":"Pisos tur\u00edstics en comunitats de propietaris"}]},{"@type":"WebSite","@id":"https:\/\/www.cambrapropietatgirona.com\/#website","url":"https:\/\/www.cambrapropietatgirona.com\/","name":"Cambra de la Propietat Urbana de Girona","description":"Serveis immobiliaris integrals als propietaris","publisher":{"@id":"https:\/\/www.cambrapropietatgirona.com\/#organization"},"potentialAction":[{"@type":"SearchAction","target":{"@type":"EntryPoint","urlTemplate":"https:\/\/www.cambrapropietatgirona.com\/?s={search_term_string}"},"query-input":{"@type":"PropertyValueSpecification","valueRequired":true,"valueName":"search_term_string"}}],"inLanguage":"es-ES"},{"@type":"Organization","@id":"https:\/\/www.cambrapropietatgirona.com\/#organization","name":"Cambra de la Propietat Urbana de Girona","url":"https:\/\/www.cambrapropietatgirona.com\/","logo":{"@type":"ImageObject","inLanguage":"es-ES","@id":"https:\/\/www.cambrapropietatgirona.com\/#\/schema\/logo\/image\/","url":"https:\/\/www.cambrapropietatgirona.com\/wp-content\/uploads\/2018\/01\/favicon.jpg","contentUrl":"https:\/\/www.cambrapropietatgirona.com\/wp-content\/uploads\/2018\/01\/favicon.jpg","width":277,"height":269,"caption":"Cambra de la Propietat Urbana de Girona"},"image":{"@id":"https:\/\/www.cambrapropietatgirona.com\/#\/schema\/logo\/image\/"}},{"@type":"Person","@id":"https:\/\/www.cambrapropietatgirona.com\/#\/schema\/person\/839c74db646ec3d6738ce2dcf5b3447c","name":"AE5GBNi67xK1QkS","image":{"@type":"ImageObject","inLanguage":"es-ES","@id":"https:\/\/secure.gravatar.com\/avatar\/4a49b57693d82ed8aed27ea81234f80da517724ec1cc1f1fb4952b6cf4b80fd7?s=96&d=mm&r=g","url":"https:\/\/secure.gravatar.com\/avatar\/4a49b57693d82ed8aed27ea81234f80da517724ec1cc1f1fb4952b6cf4b80fd7?s=96&d=mm&r=g","contentUrl":"https:\/\/secure.gravatar.com\/avatar\/4a49b57693d82ed8aed27ea81234f80da517724ec1cc1f1fb4952b6cf4b80fd7?s=96&d=mm&r=g","caption":"AE5GBNi67xK1QkS"},"url":"https:\/\/www.cambrapropietatgirona.com\/es\/author\/ae5gbni67xk1qks\/"}]}},"_links":{"self":[{"href":"https:\/\/www.cambrapropietatgirona.com\/es\/wp-json\/wp\/v2\/posts\/3235","targetHints":{"allow":["GET"]}}],"collection":[{"href":"https:\/\/www.cambrapropietatgirona.com\/es\/wp-json\/wp\/v2\/posts"}],"about":[{"href":"https:\/\/www.cambrapropietatgirona.com\/es\/wp-json\/wp\/v2\/types\/post"}],"author":[{"embeddable":true,"href":"https:\/\/www.cambrapropietatgirona.com\/es\/wp-json\/wp\/v2\/users\/1"}],"replies":[{"embeddable":true,"href":"https:\/\/www.cambrapropietatgirona.com\/es\/wp-json\/wp\/v2\/comments?post=3235"}],"version-history":[{"count":2,"href":"https:\/\/www.cambrapropietatgirona.com\/es\/wp-json\/wp\/v2\/posts\/3235\/revisions"}],"predecessor-version":[{"id":3237,"href":"https:\/\/www.cambrapropietatgirona.com\/es\/wp-json\/wp\/v2\/posts\/3235\/revisions\/3237"}],"wp:featuredmedia":[{"embeddable":true,"href":"https:\/\/www.cambrapropietatgirona.com\/es\/wp-json\/wp\/v2\/media\/3225"}],"wp:attachment":[{"href":"https:\/\/www.cambrapropietatgirona.com\/es\/wp-json\/wp\/v2\/media?parent=3235"}],"wp:term":[{"taxonomy":"category","embeddable":true,"href":"https:\/\/www.cambrapropietatgirona.com\/es\/wp-json\/wp\/v2\/categories?post=3235"},{"taxonomy":"post_tag","embeddable":true,"href":"https:\/\/www.cambrapropietatgirona.com\/es\/wp-json\/wp\/v2\/tags?post=3235"}],"curies":[{"name":"wp","href":"https:\/\/api.w.org\/{rel}","templated":true}]}}