{"id":3081,"date":"2021-03-31T16:42:26","date_gmt":"2021-03-31T14:42:26","guid":{"rendered":"https:\/\/www.cambrapropietatgirona.com\/?p=3081"},"modified":"2021-03-31T16:53:08","modified_gmt":"2021-03-31T14:53:08","slug":"que-desahucios-han-quedado-suspendidos-durante-el-estado-de-alarma","status":"publish","type":"post","link":"https:\/\/www.cambrapropietatgirona.com\/es\/que-desahucios-han-quedado-suspendidos-durante-el-estado-de-alarma\/","title":{"rendered":"Qu\u00e9 desahucios han quedado suspendidos durante el estado de alarma?"},"content":{"rendered":"<p>En los \u00faltimos tiempos debido a la pandemia producida por el coronavirus ha aumentado la morosidad en los contratos de arrendamiento de vivienda habitual. Esta situaci\u00f3n ha propiciado que muchos arrendadores no reciban el importe de la renta pactado en el contrato de alquiler por parte del inquilino que debido a la pandemia ha visto disminuidos sus ingresos imposibilitando a poder hacer frente al pago de la renta de alquiler.<\/p>\n<p>Para dar respuesta a esta situaci\u00f3n, el pasado 24 de diciembre entr\u00f3 en vigor el Real Decreto Ley 37\/2020, de 22 de diciembre que, entre otras medidas, prev\u00e9 la suspensi\u00f3n durante el estado de alarma de los desahucios y los lanzamientos de viviendas de personas econ\u00f3micamente vulnerables sin alternativa en el \u00e1mbito de la vivienda.<\/p>\n<p>En concreto la norma prev\u00e9 que desde el 24 de diciembre de 2020 y hasta que finalice el actual estado de alarma (9 de mayo de 2021) en todos los procedimientos judiciales arrendaticios de desahucio de viviendas por falta de pago de alquileres, o finalizaci\u00f3n de su duraci\u00f3n, el arrendatario podr\u00e1 solicitar la suspensi\u00f3n extraordinaria del procedimiento o del lanzamiento por encontrarse en una situaci\u00f3n de vulnerabilidad econ\u00f3mica que le impida encontrar una alternativa en materia de vivienda para \u00e9l y las personas con las que convive.<\/p>\n<p><strong>Requisitos para la suspensi\u00f3n del desahucio o del lanzamiento<\/strong><br \/>\nS\u00f3lo y exclusivamente en aquellos casos en los que los inquilinos se encuentren y acrediten encontrarse en situaci\u00f3n de vulnerabilidad econ\u00f3mica podr\u00e1n instar un incidente de suspensi\u00f3n extraordinaria del desahucio o lanzamiento ante el Juzgado para encontrarse en una situaci\u00f3n de vulnerabilidad econ\u00f3mica que le imposibilite encontrar una alternativa residencial para s\u00ed y para las personas con las que conviva. Como vemos la paralizaci\u00f3n no es autom\u00e1tica sino que el inquilino deber\u00e1 presentar en el Juzgado la petici\u00f3n de suspensi\u00f3n.<\/p>\n<p>Si en base a todo lo anterior el Juez considera acreditada la situaci\u00f3n de vulnerabilidad econ\u00f3mica del inquilino, acordar\u00e1 la suspensi\u00f3n del procedimiento hasta la finalizaci\u00f3n del estado de alarma, fecha en que se reanudar\u00e1 autom\u00e1ticamente.<\/p>\n<p>Acreditada la vulnerabilidad, y antes de la finalizaci\u00f3n de la suspensi\u00f3n, las Administraciones p\u00fablicas competentes deber\u00e1n adoptar, de conformidad con el informe de los servicios sociales, las medidas necesarias para satisfacer la necesidad de vivienda del inquilino, comunic\u00e1ndolo al Juzgado , que entonces acordar\u00e1 el levantamiento de la suspensi\u00f3n en el plazo m\u00e1ximo de tres d\u00edas.<\/p>\n<p><strong>Cuando se produce una situaci\u00f3n de vulnerabilidad<\/strong><br \/>\nSe entiende que un inquilino se encuentra en situaci\u00f3n de vulnerabilidad cuando se cumplan los siguientes requisitos:<\/p>\n<ul>\n<li>Que la persona que est\u00e9 obligada a pagar la renta de alquiler pase a estar en situaci\u00f3n de desempleo, Expediente Temporal de Regulaci\u00f3n de Empleo (ERTE), o haya reducido su jornada por motivo de cuidados, en caso de ser empresario, u otros circunstancias similares que supongan una p\u00e9rdida sustancial de ingresos, concretamente ingresos que no superen tres veces el Indicador P\u00fablico de Renta de Efectos M\u00faltiples mensual IPREM. Este l\u00edmite se incrementar\u00e1 si existen hijos a cargo, si en la unidad familiar existen personas mayores de 65 a\u00f1os o si alg\u00fan miembro de la unidad familiar tiene una discapacidad.<\/li>\n<li>Que la renta de alquiler, m\u00e1s los gastos y suministros b\u00e1sicos, resulte superior o igual al 35 por ciento de los ingresos netos que perciba el conjunto de los miembros de la unidad familiar, entendi\u00e9ndose por gastos y suministros b\u00e1sicos del importe del coste de los suministros de electricidad, gas, gas\u00f3leo para calefacci\u00f3n, agua corriente, los servicios de telecomunicaci\u00f3n fija y m\u00f3vil, y las posibles contribuciones a la comunidad de propietarios, todos ellos de la vivienda habitual que corresponda satisfacer al arrendatario.<\/li>\n<\/ul>\n<p><strong>Suspensi\u00f3n de desahucios en casos de ocupaciones ilegales de viviendas<\/strong><br \/>\nEn el caso de procedimientos de desahucio contra ocupantes ilegales de una vivienda tambi\u00e9n se podr\u00e1 aplicar la suspensi\u00f3n del lanzamiento durante el estado de alarma, lo que convierte a nuestro pa\u00eds en una excepci\u00f3n en Europa en amparar este fen\u00f3meno ilegal . El Decreto Ley que comentamos suspende el desahucio, incluso en el caso de que haya delito, cuando se den unos supuestos concretos: cuando el propietario es titular de m\u00e1s de diez viviendas, y la persona que ocupa la finca es dependiente (conforme a la normativa de la dependencia), v\u00edctima de violencia sobre la mujer o tiene a su cargo o convivan en la misma vivienda una persona dependiente o menor de edad, y acredita que se encuentra en alguna de las situaciones de vulnerabilidad econ\u00f3mica previstas.<\/p>\n<p><strong>Compensaci\u00f3n al arrendador para la suspensi\u00f3n<\/strong><br \/>\nLa norma prev\u00e9 que en el caso de los arrendadores afectados por esta suspensi\u00f3n tendr\u00e1n derecho a solicitar una compensaci\u00f3n cuando la administraci\u00f3n competente no haya adoptado las medidas para dar soluci\u00f3n de habitaci\u00f3n se\u00f1aladas por los servicios sociales en su informe dentro de los tres meses siguientes la emisi\u00f3n de ese informe. La compensaci\u00f3n consistir\u00e1 en el precio medio del alquiler\u00a0de vivienda de la zona donde se encuentre el inmueble (seg\u00fan \u00edndice de precios u otras referencias objetivas) si el alquiler que se pagaba es superior a aquel valor medio o el alquiler que se ven\u00eda pagando si es inferior; as\u00ed como tambi\u00e9n los gastos corrientes de la vivienda que acredite haber asumido el arrendador, desde la fecha en que se acuerde la suspensi\u00f3n y aquella finalice (por levantamiento acordado por el Juez o por finalizaci\u00f3n del estado de alarma). La solicitud se podr\u00e1 presentar hasta un mes despu\u00e9s de la finalizaci\u00f3n del estado de alarma (9 de mayo de 2021) con una exposici\u00f3n razonada y justificada de la compensaci\u00f3n en base a los criterios anteriores.<\/p>\n<p>En el caso de los propietarios que se vean afectados por la suspensi\u00f3n de un lanzamiento contra ocupantes ilegales de viviendas aquellos deber\u00e1n acreditar que la suspensi\u00f3n les ha ocasionado perjuicio econ\u00f3mico al encontrarse la vivienda en venta o alquiler antes de la entrada en el inmueble. El importe ser\u00e1 el precio medio que corresponder\u00eda a un alquiler de vivienda de la zona donde se encuentre el inmueble, los gastos corrientes de la vivienda que acredite haber asumido el arrendador, desde la fecha en que se acuerde la suspensi\u00f3n y aquella finalice. El plazo m\u00e1ximo para solicitarla ser\u00e1 el mismo que para el caso del arrendadores y con solicitud razonada y justificada de la petici\u00f3n.<\/p>\n","protected":false},"excerpt":{"rendered":"<p>En los \u00faltimos tiempos debido a la pandemia producida por el coronavirus ha aumentado la morosidad en los contratos de arrendamiento de vivienda habitual. Esta situaci\u00f3n ha propiciado que muchos arrendadores no reciban el importe de la renta pactado en el contrato de alquiler por parte del inquilino que debido a la pandemia ha visto [&hellip;]<\/p>\n","protected":false},"author":1,"featured_media":3082,"comment_status":"open","ping_status":"open","sticky":false,"template":"","format":"standard","meta":{"_acf_changed":false,"inline_featured_image":false,"disable_featured_image":false,"footnotes":""},"categories":[13,19],"tags":[756],"class_list":["post-3081","post","type-post","status-publish","format-standard","has-post-thumbnail","hentry","category-actualidad","category-legislacion","tag-desnonament-es"],"acf":[],"yoast_head":"<!-- This site is optimized with the Yoast SEO plugin v27.5 - https:\/\/yoast.com\/product\/yoast-seo-wordpress\/ -->\n<title>Qu\u00e9 desahucios han quedado suspendidos durante el estado de alarma? - Cambra de la Propietat Urbana de Girona<\/title>\n<meta name=\"robots\" content=\"index, follow, max-snippet:-1, max-image-preview:large, max-video-preview:-1\" \/>\n<link rel=\"canonical\" href=\"https:\/\/www.cambrapropietatgirona.com\/es\/que-desahucios-han-quedado-suspendidos-durante-el-estado-de-alarma\/\" \/>\n<meta property=\"og:locale\" content=\"es_ES\" \/>\n<meta property=\"og:type\" content=\"article\" \/>\n<meta property=\"og:title\" content=\"Qu\u00e9 desahucios han quedado suspendidos durante el estado de alarma? - Cambra de la Propietat Urbana de Girona\" \/>\n<meta property=\"og:description\" content=\"En los \u00faltimos tiempos debido a la pandemia producida por el coronavirus ha aumentado la morosidad en los contratos de arrendamiento de vivienda habitual. Esta situaci\u00f3n ha propiciado que muchos arrendadores no reciban el importe de la renta pactado en el contrato de alquiler por parte del inquilino que debido a la pandemia ha visto [&hellip;]\" \/>\n<meta property=\"og:url\" content=\"https:\/\/www.cambrapropietatgirona.com\/es\/que-desahucios-han-quedado-suspendidos-durante-el-estado-de-alarma\/\" \/>\n<meta property=\"og:site_name\" content=\"Cambra de la Propietat Urbana de Girona\" \/>\n<meta property=\"article:published_time\" content=\"2021-03-31T14:42:26+00:00\" \/>\n<meta property=\"article:modified_time\" content=\"2021-03-31T14:53:08+00:00\" \/>\n<meta property=\"og:image\" content=\"https:\/\/www.cambrapropietatgirona.com\/wp-content\/uploads\/2021\/03\/ISS_9875_11097.jpg\" \/>\n\t<meta property=\"og:image:width\" content=\"932\" \/>\n\t<meta property=\"og:image:height\" content=\"622\" \/>\n\t<meta property=\"og:image:type\" content=\"image\/jpeg\" \/>\n<meta name=\"author\" content=\"AE5GBNi67xK1QkS\" \/>\n<meta name=\"twitter:card\" content=\"summary_large_image\" \/>\n<meta name=\"twitter:label1\" content=\"Written by\" \/>\n\t<meta name=\"twitter:data1\" content=\"AE5GBNi67xK1QkS\" \/>\n\t<meta name=\"twitter:label2\" content=\"Est. reading time\" \/>\n\t<meta name=\"twitter:data2\" content=\"5 minutes\" \/>\n<script type=\"application\/ld+json\" class=\"yoast-schema-graph\">{\"@context\":\"https:\\\/\\\/schema.org\",\"@graph\":[{\"@type\":\"Article\",\"@id\":\"https:\\\/\\\/www.cambrapropietatgirona.com\\\/es\\\/que-desahucios-han-quedado-suspendidos-durante-el-estado-de-alarma\\\/#article\",\"isPartOf\":{\"@id\":\"https:\\\/\\\/www.cambrapropietatgirona.com\\\/es\\\/que-desahucios-han-quedado-suspendidos-durante-el-estado-de-alarma\\\/\"},\"author\":{\"name\":\"AE5GBNi67xK1QkS\",\"@id\":\"https:\\\/\\\/www.cambrapropietatgirona.com\\\/#\\\/schema\\\/person\\\/839c74db646ec3d6738ce2dcf5b3447c\"},\"headline\":\"Qu\u00e9 desahucios han quedado suspendidos durante el estado de alarma?\",\"datePublished\":\"2021-03-31T14:42:26+00:00\",\"dateModified\":\"2021-03-31T14:53:08+00:00\",\"mainEntityOfPage\":{\"@id\":\"https:\\\/\\\/www.cambrapropietatgirona.com\\\/es\\\/que-desahucios-han-quedado-suspendidos-durante-el-estado-de-alarma\\\/\"},\"wordCount\":1122,\"commentCount\":0,\"publisher\":{\"@id\":\"https:\\\/\\\/www.cambrapropietatgirona.com\\\/#organization\"},\"image\":{\"@id\":\"https:\\\/\\\/www.cambrapropietatgirona.com\\\/es\\\/que-desahucios-han-quedado-suspendidos-durante-el-estado-de-alarma\\\/#primaryimage\"},\"thumbnailUrl\":\"https:\\\/\\\/www.cambrapropietatgirona.com\\\/wp-content\\\/uploads\\\/2021\\\/03\\\/ISS_9875_11097.jpg\",\"keywords\":[\"desnonament\"],\"articleSection\":[\"Actualidad\",\"Legislaci\u00f3n\"],\"inLanguage\":\"es-ES\",\"potentialAction\":[{\"@type\":\"CommentAction\",\"name\":\"Comment\",\"target\":[\"https:\\\/\\\/www.cambrapropietatgirona.com\\\/es\\\/que-desahucios-han-quedado-suspendidos-durante-el-estado-de-alarma\\\/#respond\"]}]},{\"@type\":\"WebPage\",\"@id\":\"https:\\\/\\\/www.cambrapropietatgirona.com\\\/es\\\/que-desahucios-han-quedado-suspendidos-durante-el-estado-de-alarma\\\/\",\"url\":\"https:\\\/\\\/www.cambrapropietatgirona.com\\\/es\\\/que-desahucios-han-quedado-suspendidos-durante-el-estado-de-alarma\\\/\",\"name\":\"Qu\u00e9 desahucios han quedado suspendidos durante el estado de alarma? - Cambra de la Propietat Urbana de Girona\",\"isPartOf\":{\"@id\":\"https:\\\/\\\/www.cambrapropietatgirona.com\\\/#website\"},\"primaryImageOfPage\":{\"@id\":\"https:\\\/\\\/www.cambrapropietatgirona.com\\\/es\\\/que-desahucios-han-quedado-suspendidos-durante-el-estado-de-alarma\\\/#primaryimage\"},\"image\":{\"@id\":\"https:\\\/\\\/www.cambrapropietatgirona.com\\\/es\\\/que-desahucios-han-quedado-suspendidos-durante-el-estado-de-alarma\\\/#primaryimage\"},\"thumbnailUrl\":\"https:\\\/\\\/www.cambrapropietatgirona.com\\\/wp-content\\\/uploads\\\/2021\\\/03\\\/ISS_9875_11097.jpg\",\"datePublished\":\"2021-03-31T14:42:26+00:00\",\"dateModified\":\"2021-03-31T14:53:08+00:00\",\"breadcrumb\":{\"@id\":\"https:\\\/\\\/www.cambrapropietatgirona.com\\\/es\\\/que-desahucios-han-quedado-suspendidos-durante-el-estado-de-alarma\\\/#breadcrumb\"},\"inLanguage\":\"es-ES\",\"potentialAction\":[{\"@type\":\"ReadAction\",\"target\":[\"https:\\\/\\\/www.cambrapropietatgirona.com\\\/es\\\/que-desahucios-han-quedado-suspendidos-durante-el-estado-de-alarma\\\/\"]}]},{\"@type\":\"ImageObject\",\"inLanguage\":\"es-ES\",\"@id\":\"https:\\\/\\\/www.cambrapropietatgirona.com\\\/es\\\/que-desahucios-han-quedado-suspendidos-durante-el-estado-de-alarma\\\/#primaryimage\",\"url\":\"https:\\\/\\\/www.cambrapropietatgirona.com\\\/wp-content\\\/uploads\\\/2021\\\/03\\\/ISS_9875_11097.jpg\",\"contentUrl\":\"https:\\\/\\\/www.cambrapropietatgirona.com\\\/wp-content\\\/uploads\\\/2021\\\/03\\\/ISS_9875_11097.jpg\",\"width\":932,\"height\":622,\"caption\":\"Sad evicted tenant moving home boxing belongings sitting on the floor in the night\"},{\"@type\":\"BreadcrumbList\",\"@id\":\"https:\\\/\\\/www.cambrapropietatgirona.com\\\/es\\\/que-desahucios-han-quedado-suspendidos-durante-el-estado-de-alarma\\\/#breadcrumb\",\"itemListElement\":[{\"@type\":\"ListItem\",\"position\":1,\"name\":\"Inici\",\"item\":\"https:\\\/\\\/www.cambrapropietatgirona.com\\\/\"},{\"@type\":\"ListItem\",\"position\":2,\"name\":\"Qu\u00e9 desahucios han quedado suspendidos durante el estado de alarma?\"}]},{\"@type\":\"WebSite\",\"@id\":\"https:\\\/\\\/www.cambrapropietatgirona.com\\\/#website\",\"url\":\"https:\\\/\\\/www.cambrapropietatgirona.com\\\/\",\"name\":\"Cambra de la Propietat Urbana de Girona\",\"description\":\"Serveis immobiliaris integrals als propietaris\",\"publisher\":{\"@id\":\"https:\\\/\\\/www.cambrapropietatgirona.com\\\/#organization\"},\"potentialAction\":[{\"@type\":\"SearchAction\",\"target\":{\"@type\":\"EntryPoint\",\"urlTemplate\":\"https:\\\/\\\/www.cambrapropietatgirona.com\\\/?s={search_term_string}\"},\"query-input\":{\"@type\":\"PropertyValueSpecification\",\"valueRequired\":true,\"valueName\":\"search_term_string\"}}],\"inLanguage\":\"es-ES\"},{\"@type\":\"Organization\",\"@id\":\"https:\\\/\\\/www.cambrapropietatgirona.com\\\/#organization\",\"name\":\"Cambra de la Propietat Urbana de Girona\",\"url\":\"https:\\\/\\\/www.cambrapropietatgirona.com\\\/\",\"logo\":{\"@type\":\"ImageObject\",\"inLanguage\":\"es-ES\",\"@id\":\"https:\\\/\\\/www.cambrapropietatgirona.com\\\/#\\\/schema\\\/logo\\\/image\\\/\",\"url\":\"https:\\\/\\\/www.cambrapropietatgirona.com\\\/wp-content\\\/uploads\\\/2018\\\/01\\\/favicon.jpg\",\"contentUrl\":\"https:\\\/\\\/www.cambrapropietatgirona.com\\\/wp-content\\\/uploads\\\/2018\\\/01\\\/favicon.jpg\",\"width\":277,\"height\":269,\"caption\":\"Cambra de la Propietat Urbana de Girona\"},\"image\":{\"@id\":\"https:\\\/\\\/www.cambrapropietatgirona.com\\\/#\\\/schema\\\/logo\\\/image\\\/\"}},{\"@type\":\"Person\",\"@id\":\"https:\\\/\\\/www.cambrapropietatgirona.com\\\/#\\\/schema\\\/person\\\/839c74db646ec3d6738ce2dcf5b3447c\",\"name\":\"AE5GBNi67xK1QkS\",\"image\":{\"@type\":\"ImageObject\",\"inLanguage\":\"es-ES\",\"@id\":\"https:\\\/\\\/secure.gravatar.com\\\/avatar\\\/4a49b57693d82ed8aed27ea81234f80da517724ec1cc1f1fb4952b6cf4b80fd7?s=96&d=mm&r=g\",\"url\":\"https:\\\/\\\/secure.gravatar.com\\\/avatar\\\/4a49b57693d82ed8aed27ea81234f80da517724ec1cc1f1fb4952b6cf4b80fd7?s=96&d=mm&r=g\",\"contentUrl\":\"https:\\\/\\\/secure.gravatar.com\\\/avatar\\\/4a49b57693d82ed8aed27ea81234f80da517724ec1cc1f1fb4952b6cf4b80fd7?s=96&d=mm&r=g\",\"caption\":\"AE5GBNi67xK1QkS\"},\"url\":\"https:\\\/\\\/www.cambrapropietatgirona.com\\\/es\\\/author\\\/ae5gbni67xk1qks\\\/\"}]}<\/script>\n<!-- \/ Yoast SEO plugin. -->","yoast_head_json":{"title":"Qu\u00e9 desahucios han quedado suspendidos durante el estado de alarma? - Cambra de la Propietat Urbana de Girona","robots":{"index":"index","follow":"follow","max-snippet":"max-snippet:-1","max-image-preview":"max-image-preview:large","max-video-preview":"max-video-preview:-1"},"canonical":"https:\/\/www.cambrapropietatgirona.com\/es\/que-desahucios-han-quedado-suspendidos-durante-el-estado-de-alarma\/","og_locale":"es_ES","og_type":"article","og_title":"Qu\u00e9 desahucios han quedado suspendidos durante el estado de alarma? - Cambra de la Propietat Urbana de Girona","og_description":"En los \u00faltimos tiempos debido a la pandemia producida por el coronavirus ha aumentado la morosidad en los contratos de arrendamiento de vivienda habitual. Esta situaci\u00f3n ha propiciado que muchos arrendadores no reciban el importe de la renta pactado en el contrato de alquiler por parte del inquilino que debido a la pandemia ha visto [&hellip;]","og_url":"https:\/\/www.cambrapropietatgirona.com\/es\/que-desahucios-han-quedado-suspendidos-durante-el-estado-de-alarma\/","og_site_name":"Cambra de la Propietat Urbana de Girona","article_published_time":"2021-03-31T14:42:26+00:00","article_modified_time":"2021-03-31T14:53:08+00:00","og_image":[{"width":932,"height":622,"url":"https:\/\/www.cambrapropietatgirona.com\/wp-content\/uploads\/2021\/03\/ISS_9875_11097.jpg","type":"image\/jpeg"}],"author":"AE5GBNi67xK1QkS","twitter_card":"summary_large_image","twitter_misc":{"Written by":"AE5GBNi67xK1QkS","Est. reading time":"5 minutes"},"schema":{"@context":"https:\/\/schema.org","@graph":[{"@type":"Article","@id":"https:\/\/www.cambrapropietatgirona.com\/es\/que-desahucios-han-quedado-suspendidos-durante-el-estado-de-alarma\/#article","isPartOf":{"@id":"https:\/\/www.cambrapropietatgirona.com\/es\/que-desahucios-han-quedado-suspendidos-durante-el-estado-de-alarma\/"},"author":{"name":"AE5GBNi67xK1QkS","@id":"https:\/\/www.cambrapropietatgirona.com\/#\/schema\/person\/839c74db646ec3d6738ce2dcf5b3447c"},"headline":"Qu\u00e9 desahucios han quedado suspendidos durante el estado de alarma?","datePublished":"2021-03-31T14:42:26+00:00","dateModified":"2021-03-31T14:53:08+00:00","mainEntityOfPage":{"@id":"https:\/\/www.cambrapropietatgirona.com\/es\/que-desahucios-han-quedado-suspendidos-durante-el-estado-de-alarma\/"},"wordCount":1122,"commentCount":0,"publisher":{"@id":"https:\/\/www.cambrapropietatgirona.com\/#organization"},"image":{"@id":"https:\/\/www.cambrapropietatgirona.com\/es\/que-desahucios-han-quedado-suspendidos-durante-el-estado-de-alarma\/#primaryimage"},"thumbnailUrl":"https:\/\/www.cambrapropietatgirona.com\/wp-content\/uploads\/2021\/03\/ISS_9875_11097.jpg","keywords":["desnonament"],"articleSection":["Actualidad","Legislaci\u00f3n"],"inLanguage":"es-ES","potentialAction":[{"@type":"CommentAction","name":"Comment","target":["https:\/\/www.cambrapropietatgirona.com\/es\/que-desahucios-han-quedado-suspendidos-durante-el-estado-de-alarma\/#respond"]}]},{"@type":"WebPage","@id":"https:\/\/www.cambrapropietatgirona.com\/es\/que-desahucios-han-quedado-suspendidos-durante-el-estado-de-alarma\/","url":"https:\/\/www.cambrapropietatgirona.com\/es\/que-desahucios-han-quedado-suspendidos-durante-el-estado-de-alarma\/","name":"Qu\u00e9 desahucios han quedado suspendidos durante el estado de alarma? - Cambra de la Propietat Urbana de Girona","isPartOf":{"@id":"https:\/\/www.cambrapropietatgirona.com\/#website"},"primaryImageOfPage":{"@id":"https:\/\/www.cambrapropietatgirona.com\/es\/que-desahucios-han-quedado-suspendidos-durante-el-estado-de-alarma\/#primaryimage"},"image":{"@id":"https:\/\/www.cambrapropietatgirona.com\/es\/que-desahucios-han-quedado-suspendidos-durante-el-estado-de-alarma\/#primaryimage"},"thumbnailUrl":"https:\/\/www.cambrapropietatgirona.com\/wp-content\/uploads\/2021\/03\/ISS_9875_11097.jpg","datePublished":"2021-03-31T14:42:26+00:00","dateModified":"2021-03-31T14:53:08+00:00","breadcrumb":{"@id":"https:\/\/www.cambrapropietatgirona.com\/es\/que-desahucios-han-quedado-suspendidos-durante-el-estado-de-alarma\/#breadcrumb"},"inLanguage":"es-ES","potentialAction":[{"@type":"ReadAction","target":["https:\/\/www.cambrapropietatgirona.com\/es\/que-desahucios-han-quedado-suspendidos-durante-el-estado-de-alarma\/"]}]},{"@type":"ImageObject","inLanguage":"es-ES","@id":"https:\/\/www.cambrapropietatgirona.com\/es\/que-desahucios-han-quedado-suspendidos-durante-el-estado-de-alarma\/#primaryimage","url":"https:\/\/www.cambrapropietatgirona.com\/wp-content\/uploads\/2021\/03\/ISS_9875_11097.jpg","contentUrl":"https:\/\/www.cambrapropietatgirona.com\/wp-content\/uploads\/2021\/03\/ISS_9875_11097.jpg","width":932,"height":622,"caption":"Sad evicted tenant moving home boxing belongings sitting on the floor in the night"},{"@type":"BreadcrumbList","@id":"https:\/\/www.cambrapropietatgirona.com\/es\/que-desahucios-han-quedado-suspendidos-durante-el-estado-de-alarma\/#breadcrumb","itemListElement":[{"@type":"ListItem","position":1,"name":"Inici","item":"https:\/\/www.cambrapropietatgirona.com\/"},{"@type":"ListItem","position":2,"name":"Qu\u00e9 desahucios han quedado suspendidos durante el estado de alarma?"}]},{"@type":"WebSite","@id":"https:\/\/www.cambrapropietatgirona.com\/#website","url":"https:\/\/www.cambrapropietatgirona.com\/","name":"Cambra de la Propietat Urbana de Girona","description":"Serveis immobiliaris integrals als propietaris","publisher":{"@id":"https:\/\/www.cambrapropietatgirona.com\/#organization"},"potentialAction":[{"@type":"SearchAction","target":{"@type":"EntryPoint","urlTemplate":"https:\/\/www.cambrapropietatgirona.com\/?s={search_term_string}"},"query-input":{"@type":"PropertyValueSpecification","valueRequired":true,"valueName":"search_term_string"}}],"inLanguage":"es-ES"},{"@type":"Organization","@id":"https:\/\/www.cambrapropietatgirona.com\/#organization","name":"Cambra de la Propietat Urbana de Girona","url":"https:\/\/www.cambrapropietatgirona.com\/","logo":{"@type":"ImageObject","inLanguage":"es-ES","@id":"https:\/\/www.cambrapropietatgirona.com\/#\/schema\/logo\/image\/","url":"https:\/\/www.cambrapropietatgirona.com\/wp-content\/uploads\/2018\/01\/favicon.jpg","contentUrl":"https:\/\/www.cambrapropietatgirona.com\/wp-content\/uploads\/2018\/01\/favicon.jpg","width":277,"height":269,"caption":"Cambra de la Propietat Urbana de Girona"},"image":{"@id":"https:\/\/www.cambrapropietatgirona.com\/#\/schema\/logo\/image\/"}},{"@type":"Person","@id":"https:\/\/www.cambrapropietatgirona.com\/#\/schema\/person\/839c74db646ec3d6738ce2dcf5b3447c","name":"AE5GBNi67xK1QkS","image":{"@type":"ImageObject","inLanguage":"es-ES","@id":"https:\/\/secure.gravatar.com\/avatar\/4a49b57693d82ed8aed27ea81234f80da517724ec1cc1f1fb4952b6cf4b80fd7?s=96&d=mm&r=g","url":"https:\/\/secure.gravatar.com\/avatar\/4a49b57693d82ed8aed27ea81234f80da517724ec1cc1f1fb4952b6cf4b80fd7?s=96&d=mm&r=g","contentUrl":"https:\/\/secure.gravatar.com\/avatar\/4a49b57693d82ed8aed27ea81234f80da517724ec1cc1f1fb4952b6cf4b80fd7?s=96&d=mm&r=g","caption":"AE5GBNi67xK1QkS"},"url":"https:\/\/www.cambrapropietatgirona.com\/es\/author\/ae5gbni67xk1qks\/"}]}},"_links":{"self":[{"href":"https:\/\/www.cambrapropietatgirona.com\/es\/wp-json\/wp\/v2\/posts\/3081","targetHints":{"allow":["GET"]}}],"collection":[{"href":"https:\/\/www.cambrapropietatgirona.com\/es\/wp-json\/wp\/v2\/posts"}],"about":[{"href":"https:\/\/www.cambrapropietatgirona.com\/es\/wp-json\/wp\/v2\/types\/post"}],"author":[{"embeddable":true,"href":"https:\/\/www.cambrapropietatgirona.com\/es\/wp-json\/wp\/v2\/users\/1"}],"replies":[{"embeddable":true,"href":"https:\/\/www.cambrapropietatgirona.com\/es\/wp-json\/wp\/v2\/comments?post=3081"}],"version-history":[{"count":3,"href":"https:\/\/www.cambrapropietatgirona.com\/es\/wp-json\/wp\/v2\/posts\/3081\/revisions"}],"predecessor-version":[{"id":3089,"href":"https:\/\/www.cambrapropietatgirona.com\/es\/wp-json\/wp\/v2\/posts\/3081\/revisions\/3089"}],"wp:featuredmedia":[{"embeddable":true,"href":"https:\/\/www.cambrapropietatgirona.com\/es\/wp-json\/wp\/v2\/media\/3082"}],"wp:attachment":[{"href":"https:\/\/www.cambrapropietatgirona.com\/es\/wp-json\/wp\/v2\/media?parent=3081"}],"wp:term":[{"taxonomy":"category","embeddable":true,"href":"https:\/\/www.cambrapropietatgirona.com\/es\/wp-json\/wp\/v2\/categories?post=3081"},{"taxonomy":"post_tag","embeddable":true,"href":"https:\/\/www.cambrapropietatgirona.com\/es\/wp-json\/wp\/v2\/tags?post=3081"}],"curies":[{"name":"wp","href":"https:\/\/api.w.org\/{rel}","templated":true}]}}