{"id":3071,"date":"2021-03-11T15:22:52","date_gmt":"2021-03-11T14:22:52","guid":{"rendered":"https:\/\/www.cambrapropietatgirona.com\/saprova-la-convocatoria-de-subvencions-per-a-persones-majors-de-65-anys-destinades-al-al-pagament-del-lloguer\/"},"modified":"2021-03-30T18:07:10","modified_gmt":"2021-03-30T16:07:10","slug":"saprova-la-convocatoria-de-subvencions-per-a-persones-majors-de-65-anys-destinades-al-al-pagament-del-lloguer","status":"publish","type":"post","link":"https:\/\/www.cambrapropietatgirona.com\/es\/saprova-la-convocatoria-de-subvencions-per-a-persones-majors-de-65-anys-destinades-al-al-pagament-del-lloguer\/","title":{"rendered":"Se aprueba la convocatoria de subvenciones para personas mayores de 65 a\u00f1os destinadas al al pago del alquiler"},"content":{"rendered":"<p>El pasado 5 de marzo de 2021 la Agencia de la Vivienda de Catalu\u00f1a public\u00f3 en el Bolet\u00edn Oficial la Resoluci\u00f3n TES \/ 585\/2021 de febrero, por la que se abre la convocatoria para el a\u00f1o 2021 por la concesi\u00f3n de subvenciones para el pago del alquiler a personas mayores.<\/p>\n<p><strong>\u00bfCu\u00e1l es el plazo para la solicitud?<br \/>\n<\/strong>El plazo se abre el 8 de marzo 2021 y finaliza el 30 de abril de 2021.<\/p>\n<p><strong>Quienes son los beneficiarios de estas ayudas?<br \/>\n<\/strong>Las personas de 65 a\u00f1os o m\u00e1s en riesgo de exclusi\u00f3n social y con un contrato de alquiler de vivienda habitual.<\/p>\n<p><strong>\u00bfQu\u00e9 requisitos deben cumplir los solicitantes?<\/strong><\/p>\n<ul>\n<li>Tener 65 a\u00f1os o m\u00e1s durante el a\u00f1o 2021.<\/li>\n<li>Residencia legal en Catalu\u00f1a.<\/li>\n<li>Estar en riesgo de exclusi\u00f3n social y acreditar unos ingresos de la unidad de convivencia no superiores a 2,83 veces el \u00cdndice de Riesgo Social de Catalu\u00f1a (IRSC). Los ingresos a computar lo ser\u00e1n en relaci\u00f3n a la declaraci\u00f3n de renta correspondiente al ejercicio 2019 y el IRSC para este mismo ejercicio se sit\u00faa en 7.967,63 \u20ac \/ anuales.<\/li>\n<li>La vivienda para el alquiler se solicita la subvenci\u00f3n debe ser el domicilio habitual y permanente del arrendatario y estar empadronado en \u00e9l.<\/li>\n<li>Debe tratarse de contratos de alquiler regulados por la Ley 9\/1994, de 24 de noviembre, por lo tanto, quedan excluidos los contratos de alquiler de vivienda anteriores a 01\/01\/1995.<\/li>\n<li>No pagar, dentro del \u00e1mbito de la provincia de Girona, un alquiler superior a 550 \u20ac \/ mes o, en su caso, 900 \u20ac \/ mes si hay alg\u00fan miembro con discapacidad dentro de la unidad de convivencia.<\/li>\n<li>Estar al corriente de pago de las rentas de alquiler en el momento de presentar la solicitud.<\/li>\n<li>Estar al corriente con las obligaciones tributarias tanto del Estado como de la Generalidad de Catalu\u00f1a, y las de la Seguridad Social.<\/li>\n<li>No estar en los supuestos de prohibici\u00f3n legal previsto en el art. 13 de la Ley estatal 38\/2003 de 17 de noviembre, que regula el R\u00e9gimen General de las subvenciones otorgadas por las administraciones p\u00fablicas.<\/li>\n<li>A partir del mes siguiente a la presentaci\u00f3n de la solicitud, pagar el alquiler de la vivienda mediante transferencia bancaria, o recibo domiciliado o recibo emitido por el administrador de la finca donde conste el pagador, la persona beneficiaria del pago y la mensualidad correspondiente.<\/li>\n<\/ul>\n<p><strong>\u00bfQu\u00e9 documentaci\u00f3n hay que presentar junto con la solicitud?<\/strong><\/p>\n<ul>\n<li>Documentaci\u00f3n de identidad vigente (DNI, NIE, etc ..)<\/li>\n<li>Justificantes de ingresos de la persona solicitante y de cada uno de los miembros de la unidad de convivencia a trav\u00e9s de la declaraci\u00f3n de IRPF correspondiente al ejercicio 2019. En caso de que la persona solicitante u otros miembros de la unidad de convivencia en edad laboral no est\u00e9n obligados a presentar declaraci\u00f3n de IRPF, o perciban pensiones o ayudas exentas de tributaci\u00f3n, deber\u00e1n presentar el correspondiente certificado de la Agencia Tributaria.<\/li>\n<li>Certificado de convivencia expedido por el Ayuntamiento que acredite el domicilio del solicitante y de las personas que forman la unidad de convivencia.<\/li>\n<li>Libro de familia.<\/li>\n<li>Contrato de alquiler a nombre de la persona solicitante junto con el modelo 2, que acredite el dep\u00f3sito de la fianza.<\/li>\n<li>Recibos de alquiler correspondientes al a\u00f1o de la convocatoria (2021) pagados hasta la fecha de la presentaci\u00f3n de la solicitud.<\/li>\n<li>Declaraci\u00f3n responsable de la persona solicitante de cumplir con los requisitos exigidos legalmente, y de no haber solicitado u obtenido otras ayudas p\u00fablicas o privadas con la misma finalidad.<\/li>\n<li>Certificado de no tener deudas con la Agencia Tributaria Estatal, la Tesorer\u00eda General de la Seguridad Social y la Agencia Tributaria de Catalu\u00f1a.<\/li>\n<li>Certificado con los datos bancarios donde ingresar la subvenci\u00f3n.<\/li>\n<li>En su caso, certificado que acredite el grado de disminuci\u00f3n o minusval\u00eda del Departamento de Trabajo, Asunto Sociales y Familias.<\/li>\n<\/ul>\n<p><strong>\u00bfCu\u00e1l es la cuant\u00eda de la subvenci\u00f3n?<\/strong><br \/>\nLa cuant\u00eda mensual de la subvenci\u00f3n se calcula por la diferencia entre el importe del alquiler que paga la persona arrendataria (alquiler pactado) y el importe que deber\u00eda pagar (alquiler justo) de acuerdo con los baremos que establecen las bases reguladoras de la convocatoria. Se tendr\u00e1 en cuenta para determinar la cuant\u00eda el recibo de alquiler correspondiente el mes anterior a la presentaci\u00f3n de la solicitud. El importe mensual de la subvenci\u00f3n ser\u00e1 de un m\u00e1ximo de 200 \u20ac y de un m\u00ednimo de 20 \u20ac y se otorga por todo el a\u00f1o 2021.<\/p>\n<p><strong>\u00bfCu\u00e1l es la dotaci\u00f3n presupuestaria de la Generalitat para esta convocatoria?<\/strong><br \/>\nEl importe m\u00e1ximo de la dotaci\u00f3n presupuestaria prevista es de 15.000.000 \u20ac (superior a la del a\u00f1o 2020 que lo fue de 2.000.000 \u20ac).<\/p>\n","protected":false},"excerpt":{"rendered":"<p>El pasado 5 de marzo de 2021 la Agencia de la Vivienda de Catalu\u00f1a public\u00f3 en el Bolet\u00edn Oficial la Resoluci\u00f3n TES \/ 585\/2021 de febrero, por la que se abre la convocatoria para el a\u00f1o 2021 por la concesi\u00f3n de subvenciones para el pago del alquiler a personas mayores. \u00bfCu\u00e1l es el plazo para [&hellip;]<\/p>\n","protected":false},"author":1,"featured_media":3045,"comment_status":"open","ping_status":"open","sticky":false,"template":"","format":"standard","meta":{"_acf_changed":false,"inline_featured_image":false,"disable_featured_image":false,"footnotes":""},"categories":[13,719],"tags":[762],"class_list":["post-3071","post","type-post","status-publish","format-standard","has-post-thumbnail","hentry","category-actualidad","category-arrendaments-es","tag-subvenciones"],"acf":[],"yoast_head":"<!-- This site is optimized with the Yoast SEO plugin v27.5 - https:\/\/yoast.com\/product\/yoast-seo-wordpress\/ -->\n<title>Se aprueba la convocatoria de subvenciones para personas mayores de 65 a\u00f1os destinadas al al pago del alquiler - Cambra de la Propietat Urbana de Girona<\/title>\n<meta name=\"robots\" content=\"index, follow, max-snippet:-1, max-image-preview:large, max-video-preview:-1\" \/>\n<link rel=\"canonical\" href=\"https:\/\/www.cambrapropietatgirona.com\/es\/saprova-la-convocatoria-de-subvencions-per-a-persones-majors-de-65-anys-destinades-al-al-pagament-del-lloguer\/\" \/>\n<meta property=\"og:locale\" content=\"es_ES\" \/>\n<meta property=\"og:type\" content=\"article\" \/>\n<meta property=\"og:title\" content=\"Se aprueba la convocatoria de subvenciones para personas mayores de 65 a\u00f1os destinadas al al pago del alquiler - Cambra de la Propietat Urbana de Girona\" \/>\n<meta property=\"og:description\" content=\"El pasado 5 de marzo de 2021 la Agencia de la Vivienda de Catalu\u00f1a public\u00f3 en el Bolet\u00edn Oficial la Resoluci\u00f3n TES \/ 585\/2021 de febrero, por la que se abre la convocatoria para el a\u00f1o 2021 por la concesi\u00f3n de subvenciones para el pago del alquiler a personas mayores. \u00bfCu\u00e1l es el plazo para [&hellip;]\" \/>\n<meta property=\"og:url\" content=\"https:\/\/www.cambrapropietatgirona.com\/es\/saprova-la-convocatoria-de-subvencions-per-a-persones-majors-de-65-anys-destinades-al-al-pagament-del-lloguer\/\" \/>\n<meta property=\"og:site_name\" content=\"Cambra de la Propietat Urbana de Girona\" \/>\n<meta property=\"article:published_time\" content=\"2021-03-11T14:22:52+00:00\" \/>\n<meta property=\"article:modified_time\" content=\"2021-03-30T16:07:10+00:00\" \/>\n<meta property=\"og:image\" content=\"https:\/\/www.cambrapropietatgirona.com\/wp-content\/uploads\/2021\/03\/ISS_26723_00511-1024x605.jpg\" \/>\n\t<meta property=\"og:image:width\" content=\"1024\" \/>\n\t<meta property=\"og:image:height\" content=\"605\" \/>\n\t<meta property=\"og:image:type\" content=\"image\/jpeg\" \/>\n<meta name=\"author\" content=\"AE5GBNi67xK1QkS\" \/>\n<meta name=\"twitter:card\" content=\"summary_large_image\" \/>\n<meta name=\"twitter:label1\" content=\"Written by\" \/>\n\t<meta name=\"twitter:data1\" content=\"AE5GBNi67xK1QkS\" \/>\n\t<meta name=\"twitter:label2\" content=\"Est. reading time\" \/>\n\t<meta name=\"twitter:data2\" content=\"4 minutes\" \/>\n<script type=\"application\/ld+json\" class=\"yoast-schema-graph\">{\"@context\":\"https:\\\/\\\/schema.org\",\"@graph\":[{\"@type\":\"Article\",\"@id\":\"https:\\\/\\\/www.cambrapropietatgirona.com\\\/es\\\/saprova-la-convocatoria-de-subvencions-per-a-persones-majors-de-65-anys-destinades-al-al-pagament-del-lloguer\\\/#article\",\"isPartOf\":{\"@id\":\"https:\\\/\\\/www.cambrapropietatgirona.com\\\/es\\\/saprova-la-convocatoria-de-subvencions-per-a-persones-majors-de-65-anys-destinades-al-al-pagament-del-lloguer\\\/\"},\"author\":{\"name\":\"AE5GBNi67xK1QkS\",\"@id\":\"https:\\\/\\\/www.cambrapropietatgirona.com\\\/#\\\/schema\\\/person\\\/839c74db646ec3d6738ce2dcf5b3447c\"},\"headline\":\"Se aprueba la convocatoria de subvenciones para personas mayores de 65 a\u00f1os destinadas al al pago del alquiler\",\"datePublished\":\"2021-03-11T14:22:52+00:00\",\"dateModified\":\"2021-03-30T16:07:10+00:00\",\"mainEntityOfPage\":{\"@id\":\"https:\\\/\\\/www.cambrapropietatgirona.com\\\/es\\\/saprova-la-convocatoria-de-subvencions-per-a-persones-majors-de-65-anys-destinades-al-al-pagament-del-lloguer\\\/\"},\"wordCount\":799,\"commentCount\":0,\"publisher\":{\"@id\":\"https:\\\/\\\/www.cambrapropietatgirona.com\\\/#organization\"},\"image\":{\"@id\":\"https:\\\/\\\/www.cambrapropietatgirona.com\\\/es\\\/saprova-la-convocatoria-de-subvencions-per-a-persones-majors-de-65-anys-destinades-al-al-pagament-del-lloguer\\\/#primaryimage\"},\"thumbnailUrl\":\"https:\\\/\\\/www.cambrapropietatgirona.com\\\/wp-content\\\/uploads\\\/2021\\\/03\\\/ISS_26723_00511.jpg\",\"keywords\":[\"subvenciones\"],\"articleSection\":[\"Actualidad\",\"Arrendaments\"],\"inLanguage\":\"es-ES\",\"potentialAction\":[{\"@type\":\"CommentAction\",\"name\":\"Comment\",\"target\":[\"https:\\\/\\\/www.cambrapropietatgirona.com\\\/es\\\/saprova-la-convocatoria-de-subvencions-per-a-persones-majors-de-65-anys-destinades-al-al-pagament-del-lloguer\\\/#respond\"]}]},{\"@type\":\"WebPage\",\"@id\":\"https:\\\/\\\/www.cambrapropietatgirona.com\\\/es\\\/saprova-la-convocatoria-de-subvencions-per-a-persones-majors-de-65-anys-destinades-al-al-pagament-del-lloguer\\\/\",\"url\":\"https:\\\/\\\/www.cambrapropietatgirona.com\\\/es\\\/saprova-la-convocatoria-de-subvencions-per-a-persones-majors-de-65-anys-destinades-al-al-pagament-del-lloguer\\\/\",\"name\":\"Se aprueba la convocatoria de subvenciones para personas mayores de 65 a\u00f1os destinadas al al pago del alquiler - Cambra de la Propietat Urbana de Girona\",\"isPartOf\":{\"@id\":\"https:\\\/\\\/www.cambrapropietatgirona.com\\\/#website\"},\"primaryImageOfPage\":{\"@id\":\"https:\\\/\\\/www.cambrapropietatgirona.com\\\/es\\\/saprova-la-convocatoria-de-subvencions-per-a-persones-majors-de-65-anys-destinades-al-al-pagament-del-lloguer\\\/#primaryimage\"},\"image\":{\"@id\":\"https:\\\/\\\/www.cambrapropietatgirona.com\\\/es\\\/saprova-la-convocatoria-de-subvencions-per-a-persones-majors-de-65-anys-destinades-al-al-pagament-del-lloguer\\\/#primaryimage\"},\"thumbnailUrl\":\"https:\\\/\\\/www.cambrapropietatgirona.com\\\/wp-content\\\/uploads\\\/2021\\\/03\\\/ISS_26723_00511.jpg\",\"datePublished\":\"2021-03-11T14:22:52+00:00\",\"dateModified\":\"2021-03-30T16:07:10+00:00\",\"breadcrumb\":{\"@id\":\"https:\\\/\\\/www.cambrapropietatgirona.com\\\/es\\\/saprova-la-convocatoria-de-subvencions-per-a-persones-majors-de-65-anys-destinades-al-al-pagament-del-lloguer\\\/#breadcrumb\"},\"inLanguage\":\"es-ES\",\"potentialAction\":[{\"@type\":\"ReadAction\",\"target\":[\"https:\\\/\\\/www.cambrapropietatgirona.com\\\/es\\\/saprova-la-convocatoria-de-subvencions-per-a-persones-majors-de-65-anys-destinades-al-al-pagament-del-lloguer\\\/\"]}]},{\"@type\":\"ImageObject\",\"inLanguage\":\"es-ES\",\"@id\":\"https:\\\/\\\/www.cambrapropietatgirona.com\\\/es\\\/saprova-la-convocatoria-de-subvencions-per-a-persones-majors-de-65-anys-destinades-al-al-pagament-del-lloguer\\\/#primaryimage\",\"url\":\"https:\\\/\\\/www.cambrapropietatgirona.com\\\/wp-content\\\/uploads\\\/2021\\\/03\\\/ISS_26723_00511.jpg\",\"contentUrl\":\"https:\\\/\\\/www.cambrapropietatgirona.com\\\/wp-content\\\/uploads\\\/2021\\\/03\\\/ISS_26723_00511.jpg\",\"width\":2560,\"height\":1513,\"caption\":\"Smiling satisfied senior couple making sale purchase deal concluding contract from real estate agent,happy older family and broker shake hands agreeing to buy new house at meeting.\"},{\"@type\":\"BreadcrumbList\",\"@id\":\"https:\\\/\\\/www.cambrapropietatgirona.com\\\/es\\\/saprova-la-convocatoria-de-subvencions-per-a-persones-majors-de-65-anys-destinades-al-al-pagament-del-lloguer\\\/#breadcrumb\",\"itemListElement\":[{\"@type\":\"ListItem\",\"position\":1,\"name\":\"Inici\",\"item\":\"https:\\\/\\\/www.cambrapropietatgirona.com\\\/\"},{\"@type\":\"ListItem\",\"position\":2,\"name\":\"Se aprueba la convocatoria de subvenciones para personas mayores de 65 a\u00f1os destinadas al al pago del alquiler\"}]},{\"@type\":\"WebSite\",\"@id\":\"https:\\\/\\\/www.cambrapropietatgirona.com\\\/#website\",\"url\":\"https:\\\/\\\/www.cambrapropietatgirona.com\\\/\",\"name\":\"Cambra de la Propietat Urbana de Girona\",\"description\":\"Serveis immobiliaris integrals als propietaris\",\"publisher\":{\"@id\":\"https:\\\/\\\/www.cambrapropietatgirona.com\\\/#organization\"},\"potentialAction\":[{\"@type\":\"SearchAction\",\"target\":{\"@type\":\"EntryPoint\",\"urlTemplate\":\"https:\\\/\\\/www.cambrapropietatgirona.com\\\/?s={search_term_string}\"},\"query-input\":{\"@type\":\"PropertyValueSpecification\",\"valueRequired\":true,\"valueName\":\"search_term_string\"}}],\"inLanguage\":\"es-ES\"},{\"@type\":\"Organization\",\"@id\":\"https:\\\/\\\/www.cambrapropietatgirona.com\\\/#organization\",\"name\":\"Cambra de la Propietat Urbana de Girona\",\"url\":\"https:\\\/\\\/www.cambrapropietatgirona.com\\\/\",\"logo\":{\"@type\":\"ImageObject\",\"inLanguage\":\"es-ES\",\"@id\":\"https:\\\/\\\/www.cambrapropietatgirona.com\\\/#\\\/schema\\\/logo\\\/image\\\/\",\"url\":\"https:\\\/\\\/www.cambrapropietatgirona.com\\\/wp-content\\\/uploads\\\/2018\\\/01\\\/favicon.jpg\",\"contentUrl\":\"https:\\\/\\\/www.cambrapropietatgirona.com\\\/wp-content\\\/uploads\\\/2018\\\/01\\\/favicon.jpg\",\"width\":277,\"height\":269,\"caption\":\"Cambra de la Propietat Urbana de Girona\"},\"image\":{\"@id\":\"https:\\\/\\\/www.cambrapropietatgirona.com\\\/#\\\/schema\\\/logo\\\/image\\\/\"}},{\"@type\":\"Person\",\"@id\":\"https:\\\/\\\/www.cambrapropietatgirona.com\\\/#\\\/schema\\\/person\\\/839c74db646ec3d6738ce2dcf5b3447c\",\"name\":\"AE5GBNi67xK1QkS\",\"image\":{\"@type\":\"ImageObject\",\"inLanguage\":\"es-ES\",\"@id\":\"https:\\\/\\\/secure.gravatar.com\\\/avatar\\\/4a49b57693d82ed8aed27ea81234f80da517724ec1cc1f1fb4952b6cf4b80fd7?s=96&d=mm&r=g\",\"url\":\"https:\\\/\\\/secure.gravatar.com\\\/avatar\\\/4a49b57693d82ed8aed27ea81234f80da517724ec1cc1f1fb4952b6cf4b80fd7?s=96&d=mm&r=g\",\"contentUrl\":\"https:\\\/\\\/secure.gravatar.com\\\/avatar\\\/4a49b57693d82ed8aed27ea81234f80da517724ec1cc1f1fb4952b6cf4b80fd7?s=96&d=mm&r=g\",\"caption\":\"AE5GBNi67xK1QkS\"},\"url\":\"https:\\\/\\\/www.cambrapropietatgirona.com\\\/es\\\/author\\\/ae5gbni67xk1qks\\\/\"}]}<\/script>\n<!-- \/ Yoast SEO plugin. -->","yoast_head_json":{"title":"Se aprueba la convocatoria de subvenciones para personas mayores de 65 a\u00f1os destinadas al al pago del alquiler - Cambra de la Propietat Urbana de Girona","robots":{"index":"index","follow":"follow","max-snippet":"max-snippet:-1","max-image-preview":"max-image-preview:large","max-video-preview":"max-video-preview:-1"},"canonical":"https:\/\/www.cambrapropietatgirona.com\/es\/saprova-la-convocatoria-de-subvencions-per-a-persones-majors-de-65-anys-destinades-al-al-pagament-del-lloguer\/","og_locale":"es_ES","og_type":"article","og_title":"Se aprueba la convocatoria de subvenciones para personas mayores de 65 a\u00f1os destinadas al al pago del alquiler - Cambra de la Propietat Urbana de Girona","og_description":"El pasado 5 de marzo de 2021 la Agencia de la Vivienda de Catalu\u00f1a public\u00f3 en el Bolet\u00edn Oficial la Resoluci\u00f3n TES \/ 585\/2021 de febrero, por la que se abre la convocatoria para el a\u00f1o 2021 por la concesi\u00f3n de subvenciones para el pago del alquiler a personas mayores. \u00bfCu\u00e1l es el plazo para [&hellip;]","og_url":"https:\/\/www.cambrapropietatgirona.com\/es\/saprova-la-convocatoria-de-subvencions-per-a-persones-majors-de-65-anys-destinades-al-al-pagament-del-lloguer\/","og_site_name":"Cambra de la Propietat Urbana de Girona","article_published_time":"2021-03-11T14:22:52+00:00","article_modified_time":"2021-03-30T16:07:10+00:00","og_image":[{"width":1024,"height":605,"url":"https:\/\/www.cambrapropietatgirona.com\/wp-content\/uploads\/2021\/03\/ISS_26723_00511-1024x605.jpg","type":"image\/jpeg"}],"author":"AE5GBNi67xK1QkS","twitter_card":"summary_large_image","twitter_misc":{"Written by":"AE5GBNi67xK1QkS","Est. reading time":"4 minutes"},"schema":{"@context":"https:\/\/schema.org","@graph":[{"@type":"Article","@id":"https:\/\/www.cambrapropietatgirona.com\/es\/saprova-la-convocatoria-de-subvencions-per-a-persones-majors-de-65-anys-destinades-al-al-pagament-del-lloguer\/#article","isPartOf":{"@id":"https:\/\/www.cambrapropietatgirona.com\/es\/saprova-la-convocatoria-de-subvencions-per-a-persones-majors-de-65-anys-destinades-al-al-pagament-del-lloguer\/"},"author":{"name":"AE5GBNi67xK1QkS","@id":"https:\/\/www.cambrapropietatgirona.com\/#\/schema\/person\/839c74db646ec3d6738ce2dcf5b3447c"},"headline":"Se aprueba la convocatoria de subvenciones para personas mayores de 65 a\u00f1os destinadas al al pago del alquiler","datePublished":"2021-03-11T14:22:52+00:00","dateModified":"2021-03-30T16:07:10+00:00","mainEntityOfPage":{"@id":"https:\/\/www.cambrapropietatgirona.com\/es\/saprova-la-convocatoria-de-subvencions-per-a-persones-majors-de-65-anys-destinades-al-al-pagament-del-lloguer\/"},"wordCount":799,"commentCount":0,"publisher":{"@id":"https:\/\/www.cambrapropietatgirona.com\/#organization"},"image":{"@id":"https:\/\/www.cambrapropietatgirona.com\/es\/saprova-la-convocatoria-de-subvencions-per-a-persones-majors-de-65-anys-destinades-al-al-pagament-del-lloguer\/#primaryimage"},"thumbnailUrl":"https:\/\/www.cambrapropietatgirona.com\/wp-content\/uploads\/2021\/03\/ISS_26723_00511.jpg","keywords":["subvenciones"],"articleSection":["Actualidad","Arrendaments"],"inLanguage":"es-ES","potentialAction":[{"@type":"CommentAction","name":"Comment","target":["https:\/\/www.cambrapropietatgirona.com\/es\/saprova-la-convocatoria-de-subvencions-per-a-persones-majors-de-65-anys-destinades-al-al-pagament-del-lloguer\/#respond"]}]},{"@type":"WebPage","@id":"https:\/\/www.cambrapropietatgirona.com\/es\/saprova-la-convocatoria-de-subvencions-per-a-persones-majors-de-65-anys-destinades-al-al-pagament-del-lloguer\/","url":"https:\/\/www.cambrapropietatgirona.com\/es\/saprova-la-convocatoria-de-subvencions-per-a-persones-majors-de-65-anys-destinades-al-al-pagament-del-lloguer\/","name":"Se aprueba la convocatoria de subvenciones para personas mayores de 65 a\u00f1os destinadas al al pago del alquiler - Cambra de la Propietat Urbana de Girona","isPartOf":{"@id":"https:\/\/www.cambrapropietatgirona.com\/#website"},"primaryImageOfPage":{"@id":"https:\/\/www.cambrapropietatgirona.com\/es\/saprova-la-convocatoria-de-subvencions-per-a-persones-majors-de-65-anys-destinades-al-al-pagament-del-lloguer\/#primaryimage"},"image":{"@id":"https:\/\/www.cambrapropietatgirona.com\/es\/saprova-la-convocatoria-de-subvencions-per-a-persones-majors-de-65-anys-destinades-al-al-pagament-del-lloguer\/#primaryimage"},"thumbnailUrl":"https:\/\/www.cambrapropietatgirona.com\/wp-content\/uploads\/2021\/03\/ISS_26723_00511.jpg","datePublished":"2021-03-11T14:22:52+00:00","dateModified":"2021-03-30T16:07:10+00:00","breadcrumb":{"@id":"https:\/\/www.cambrapropietatgirona.com\/es\/saprova-la-convocatoria-de-subvencions-per-a-persones-majors-de-65-anys-destinades-al-al-pagament-del-lloguer\/#breadcrumb"},"inLanguage":"es-ES","potentialAction":[{"@type":"ReadAction","target":["https:\/\/www.cambrapropietatgirona.com\/es\/saprova-la-convocatoria-de-subvencions-per-a-persones-majors-de-65-anys-destinades-al-al-pagament-del-lloguer\/"]}]},{"@type":"ImageObject","inLanguage":"es-ES","@id":"https:\/\/www.cambrapropietatgirona.com\/es\/saprova-la-convocatoria-de-subvencions-per-a-persones-majors-de-65-anys-destinades-al-al-pagament-del-lloguer\/#primaryimage","url":"https:\/\/www.cambrapropietatgirona.com\/wp-content\/uploads\/2021\/03\/ISS_26723_00511.jpg","contentUrl":"https:\/\/www.cambrapropietatgirona.com\/wp-content\/uploads\/2021\/03\/ISS_26723_00511.jpg","width":2560,"height":1513,"caption":"Smiling satisfied senior couple making sale purchase deal concluding contract from real estate agent,happy older family and broker shake hands agreeing to buy new house at meeting."},{"@type":"BreadcrumbList","@id":"https:\/\/www.cambrapropietatgirona.com\/es\/saprova-la-convocatoria-de-subvencions-per-a-persones-majors-de-65-anys-destinades-al-al-pagament-del-lloguer\/#breadcrumb","itemListElement":[{"@type":"ListItem","position":1,"name":"Inici","item":"https:\/\/www.cambrapropietatgirona.com\/"},{"@type":"ListItem","position":2,"name":"Se aprueba la convocatoria de subvenciones para personas mayores de 65 a\u00f1os destinadas al al pago del alquiler"}]},{"@type":"WebSite","@id":"https:\/\/www.cambrapropietatgirona.com\/#website","url":"https:\/\/www.cambrapropietatgirona.com\/","name":"Cambra de la Propietat Urbana de Girona","description":"Serveis immobiliaris integrals als propietaris","publisher":{"@id":"https:\/\/www.cambrapropietatgirona.com\/#organization"},"potentialAction":[{"@type":"SearchAction","target":{"@type":"EntryPoint","urlTemplate":"https:\/\/www.cambrapropietatgirona.com\/?s={search_term_string}"},"query-input":{"@type":"PropertyValueSpecification","valueRequired":true,"valueName":"search_term_string"}}],"inLanguage":"es-ES"},{"@type":"Organization","@id":"https:\/\/www.cambrapropietatgirona.com\/#organization","name":"Cambra de la Propietat Urbana de Girona","url":"https:\/\/www.cambrapropietatgirona.com\/","logo":{"@type":"ImageObject","inLanguage":"es-ES","@id":"https:\/\/www.cambrapropietatgirona.com\/#\/schema\/logo\/image\/","url":"https:\/\/www.cambrapropietatgirona.com\/wp-content\/uploads\/2018\/01\/favicon.jpg","contentUrl":"https:\/\/www.cambrapropietatgirona.com\/wp-content\/uploads\/2018\/01\/favicon.jpg","width":277,"height":269,"caption":"Cambra de la Propietat Urbana de Girona"},"image":{"@id":"https:\/\/www.cambrapropietatgirona.com\/#\/schema\/logo\/image\/"}},{"@type":"Person","@id":"https:\/\/www.cambrapropietatgirona.com\/#\/schema\/person\/839c74db646ec3d6738ce2dcf5b3447c","name":"AE5GBNi67xK1QkS","image":{"@type":"ImageObject","inLanguage":"es-ES","@id":"https:\/\/secure.gravatar.com\/avatar\/4a49b57693d82ed8aed27ea81234f80da517724ec1cc1f1fb4952b6cf4b80fd7?s=96&d=mm&r=g","url":"https:\/\/secure.gravatar.com\/avatar\/4a49b57693d82ed8aed27ea81234f80da517724ec1cc1f1fb4952b6cf4b80fd7?s=96&d=mm&r=g","contentUrl":"https:\/\/secure.gravatar.com\/avatar\/4a49b57693d82ed8aed27ea81234f80da517724ec1cc1f1fb4952b6cf4b80fd7?s=96&d=mm&r=g","caption":"AE5GBNi67xK1QkS"},"url":"https:\/\/www.cambrapropietatgirona.com\/es\/author\/ae5gbni67xk1qks\/"}]}},"_links":{"self":[{"href":"https:\/\/www.cambrapropietatgirona.com\/es\/wp-json\/wp\/v2\/posts\/3071","targetHints":{"allow":["GET"]}}],"collection":[{"href":"https:\/\/www.cambrapropietatgirona.com\/es\/wp-json\/wp\/v2\/posts"}],"about":[{"href":"https:\/\/www.cambrapropietatgirona.com\/es\/wp-json\/wp\/v2\/types\/post"}],"author":[{"embeddable":true,"href":"https:\/\/www.cambrapropietatgirona.com\/es\/wp-json\/wp\/v2\/users\/1"}],"replies":[{"embeddable":true,"href":"https:\/\/www.cambrapropietatgirona.com\/es\/wp-json\/wp\/v2\/comments?post=3071"}],"version-history":[{"count":2,"href":"https:\/\/www.cambrapropietatgirona.com\/es\/wp-json\/wp\/v2\/posts\/3071\/revisions"}],"predecessor-version":[{"id":3076,"href":"https:\/\/www.cambrapropietatgirona.com\/es\/wp-json\/wp\/v2\/posts\/3071\/revisions\/3076"}],"wp:featuredmedia":[{"embeddable":true,"href":"https:\/\/www.cambrapropietatgirona.com\/es\/wp-json\/wp\/v2\/media\/3045"}],"wp:attachment":[{"href":"https:\/\/www.cambrapropietatgirona.com\/es\/wp-json\/wp\/v2\/media?parent=3071"}],"wp:term":[{"taxonomy":"category","embeddable":true,"href":"https:\/\/www.cambrapropietatgirona.com\/es\/wp-json\/wp\/v2\/categories?post=3071"},{"taxonomy":"post_tag","embeddable":true,"href":"https:\/\/www.cambrapropietatgirona.com\/es\/wp-json\/wp\/v2\/tags?post=3071"}],"curies":[{"name":"wp","href":"https:\/\/api.w.org\/{rel}","templated":true}]}}