{"id":2630,"date":"2020-07-02T11:39:38","date_gmt":"2020-07-02T09:39:38","guid":{"rendered":"http:\/\/www.cambrapropietatgirona.com\/les-reunions-de-comunitat-de-veins-no-seran-obligatories-fins-labril-vinent\/"},"modified":"2020-07-02T11:59:10","modified_gmt":"2020-07-02T09:59:10","slug":"las-reuniones-de-comunidad-de-vecinos-no-seran-obligatorias-hasta-el-proximo-abril","status":"publish","type":"post","link":"https:\/\/www.cambrapropietatgirona.com\/es\/las-reuniones-de-comunidad-de-vecinos-no-seran-obligatorias-hasta-el-proximo-abril\/","title":{"rendered":"Las reuniones de comunidad de vecinos no ser\u00e1n obligatorias hasta el pr\u00f3ximo abril"},"content":{"rendered":"<p>Dentro de las medidas sanitarias tomadas por la Generalitat en relaci\u00f3n a la pandemia de la Covid-19, mediante el decreto ley 26\/2020 de 23 de junio, se decreta <strong>la suspensi\u00f3n de la obligaci\u00f3n de convocar reuniones de Comunidad de Propietarios hasta el 30 de abril de 2.021<\/strong>.<\/p>\n<p>De todos modos<strong> las comunidades que lo determinen pueden hacer sus reuniones presencialmente<\/strong>. En este caso se deber\u00e1n tomar las medidas preventivas que sean vigentes en cada momento. Actualmente habr\u00e1 que utilizar las mascarillas, guardar 1,5 metros de distancia de seguridad entre las personas, 2,5 m<sup>2<\/sup> de espacio por persona y aplicar las medidas pertinentes de higiene y desinfecci\u00f3n de los espacios, mesas, sillas y dem\u00e1s puntos de contacto entre otros que se puedan creer oportunas.<\/p>\n<p>Como ya se determin\u00f3 en la regulaci\u00f3n del mes de febrero, en caso de necesitarlo, se permite a las Comunidades, aunque no lo tengan recogido en sus estatutos, <strong>adoptar acuerdos mediante videoconferencia<\/strong> siempre que est\u00e9 garantizada la identificaci\u00f3n de los asistentes, la continuidad de la comunicaci\u00f3n, la posibilidad de intervenir en las deliberaciones y la emisi\u00f3n del voto.<\/p>\n<p>Tambi\u00e9n se permite a las Comunidades <strong>adoptar acuerdos sin hacer reuni\u00f3n<\/strong>, mediante la emisi\u00f3n de votos por correo postal o electr\u00f3nico siempre que se pueda garantizar la autenticidad del voto y quede constancia de la recepci\u00f3n de los votos. Con esta modalidad se debe garantizar que los copropietarios dispongan de toda la informaci\u00f3n de las diferentes opciones que se someten a votaci\u00f3n.<\/p>\n<p>Aquellas comunidades que determinen no hacer la reuni\u00f3n, mantendr\u00e1n prorrogado el \u00faltimo presupuesto ordinario en todos sus importes y a partir de abril de 2021, se proceder\u00e1 a la liquidaci\u00f3n de los dos presupuestos.<\/p>\n<p>Cada Comunidad vive situaciones diferentes, y con necesidades diversas a la hora de tomar decisiones. As\u00ed las Comunidades que no est\u00e1n afectadas por cuestiones graves o urgentes pueden evitar cualquier riesgo de contagio y aplazar la reuni\u00f3n ordinaria hasta abril de 2021, mientras otros m\u00e1s necesitadas de debatir y acordar temas importantes pueden convocar y realizar las reuniones atendiendo a todas las medidas preventivas de contagio vigentes o adoptar acuerdos sin reuni\u00f3n, mediante la emisi\u00f3n de las votaciones por correo electr\u00f3nico o postal y finalmente la soluci\u00f3n de la videoconferencia, que en cuanto el n\u00famero de copropietarios es grande, habitualmente presenta muchas dificultades t\u00e9cnicas atendiendo la necesidad de que todos y cada uno de los vecinos debe disponer de la tecnolog\u00eda suficiente para mantener la videollamada y esto, dada la diversidad social que tienen las comunidades, hoy por hoy es una opci\u00f3n dif\u00edcil.<\/p>\n","protected":false},"excerpt":{"rendered":"<p>Dentro de las medidas sanitarias tomadas por la Generalitat en relaci\u00f3n a la pandemia de la Covid-19, mediante el decreto ley 26\/2020 de 23 de junio, se decreta la suspensi\u00f3n de la obligaci\u00f3n de convocar reuniones de Comunidad de Propietarios hasta el 30 de abril de 2.021. De todos modos las comunidades que lo determinen [&hellip;]<\/p>\n","protected":false},"author":1,"featured_media":2628,"comment_status":"open","ping_status":"open","sticky":false,"template":"","format":"standard","meta":{"_acf_changed":false,"inline_featured_image":false,"disable_featured_image":false,"footnotes":""},"categories":[13,16],"tags":[732,730,731],"class_list":["post-2630","post","type-post","status-publish","format-standard","has-post-thumbnail","hentry","category-actualidad","category-comunidades","tag-comunidad-de-vecinos","tag-comunitat-de-veins-es","tag-reunions-es"],"acf":[],"yoast_head":"<!-- This site is optimized with the Yoast SEO plugin v27.5 - https:\/\/yoast.com\/product\/yoast-seo-wordpress\/ -->\n<title>Las reuniones de comunidad de vecinos no ser\u00e1n obligatorias hasta el pr\u00f3ximo abril - Cambra de la Propietat Urbana de Girona<\/title>\n<meta name=\"robots\" content=\"index, follow, max-snippet:-1, max-image-preview:large, max-video-preview:-1\" \/>\n<link rel=\"canonical\" href=\"https:\/\/www.cambrapropietatgirona.com\/es\/las-reuniones-de-comunidad-de-vecinos-no-seran-obligatorias-hasta-el-proximo-abril\/\" \/>\n<meta property=\"og:locale\" content=\"es_ES\" \/>\n<meta property=\"og:type\" content=\"article\" \/>\n<meta property=\"og:title\" content=\"Las reuniones de comunidad de vecinos no ser\u00e1n obligatorias hasta el pr\u00f3ximo abril - Cambra de la Propietat Urbana de Girona\" \/>\n<meta property=\"og:description\" content=\"Dentro de las medidas sanitarias tomadas por la Generalitat en relaci\u00f3n a la pandemia de la Covid-19, mediante el decreto ley 26\/2020 de 23 de junio, se decreta la suspensi\u00f3n de la obligaci\u00f3n de convocar reuniones de Comunidad de Propietarios hasta el 30 de abril de 2.021. De todos modos las comunidades que lo determinen [&hellip;]\" \/>\n<meta property=\"og:url\" content=\"https:\/\/www.cambrapropietatgirona.com\/es\/las-reuniones-de-comunidad-de-vecinos-no-seran-obligatorias-hasta-el-proximo-abril\/\" \/>\n<meta property=\"og:site_name\" content=\"Cambra de la Propietat Urbana de Girona\" \/>\n<meta property=\"article:published_time\" content=\"2020-07-02T09:39:38+00:00\" \/>\n<meta property=\"article:modified_time\" content=\"2020-07-02T09:59:10+00:00\" \/>\n<meta property=\"og:image\" content=\"https:\/\/www.cambrapropietatgirona.com\/wp-content\/uploads\/2020\/07\/02a16m5r.jpg\" \/>\n\t<meta property=\"og:image:width\" content=\"1054\" \/>\n\t<meta property=\"og:image:height\" content=\"687\" \/>\n\t<meta property=\"og:image:type\" content=\"image\/jpeg\" \/>\n<meta name=\"author\" content=\"AE5GBNi67xK1QkS\" \/>\n<meta name=\"twitter:card\" content=\"summary_large_image\" \/>\n<meta name=\"twitter:label1\" content=\"Written by\" \/>\n\t<meta name=\"twitter:data1\" content=\"AE5GBNi67xK1QkS\" \/>\n\t<meta name=\"twitter:label2\" content=\"Est. reading time\" \/>\n\t<meta name=\"twitter:data2\" content=\"2 minutes\" \/>\n<script type=\"application\/ld+json\" class=\"yoast-schema-graph\">{\"@context\":\"https:\\\/\\\/schema.org\",\"@graph\":[{\"@type\":\"Article\",\"@id\":\"https:\\\/\\\/www.cambrapropietatgirona.com\\\/es\\\/las-reuniones-de-comunidad-de-vecinos-no-seran-obligatorias-hasta-el-proximo-abril\\\/#article\",\"isPartOf\":{\"@id\":\"https:\\\/\\\/www.cambrapropietatgirona.com\\\/es\\\/las-reuniones-de-comunidad-de-vecinos-no-seran-obligatorias-hasta-el-proximo-abril\\\/\"},\"author\":{\"name\":\"AE5GBNi67xK1QkS\",\"@id\":\"https:\\\/\\\/www.cambrapropietatgirona.com\\\/#\\\/schema\\\/person\\\/839c74db646ec3d6738ce2dcf5b3447c\"},\"headline\":\"Las reuniones de comunidad de vecinos no ser\u00e1n obligatorias hasta el pr\u00f3ximo abril\",\"datePublished\":\"2020-07-02T09:39:38+00:00\",\"dateModified\":\"2020-07-02T09:59:10+00:00\",\"mainEntityOfPage\":{\"@id\":\"https:\\\/\\\/www.cambrapropietatgirona.com\\\/es\\\/las-reuniones-de-comunidad-de-vecinos-no-seran-obligatorias-hasta-el-proximo-abril\\\/\"},\"wordCount\":459,\"commentCount\":0,\"publisher\":{\"@id\":\"https:\\\/\\\/www.cambrapropietatgirona.com\\\/#organization\"},\"image\":{\"@id\":\"https:\\\/\\\/www.cambrapropietatgirona.com\\\/es\\\/las-reuniones-de-comunidad-de-vecinos-no-seran-obligatorias-hasta-el-proximo-abril\\\/#primaryimage\"},\"thumbnailUrl\":\"https:\\\/\\\/www.cambrapropietatgirona.com\\\/wp-content\\\/uploads\\\/2020\\\/07\\\/02a16m5r.jpg\",\"keywords\":[\"comunidad de vecinos\",\"comunitat de ve\u00efns\",\"reunions\"],\"articleSection\":[\"Actualidad\",\"Comunidades\"],\"inLanguage\":\"es-ES\",\"potentialAction\":[{\"@type\":\"CommentAction\",\"name\":\"Comment\",\"target\":[\"https:\\\/\\\/www.cambrapropietatgirona.com\\\/es\\\/las-reuniones-de-comunidad-de-vecinos-no-seran-obligatorias-hasta-el-proximo-abril\\\/#respond\"]}]},{\"@type\":\"WebPage\",\"@id\":\"https:\\\/\\\/www.cambrapropietatgirona.com\\\/es\\\/las-reuniones-de-comunidad-de-vecinos-no-seran-obligatorias-hasta-el-proximo-abril\\\/\",\"url\":\"https:\\\/\\\/www.cambrapropietatgirona.com\\\/es\\\/las-reuniones-de-comunidad-de-vecinos-no-seran-obligatorias-hasta-el-proximo-abril\\\/\",\"name\":\"Las reuniones de comunidad de vecinos no ser\u00e1n obligatorias hasta el pr\u00f3ximo abril - Cambra de la Propietat Urbana de Girona\",\"isPartOf\":{\"@id\":\"https:\\\/\\\/www.cambrapropietatgirona.com\\\/#website\"},\"primaryImageOfPage\":{\"@id\":\"https:\\\/\\\/www.cambrapropietatgirona.com\\\/es\\\/las-reuniones-de-comunidad-de-vecinos-no-seran-obligatorias-hasta-el-proximo-abril\\\/#primaryimage\"},\"image\":{\"@id\":\"https:\\\/\\\/www.cambrapropietatgirona.com\\\/es\\\/las-reuniones-de-comunidad-de-vecinos-no-seran-obligatorias-hasta-el-proximo-abril\\\/#primaryimage\"},\"thumbnailUrl\":\"https:\\\/\\\/www.cambrapropietatgirona.com\\\/wp-content\\\/uploads\\\/2020\\\/07\\\/02a16m5r.jpg\",\"datePublished\":\"2020-07-02T09:39:38+00:00\",\"dateModified\":\"2020-07-02T09:59:10+00:00\",\"breadcrumb\":{\"@id\":\"https:\\\/\\\/www.cambrapropietatgirona.com\\\/es\\\/las-reuniones-de-comunidad-de-vecinos-no-seran-obligatorias-hasta-el-proximo-abril\\\/#breadcrumb\"},\"inLanguage\":\"es-ES\",\"potentialAction\":[{\"@type\":\"ReadAction\",\"target\":[\"https:\\\/\\\/www.cambrapropietatgirona.com\\\/es\\\/las-reuniones-de-comunidad-de-vecinos-no-seran-obligatorias-hasta-el-proximo-abril\\\/\"]}]},{\"@type\":\"ImageObject\",\"inLanguage\":\"es-ES\",\"@id\":\"https:\\\/\\\/www.cambrapropietatgirona.com\\\/es\\\/las-reuniones-de-comunidad-de-vecinos-no-seran-obligatorias-hasta-el-proximo-abril\\\/#primaryimage\",\"url\":\"https:\\\/\\\/www.cambrapropietatgirona.com\\\/wp-content\\\/uploads\\\/2020\\\/07\\\/02a16m5r.jpg\",\"contentUrl\":\"https:\\\/\\\/www.cambrapropietatgirona.com\\\/wp-content\\\/uploads\\\/2020\\\/07\\\/02a16m5r.jpg\",\"width\":1054,\"height\":687,\"caption\":\"meeting room\"},{\"@type\":\"BreadcrumbList\",\"@id\":\"https:\\\/\\\/www.cambrapropietatgirona.com\\\/es\\\/las-reuniones-de-comunidad-de-vecinos-no-seran-obligatorias-hasta-el-proximo-abril\\\/#breadcrumb\",\"itemListElement\":[{\"@type\":\"ListItem\",\"position\":1,\"name\":\"Inici\",\"item\":\"https:\\\/\\\/www.cambrapropietatgirona.com\\\/\"},{\"@type\":\"ListItem\",\"position\":2,\"name\":\"Las reuniones de comunidad de vecinos no ser\u00e1n obligatorias hasta el pr\u00f3ximo abril\"}]},{\"@type\":\"WebSite\",\"@id\":\"https:\\\/\\\/www.cambrapropietatgirona.com\\\/#website\",\"url\":\"https:\\\/\\\/www.cambrapropietatgirona.com\\\/\",\"name\":\"Cambra de la Propietat Urbana de Girona\",\"description\":\"Serveis immobiliaris integrals als propietaris\",\"publisher\":{\"@id\":\"https:\\\/\\\/www.cambrapropietatgirona.com\\\/#organization\"},\"potentialAction\":[{\"@type\":\"SearchAction\",\"target\":{\"@type\":\"EntryPoint\",\"urlTemplate\":\"https:\\\/\\\/www.cambrapropietatgirona.com\\\/?s={search_term_string}\"},\"query-input\":{\"@type\":\"PropertyValueSpecification\",\"valueRequired\":true,\"valueName\":\"search_term_string\"}}],\"inLanguage\":\"es-ES\"},{\"@type\":\"Organization\",\"@id\":\"https:\\\/\\\/www.cambrapropietatgirona.com\\\/#organization\",\"name\":\"Cambra de la Propietat Urbana de Girona\",\"url\":\"https:\\\/\\\/www.cambrapropietatgirona.com\\\/\",\"logo\":{\"@type\":\"ImageObject\",\"inLanguage\":\"es-ES\",\"@id\":\"https:\\\/\\\/www.cambrapropietatgirona.com\\\/#\\\/schema\\\/logo\\\/image\\\/\",\"url\":\"https:\\\/\\\/www.cambrapropietatgirona.com\\\/wp-content\\\/uploads\\\/2018\\\/01\\\/favicon.jpg\",\"contentUrl\":\"https:\\\/\\\/www.cambrapropietatgirona.com\\\/wp-content\\\/uploads\\\/2018\\\/01\\\/favicon.jpg\",\"width\":277,\"height\":269,\"caption\":\"Cambra de la Propietat Urbana de Girona\"},\"image\":{\"@id\":\"https:\\\/\\\/www.cambrapropietatgirona.com\\\/#\\\/schema\\\/logo\\\/image\\\/\"}},{\"@type\":\"Person\",\"@id\":\"https:\\\/\\\/www.cambrapropietatgirona.com\\\/#\\\/schema\\\/person\\\/839c74db646ec3d6738ce2dcf5b3447c\",\"name\":\"AE5GBNi67xK1QkS\",\"image\":{\"@type\":\"ImageObject\",\"inLanguage\":\"es-ES\",\"@id\":\"https:\\\/\\\/secure.gravatar.com\\\/avatar\\\/4a49b57693d82ed8aed27ea81234f80da517724ec1cc1f1fb4952b6cf4b80fd7?s=96&d=mm&r=g\",\"url\":\"https:\\\/\\\/secure.gravatar.com\\\/avatar\\\/4a49b57693d82ed8aed27ea81234f80da517724ec1cc1f1fb4952b6cf4b80fd7?s=96&d=mm&r=g\",\"contentUrl\":\"https:\\\/\\\/secure.gravatar.com\\\/avatar\\\/4a49b57693d82ed8aed27ea81234f80da517724ec1cc1f1fb4952b6cf4b80fd7?s=96&d=mm&r=g\",\"caption\":\"AE5GBNi67xK1QkS\"},\"url\":\"https:\\\/\\\/www.cambrapropietatgirona.com\\\/es\\\/author\\\/ae5gbni67xk1qks\\\/\"}]}<\/script>\n<!-- \/ Yoast SEO plugin. -->","yoast_head_json":{"title":"Las reuniones de comunidad de vecinos no ser\u00e1n obligatorias hasta el pr\u00f3ximo abril - Cambra de la Propietat Urbana de Girona","robots":{"index":"index","follow":"follow","max-snippet":"max-snippet:-1","max-image-preview":"max-image-preview:large","max-video-preview":"max-video-preview:-1"},"canonical":"https:\/\/www.cambrapropietatgirona.com\/es\/las-reuniones-de-comunidad-de-vecinos-no-seran-obligatorias-hasta-el-proximo-abril\/","og_locale":"es_ES","og_type":"article","og_title":"Las reuniones de comunidad de vecinos no ser\u00e1n obligatorias hasta el pr\u00f3ximo abril - Cambra de la Propietat Urbana de Girona","og_description":"Dentro de las medidas sanitarias tomadas por la Generalitat en relaci\u00f3n a la pandemia de la Covid-19, mediante el decreto ley 26\/2020 de 23 de junio, se decreta la suspensi\u00f3n de la obligaci\u00f3n de convocar reuniones de Comunidad de Propietarios hasta el 30 de abril de 2.021. De todos modos las comunidades que lo determinen [&hellip;]","og_url":"https:\/\/www.cambrapropietatgirona.com\/es\/las-reuniones-de-comunidad-de-vecinos-no-seran-obligatorias-hasta-el-proximo-abril\/","og_site_name":"Cambra de la Propietat Urbana de Girona","article_published_time":"2020-07-02T09:39:38+00:00","article_modified_time":"2020-07-02T09:59:10+00:00","og_image":[{"width":1054,"height":687,"url":"https:\/\/www.cambrapropietatgirona.com\/wp-content\/uploads\/2020\/07\/02a16m5r.jpg","type":"image\/jpeg"}],"author":"AE5GBNi67xK1QkS","twitter_card":"summary_large_image","twitter_misc":{"Written by":"AE5GBNi67xK1QkS","Est. reading time":"2 minutes"},"schema":{"@context":"https:\/\/schema.org","@graph":[{"@type":"Article","@id":"https:\/\/www.cambrapropietatgirona.com\/es\/las-reuniones-de-comunidad-de-vecinos-no-seran-obligatorias-hasta-el-proximo-abril\/#article","isPartOf":{"@id":"https:\/\/www.cambrapropietatgirona.com\/es\/las-reuniones-de-comunidad-de-vecinos-no-seran-obligatorias-hasta-el-proximo-abril\/"},"author":{"name":"AE5GBNi67xK1QkS","@id":"https:\/\/www.cambrapropietatgirona.com\/#\/schema\/person\/839c74db646ec3d6738ce2dcf5b3447c"},"headline":"Las reuniones de comunidad de vecinos no ser\u00e1n obligatorias hasta el pr\u00f3ximo abril","datePublished":"2020-07-02T09:39:38+00:00","dateModified":"2020-07-02T09:59:10+00:00","mainEntityOfPage":{"@id":"https:\/\/www.cambrapropietatgirona.com\/es\/las-reuniones-de-comunidad-de-vecinos-no-seran-obligatorias-hasta-el-proximo-abril\/"},"wordCount":459,"commentCount":0,"publisher":{"@id":"https:\/\/www.cambrapropietatgirona.com\/#organization"},"image":{"@id":"https:\/\/www.cambrapropietatgirona.com\/es\/las-reuniones-de-comunidad-de-vecinos-no-seran-obligatorias-hasta-el-proximo-abril\/#primaryimage"},"thumbnailUrl":"https:\/\/www.cambrapropietatgirona.com\/wp-content\/uploads\/2020\/07\/02a16m5r.jpg","keywords":["comunidad de vecinos","comunitat de ve\u00efns","reunions"],"articleSection":["Actualidad","Comunidades"],"inLanguage":"es-ES","potentialAction":[{"@type":"CommentAction","name":"Comment","target":["https:\/\/www.cambrapropietatgirona.com\/es\/las-reuniones-de-comunidad-de-vecinos-no-seran-obligatorias-hasta-el-proximo-abril\/#respond"]}]},{"@type":"WebPage","@id":"https:\/\/www.cambrapropietatgirona.com\/es\/las-reuniones-de-comunidad-de-vecinos-no-seran-obligatorias-hasta-el-proximo-abril\/","url":"https:\/\/www.cambrapropietatgirona.com\/es\/las-reuniones-de-comunidad-de-vecinos-no-seran-obligatorias-hasta-el-proximo-abril\/","name":"Las reuniones de comunidad de vecinos no ser\u00e1n obligatorias hasta el pr\u00f3ximo abril - Cambra de la Propietat Urbana de Girona","isPartOf":{"@id":"https:\/\/www.cambrapropietatgirona.com\/#website"},"primaryImageOfPage":{"@id":"https:\/\/www.cambrapropietatgirona.com\/es\/las-reuniones-de-comunidad-de-vecinos-no-seran-obligatorias-hasta-el-proximo-abril\/#primaryimage"},"image":{"@id":"https:\/\/www.cambrapropietatgirona.com\/es\/las-reuniones-de-comunidad-de-vecinos-no-seran-obligatorias-hasta-el-proximo-abril\/#primaryimage"},"thumbnailUrl":"https:\/\/www.cambrapropietatgirona.com\/wp-content\/uploads\/2020\/07\/02a16m5r.jpg","datePublished":"2020-07-02T09:39:38+00:00","dateModified":"2020-07-02T09:59:10+00:00","breadcrumb":{"@id":"https:\/\/www.cambrapropietatgirona.com\/es\/las-reuniones-de-comunidad-de-vecinos-no-seran-obligatorias-hasta-el-proximo-abril\/#breadcrumb"},"inLanguage":"es-ES","potentialAction":[{"@type":"ReadAction","target":["https:\/\/www.cambrapropietatgirona.com\/es\/las-reuniones-de-comunidad-de-vecinos-no-seran-obligatorias-hasta-el-proximo-abril\/"]}]},{"@type":"ImageObject","inLanguage":"es-ES","@id":"https:\/\/www.cambrapropietatgirona.com\/es\/las-reuniones-de-comunidad-de-vecinos-no-seran-obligatorias-hasta-el-proximo-abril\/#primaryimage","url":"https:\/\/www.cambrapropietatgirona.com\/wp-content\/uploads\/2020\/07\/02a16m5r.jpg","contentUrl":"https:\/\/www.cambrapropietatgirona.com\/wp-content\/uploads\/2020\/07\/02a16m5r.jpg","width":1054,"height":687,"caption":"meeting room"},{"@type":"BreadcrumbList","@id":"https:\/\/www.cambrapropietatgirona.com\/es\/las-reuniones-de-comunidad-de-vecinos-no-seran-obligatorias-hasta-el-proximo-abril\/#breadcrumb","itemListElement":[{"@type":"ListItem","position":1,"name":"Inici","item":"https:\/\/www.cambrapropietatgirona.com\/"},{"@type":"ListItem","position":2,"name":"Las reuniones de comunidad de vecinos no ser\u00e1n obligatorias hasta el pr\u00f3ximo abril"}]},{"@type":"WebSite","@id":"https:\/\/www.cambrapropietatgirona.com\/#website","url":"https:\/\/www.cambrapropietatgirona.com\/","name":"Cambra de la Propietat Urbana de Girona","description":"Serveis immobiliaris integrals als propietaris","publisher":{"@id":"https:\/\/www.cambrapropietatgirona.com\/#organization"},"potentialAction":[{"@type":"SearchAction","target":{"@type":"EntryPoint","urlTemplate":"https:\/\/www.cambrapropietatgirona.com\/?s={search_term_string}"},"query-input":{"@type":"PropertyValueSpecification","valueRequired":true,"valueName":"search_term_string"}}],"inLanguage":"es-ES"},{"@type":"Organization","@id":"https:\/\/www.cambrapropietatgirona.com\/#organization","name":"Cambra de la Propietat Urbana de Girona","url":"https:\/\/www.cambrapropietatgirona.com\/","logo":{"@type":"ImageObject","inLanguage":"es-ES","@id":"https:\/\/www.cambrapropietatgirona.com\/#\/schema\/logo\/image\/","url":"https:\/\/www.cambrapropietatgirona.com\/wp-content\/uploads\/2018\/01\/favicon.jpg","contentUrl":"https:\/\/www.cambrapropietatgirona.com\/wp-content\/uploads\/2018\/01\/favicon.jpg","width":277,"height":269,"caption":"Cambra de la Propietat Urbana de Girona"},"image":{"@id":"https:\/\/www.cambrapropietatgirona.com\/#\/schema\/logo\/image\/"}},{"@type":"Person","@id":"https:\/\/www.cambrapropietatgirona.com\/#\/schema\/person\/839c74db646ec3d6738ce2dcf5b3447c","name":"AE5GBNi67xK1QkS","image":{"@type":"ImageObject","inLanguage":"es-ES","@id":"https:\/\/secure.gravatar.com\/avatar\/4a49b57693d82ed8aed27ea81234f80da517724ec1cc1f1fb4952b6cf4b80fd7?s=96&d=mm&r=g","url":"https:\/\/secure.gravatar.com\/avatar\/4a49b57693d82ed8aed27ea81234f80da517724ec1cc1f1fb4952b6cf4b80fd7?s=96&d=mm&r=g","contentUrl":"https:\/\/secure.gravatar.com\/avatar\/4a49b57693d82ed8aed27ea81234f80da517724ec1cc1f1fb4952b6cf4b80fd7?s=96&d=mm&r=g","caption":"AE5GBNi67xK1QkS"},"url":"https:\/\/www.cambrapropietatgirona.com\/es\/author\/ae5gbni67xk1qks\/"}]}},"_links":{"self":[{"href":"https:\/\/www.cambrapropietatgirona.com\/es\/wp-json\/wp\/v2\/posts\/2630","targetHints":{"allow":["GET"]}}],"collection":[{"href":"https:\/\/www.cambrapropietatgirona.com\/es\/wp-json\/wp\/v2\/posts"}],"about":[{"href":"https:\/\/www.cambrapropietatgirona.com\/es\/wp-json\/wp\/v2\/types\/post"}],"author":[{"embeddable":true,"href":"https:\/\/www.cambrapropietatgirona.com\/es\/wp-json\/wp\/v2\/users\/1"}],"replies":[{"embeddable":true,"href":"https:\/\/www.cambrapropietatgirona.com\/es\/wp-json\/wp\/v2\/comments?post=2630"}],"version-history":[{"count":4,"href":"https:\/\/www.cambrapropietatgirona.com\/es\/wp-json\/wp\/v2\/posts\/2630\/revisions"}],"predecessor-version":[{"id":2634,"href":"https:\/\/www.cambrapropietatgirona.com\/es\/wp-json\/wp\/v2\/posts\/2630\/revisions\/2634"}],"wp:featuredmedia":[{"embeddable":true,"href":"https:\/\/www.cambrapropietatgirona.com\/es\/wp-json\/wp\/v2\/media\/2628"}],"wp:attachment":[{"href":"https:\/\/www.cambrapropietatgirona.com\/es\/wp-json\/wp\/v2\/media?parent=2630"}],"wp:term":[{"taxonomy":"category","embeddable":true,"href":"https:\/\/www.cambrapropietatgirona.com\/es\/wp-json\/wp\/v2\/categories?post=2630"},{"taxonomy":"post_tag","embeddable":true,"href":"https:\/\/www.cambrapropietatgirona.com\/es\/wp-json\/wp\/v2\/tags?post=2630"}],"curies":[{"name":"wp","href":"https:\/\/api.w.org\/{rel}","templated":true}]}}