{"id":2618,"date":"2020-06-25T14:26:12","date_gmt":"2020-06-25T12:26:12","guid":{"rendered":"http:\/\/www.cambrapropietatgirona.com\/presenten-recurs-de-constitucionalitat-contra-els-decrets-dhabitatge-de-la-generalitat\/"},"modified":"2020-06-25T15:02:23","modified_gmt":"2020-06-25T13:02:23","slug":"presentan-recurso-de-constitucionalidad-contra-los-decretos-de-vivienda-de-la-generalitat","status":"publish","type":"post","link":"https:\/\/www.cambrapropietatgirona.com\/es\/presentan-recurso-de-constitucionalidad-contra-los-decretos-de-vivienda-de-la-generalitat\/","title":{"rendered":"Presentan recurso de constitucionalidad contra los decretos de vivienda de la Generalitat"},"content":{"rendered":"<p>El Tribunal Constitucional deber\u00e1 resolver sobre los decretos de vivienda 17\/2019 y 1\/2020 ya que, seg\u00fan el PP -autor del recurso-, suponen un ataque frontal al derecho a la propiedad privada y una vulneraci\u00f3n competencial en materia de derechos, ya que tanto el Estatuto de Catalu\u00f1a como la Constituci\u00f3n espa\u00f1ola establecen que un derecho fundamental como el de la propiedad privada nunca puede ser alterado a trav\u00e9s de un decreto ley.<\/p>\n<p>La alegaci\u00f3n se centra en los conceptos m\u00e1s pol\u00e9micos de estos decretos, como el de expropiaci\u00f3n forzosa, el de los grandes tenedores de vivienda y el de vivienda vac\u00eda, que seg\u00fan los recurrentes, son claramente inconstitucionales y suponen una indefensi\u00f3n del propietario frente a las posibles ocupaciones.<\/p>\n<p>La formaci\u00f3n pol\u00edtica tambi\u00e9n considera que los decretos son contrarios a las familias que esperan una vivienda social, y las que deciden invertir y ahorrar a trav\u00e9s de la vivienda o que deciden convertir la vivienda en su proyecto empresarial sin que por ello deban ser calificados de especuladores.<\/p>\n<p>Hay que tener en cuenta que poco despu\u00e9s de la aprobaci\u00f3n de los decretos de vivienda, otra formaci\u00f3n pol\u00edtica, en este caso Ciudadanos, llev\u00f3 el texto al Consejo de Garant\u00edas Estatutarias (CGE), que resolvi\u00f3 que hab\u00eda aspectos del decreto que eran inconstitucionales, a pesar de que su dictamen no es vinculante. El Consejo ya pon\u00eda en cuesti\u00f3n la definici\u00f3n de vivienda vac\u00eda, que considera que la nueva definici\u00f3n que recoge el art\u00edculo 3 del decreto ley del Gobierno vulnera dos art\u00edculos de la Constituci\u00f3n que protegen el derecho de los propietarios a recuperar las viviendas ocupadas.<\/p>\n<p>El Gobierno aprob\u00f3 el decreto en marzo de 2019, pero en diciembre del mismo a\u00f1o aprob\u00f3 una modificaci\u00f3n para conseguir los apoyos necesarios para sacarlo adelante en el Parlamento. Uno de los cambios importantes que incorpor\u00f3 el texto es que los bancos y los fondos de inversi\u00f3n, que ya est\u00e1n obligados a ofrecer un alquiler social a las familias vulnerables antes de desahuciar-las, tambi\u00e9n estar\u00e1n obligados a hacer este gesto con las familias a quienes se les acabe el contrato de alquiler, las que se encuentren afectadas por procesos de desahucio o bien las que est\u00e9n ocupando una vivienda sin ning\u00fan tipo de contrato y puedan demostrar que llevan m\u00e1s de seis meses viviendo en el piso en el momento de entrada en vigor de la ley y que est\u00e9n en situaci\u00f3n de vulnerabilidad.<\/p>\n","protected":false},"excerpt":{"rendered":"<p>El Tribunal Constitucional deber\u00e1 resolver sobre los decretos de vivienda 17\/2019 y 1\/2020 ya que, seg\u00fan el PP -autor del recurso-, suponen un ataque frontal al derecho a la propiedad privada y una vulneraci\u00f3n competencial en materia de derechos, ya que tanto el Estatuto de Catalu\u00f1a como la Constituci\u00f3n espa\u00f1ola establecen que un derecho fundamental [&hellip;]<\/p>\n","protected":false},"author":1,"featured_media":2615,"comment_status":"open","ping_status":"open","sticky":false,"template":"","format":"standard","meta":{"_acf_changed":false,"inline_featured_image":false,"disable_featured_image":false,"footnotes":""},"categories":[13,19],"tags":[727,728],"class_list":["post-2618","post","type-post","status-publish","format-standard","has-post-thumbnail","hentry","category-actualidad","category-legislacion","tag-decret-es","tag-tribunal-constitucional-es"],"acf":[],"yoast_head":"<!-- This site is optimized with the Yoast SEO plugin v27.5 - https:\/\/yoast.com\/product\/yoast-seo-wordpress\/ -->\n<title>Presentan recurso de constitucionalidad contra los decretos de vivienda de la Generalitat - Cambra de la Propietat Urbana de Girona<\/title>\n<meta name=\"robots\" content=\"index, follow, max-snippet:-1, max-image-preview:large, max-video-preview:-1\" \/>\n<link rel=\"canonical\" href=\"https:\/\/www.cambrapropietatgirona.com\/es\/presentan-recurso-de-constitucionalidad-contra-los-decretos-de-vivienda-de-la-generalitat\/\" \/>\n<meta property=\"og:locale\" content=\"es_ES\" \/>\n<meta property=\"og:type\" content=\"article\" \/>\n<meta property=\"og:title\" content=\"Presentan recurso de constitucionalidad contra los decretos de vivienda de la Generalitat - Cambra de la Propietat Urbana de Girona\" \/>\n<meta property=\"og:description\" content=\"El Tribunal Constitucional deber\u00e1 resolver sobre los decretos de vivienda 17\/2019 y 1\/2020 ya que, seg\u00fan el PP -autor del recurso-, suponen un ataque frontal al derecho a la propiedad privada y una vulneraci\u00f3n competencial en materia de derechos, ya que tanto el Estatuto de Catalu\u00f1a como la Constituci\u00f3n espa\u00f1ola establecen que un derecho fundamental [&hellip;]\" \/>\n<meta property=\"og:url\" content=\"https:\/\/www.cambrapropietatgirona.com\/es\/presentan-recurso-de-constitucionalidad-contra-los-decretos-de-vivienda-de-la-generalitat\/\" \/>\n<meta property=\"og:site_name\" content=\"Cambra de la Propietat Urbana de Girona\" \/>\n<meta property=\"article:published_time\" content=\"2020-06-25T12:26:12+00:00\" \/>\n<meta property=\"article:modified_time\" content=\"2020-06-25T13:02:23+00:00\" \/>\n<meta property=\"og:image\" content=\"https:\/\/www.cambrapropietatgirona.com\/wp-content\/uploads\/2020\/06\/Captura-de-pantalla-2020-06-25-a-las-14.24.57.png\" \/>\n\t<meta property=\"og:image:width\" content=\"725\" \/>\n\t<meta property=\"og:image:height\" content=\"448\" \/>\n\t<meta property=\"og:image:type\" content=\"image\/png\" \/>\n<meta name=\"author\" content=\"AE5GBNi67xK1QkS\" \/>\n<meta name=\"twitter:card\" content=\"summary_large_image\" \/>\n<meta name=\"twitter:label1\" content=\"Written by\" \/>\n\t<meta name=\"twitter:data1\" content=\"AE5GBNi67xK1QkS\" \/>\n\t<meta name=\"twitter:label2\" content=\"Est. reading time\" \/>\n\t<meta name=\"twitter:data2\" content=\"2 minutes\" \/>\n<script type=\"application\/ld+json\" class=\"yoast-schema-graph\">{\"@context\":\"https:\\\/\\\/schema.org\",\"@graph\":[{\"@type\":\"Article\",\"@id\":\"https:\\\/\\\/www.cambrapropietatgirona.com\\\/es\\\/presentan-recurso-de-constitucionalidad-contra-los-decretos-de-vivienda-de-la-generalitat\\\/#article\",\"isPartOf\":{\"@id\":\"https:\\\/\\\/www.cambrapropietatgirona.com\\\/es\\\/presentan-recurso-de-constitucionalidad-contra-los-decretos-de-vivienda-de-la-generalitat\\\/\"},\"author\":{\"name\":\"AE5GBNi67xK1QkS\",\"@id\":\"https:\\\/\\\/www.cambrapropietatgirona.com\\\/#\\\/schema\\\/person\\\/839c74db646ec3d6738ce2dcf5b3447c\"},\"headline\":\"Presentan recurso de constitucionalidad contra los decretos de vivienda de la Generalitat\",\"datePublished\":\"2020-06-25T12:26:12+00:00\",\"dateModified\":\"2020-06-25T13:02:23+00:00\",\"mainEntityOfPage\":{\"@id\":\"https:\\\/\\\/www.cambrapropietatgirona.com\\\/es\\\/presentan-recurso-de-constitucionalidad-contra-los-decretos-de-vivienda-de-la-generalitat\\\/\"},\"wordCount\":447,\"commentCount\":0,\"publisher\":{\"@id\":\"https:\\\/\\\/www.cambrapropietatgirona.com\\\/#organization\"},\"image\":{\"@id\":\"https:\\\/\\\/www.cambrapropietatgirona.com\\\/es\\\/presentan-recurso-de-constitucionalidad-contra-los-decretos-de-vivienda-de-la-generalitat\\\/#primaryimage\"},\"thumbnailUrl\":\"https:\\\/\\\/www.cambrapropietatgirona.com\\\/wp-content\\\/uploads\\\/2020\\\/06\\\/Captura-de-pantalla-2020-06-25-a-las-14.24.57.png\",\"keywords\":[\"decret\",\"Tribunal Constitucional\"],\"articleSection\":[\"Actualidad\",\"Legislaci\u00f3n\"],\"inLanguage\":\"es-ES\",\"potentialAction\":[{\"@type\":\"CommentAction\",\"name\":\"Comment\",\"target\":[\"https:\\\/\\\/www.cambrapropietatgirona.com\\\/es\\\/presentan-recurso-de-constitucionalidad-contra-los-decretos-de-vivienda-de-la-generalitat\\\/#respond\"]}]},{\"@type\":\"WebPage\",\"@id\":\"https:\\\/\\\/www.cambrapropietatgirona.com\\\/es\\\/presentan-recurso-de-constitucionalidad-contra-los-decretos-de-vivienda-de-la-generalitat\\\/\",\"url\":\"https:\\\/\\\/www.cambrapropietatgirona.com\\\/es\\\/presentan-recurso-de-constitucionalidad-contra-los-decretos-de-vivienda-de-la-generalitat\\\/\",\"name\":\"Presentan recurso de constitucionalidad contra los decretos de vivienda de la Generalitat - Cambra de la Propietat Urbana de Girona\",\"isPartOf\":{\"@id\":\"https:\\\/\\\/www.cambrapropietatgirona.com\\\/#website\"},\"primaryImageOfPage\":{\"@id\":\"https:\\\/\\\/www.cambrapropietatgirona.com\\\/es\\\/presentan-recurso-de-constitucionalidad-contra-los-decretos-de-vivienda-de-la-generalitat\\\/#primaryimage\"},\"image\":{\"@id\":\"https:\\\/\\\/www.cambrapropietatgirona.com\\\/es\\\/presentan-recurso-de-constitucionalidad-contra-los-decretos-de-vivienda-de-la-generalitat\\\/#primaryimage\"},\"thumbnailUrl\":\"https:\\\/\\\/www.cambrapropietatgirona.com\\\/wp-content\\\/uploads\\\/2020\\\/06\\\/Captura-de-pantalla-2020-06-25-a-las-14.24.57.png\",\"datePublished\":\"2020-06-25T12:26:12+00:00\",\"dateModified\":\"2020-06-25T13:02:23+00:00\",\"breadcrumb\":{\"@id\":\"https:\\\/\\\/www.cambrapropietatgirona.com\\\/es\\\/presentan-recurso-de-constitucionalidad-contra-los-decretos-de-vivienda-de-la-generalitat\\\/#breadcrumb\"},\"inLanguage\":\"es-ES\",\"potentialAction\":[{\"@type\":\"ReadAction\",\"target\":[\"https:\\\/\\\/www.cambrapropietatgirona.com\\\/es\\\/presentan-recurso-de-constitucionalidad-contra-los-decretos-de-vivienda-de-la-generalitat\\\/\"]}]},{\"@type\":\"ImageObject\",\"inLanguage\":\"es-ES\",\"@id\":\"https:\\\/\\\/www.cambrapropietatgirona.com\\\/es\\\/presentan-recurso-de-constitucionalidad-contra-los-decretos-de-vivienda-de-la-generalitat\\\/#primaryimage\",\"url\":\"https:\\\/\\\/www.cambrapropietatgirona.com\\\/wp-content\\\/uploads\\\/2020\\\/06\\\/Captura-de-pantalla-2020-06-25-a-las-14.24.57.png\",\"contentUrl\":\"https:\\\/\\\/www.cambrapropietatgirona.com\\\/wp-content\\\/uploads\\\/2020\\\/06\\\/Captura-de-pantalla-2020-06-25-a-las-14.24.57.png\",\"width\":725,\"height\":448},{\"@type\":\"BreadcrumbList\",\"@id\":\"https:\\\/\\\/www.cambrapropietatgirona.com\\\/es\\\/presentan-recurso-de-constitucionalidad-contra-los-decretos-de-vivienda-de-la-generalitat\\\/#breadcrumb\",\"itemListElement\":[{\"@type\":\"ListItem\",\"position\":1,\"name\":\"Inici\",\"item\":\"https:\\\/\\\/www.cambrapropietatgirona.com\\\/\"},{\"@type\":\"ListItem\",\"position\":2,\"name\":\"Presentan recurso de constitucionalidad contra los decretos de vivienda de la Generalitat\"}]},{\"@type\":\"WebSite\",\"@id\":\"https:\\\/\\\/www.cambrapropietatgirona.com\\\/#website\",\"url\":\"https:\\\/\\\/www.cambrapropietatgirona.com\\\/\",\"name\":\"Cambra de la Propietat Urbana de Girona\",\"description\":\"Serveis immobiliaris integrals als propietaris\",\"publisher\":{\"@id\":\"https:\\\/\\\/www.cambrapropietatgirona.com\\\/#organization\"},\"potentialAction\":[{\"@type\":\"SearchAction\",\"target\":{\"@type\":\"EntryPoint\",\"urlTemplate\":\"https:\\\/\\\/www.cambrapropietatgirona.com\\\/?s={search_term_string}\"},\"query-input\":{\"@type\":\"PropertyValueSpecification\",\"valueRequired\":true,\"valueName\":\"search_term_string\"}}],\"inLanguage\":\"es-ES\"},{\"@type\":\"Organization\",\"@id\":\"https:\\\/\\\/www.cambrapropietatgirona.com\\\/#organization\",\"name\":\"Cambra de la Propietat Urbana de Girona\",\"url\":\"https:\\\/\\\/www.cambrapropietatgirona.com\\\/\",\"logo\":{\"@type\":\"ImageObject\",\"inLanguage\":\"es-ES\",\"@id\":\"https:\\\/\\\/www.cambrapropietatgirona.com\\\/#\\\/schema\\\/logo\\\/image\\\/\",\"url\":\"https:\\\/\\\/www.cambrapropietatgirona.com\\\/wp-content\\\/uploads\\\/2018\\\/01\\\/favicon.jpg\",\"contentUrl\":\"https:\\\/\\\/www.cambrapropietatgirona.com\\\/wp-content\\\/uploads\\\/2018\\\/01\\\/favicon.jpg\",\"width\":277,\"height\":269,\"caption\":\"Cambra de la Propietat Urbana de Girona\"},\"image\":{\"@id\":\"https:\\\/\\\/www.cambrapropietatgirona.com\\\/#\\\/schema\\\/logo\\\/image\\\/\"}},{\"@type\":\"Person\",\"@id\":\"https:\\\/\\\/www.cambrapropietatgirona.com\\\/#\\\/schema\\\/person\\\/839c74db646ec3d6738ce2dcf5b3447c\",\"name\":\"AE5GBNi67xK1QkS\",\"image\":{\"@type\":\"ImageObject\",\"inLanguage\":\"es-ES\",\"@id\":\"https:\\\/\\\/secure.gravatar.com\\\/avatar\\\/4a49b57693d82ed8aed27ea81234f80da517724ec1cc1f1fb4952b6cf4b80fd7?s=96&d=mm&r=g\",\"url\":\"https:\\\/\\\/secure.gravatar.com\\\/avatar\\\/4a49b57693d82ed8aed27ea81234f80da517724ec1cc1f1fb4952b6cf4b80fd7?s=96&d=mm&r=g\",\"contentUrl\":\"https:\\\/\\\/secure.gravatar.com\\\/avatar\\\/4a49b57693d82ed8aed27ea81234f80da517724ec1cc1f1fb4952b6cf4b80fd7?s=96&d=mm&r=g\",\"caption\":\"AE5GBNi67xK1QkS\"},\"url\":\"https:\\\/\\\/www.cambrapropietatgirona.com\\\/es\\\/author\\\/ae5gbni67xk1qks\\\/\"}]}<\/script>\n<!-- \/ Yoast SEO plugin. -->","yoast_head_json":{"title":"Presentan recurso de constitucionalidad contra los decretos de vivienda de la Generalitat - Cambra de la Propietat Urbana de Girona","robots":{"index":"index","follow":"follow","max-snippet":"max-snippet:-1","max-image-preview":"max-image-preview:large","max-video-preview":"max-video-preview:-1"},"canonical":"https:\/\/www.cambrapropietatgirona.com\/es\/presentan-recurso-de-constitucionalidad-contra-los-decretos-de-vivienda-de-la-generalitat\/","og_locale":"es_ES","og_type":"article","og_title":"Presentan recurso de constitucionalidad contra los decretos de vivienda de la Generalitat - Cambra de la Propietat Urbana de Girona","og_description":"El Tribunal Constitucional deber\u00e1 resolver sobre los decretos de vivienda 17\/2019 y 1\/2020 ya que, seg\u00fan el PP -autor del recurso-, suponen un ataque frontal al derecho a la propiedad privada y una vulneraci\u00f3n competencial en materia de derechos, ya que tanto el Estatuto de Catalu\u00f1a como la Constituci\u00f3n espa\u00f1ola establecen que un derecho fundamental [&hellip;]","og_url":"https:\/\/www.cambrapropietatgirona.com\/es\/presentan-recurso-de-constitucionalidad-contra-los-decretos-de-vivienda-de-la-generalitat\/","og_site_name":"Cambra de la Propietat Urbana de Girona","article_published_time":"2020-06-25T12:26:12+00:00","article_modified_time":"2020-06-25T13:02:23+00:00","og_image":[{"width":725,"height":448,"url":"https:\/\/www.cambrapropietatgirona.com\/wp-content\/uploads\/2020\/06\/Captura-de-pantalla-2020-06-25-a-las-14.24.57.png","type":"image\/png"}],"author":"AE5GBNi67xK1QkS","twitter_card":"summary_large_image","twitter_misc":{"Written by":"AE5GBNi67xK1QkS","Est. reading time":"2 minutes"},"schema":{"@context":"https:\/\/schema.org","@graph":[{"@type":"Article","@id":"https:\/\/www.cambrapropietatgirona.com\/es\/presentan-recurso-de-constitucionalidad-contra-los-decretos-de-vivienda-de-la-generalitat\/#article","isPartOf":{"@id":"https:\/\/www.cambrapropietatgirona.com\/es\/presentan-recurso-de-constitucionalidad-contra-los-decretos-de-vivienda-de-la-generalitat\/"},"author":{"name":"AE5GBNi67xK1QkS","@id":"https:\/\/www.cambrapropietatgirona.com\/#\/schema\/person\/839c74db646ec3d6738ce2dcf5b3447c"},"headline":"Presentan recurso de constitucionalidad contra los decretos de vivienda de la Generalitat","datePublished":"2020-06-25T12:26:12+00:00","dateModified":"2020-06-25T13:02:23+00:00","mainEntityOfPage":{"@id":"https:\/\/www.cambrapropietatgirona.com\/es\/presentan-recurso-de-constitucionalidad-contra-los-decretos-de-vivienda-de-la-generalitat\/"},"wordCount":447,"commentCount":0,"publisher":{"@id":"https:\/\/www.cambrapropietatgirona.com\/#organization"},"image":{"@id":"https:\/\/www.cambrapropietatgirona.com\/es\/presentan-recurso-de-constitucionalidad-contra-los-decretos-de-vivienda-de-la-generalitat\/#primaryimage"},"thumbnailUrl":"https:\/\/www.cambrapropietatgirona.com\/wp-content\/uploads\/2020\/06\/Captura-de-pantalla-2020-06-25-a-las-14.24.57.png","keywords":["decret","Tribunal Constitucional"],"articleSection":["Actualidad","Legislaci\u00f3n"],"inLanguage":"es-ES","potentialAction":[{"@type":"CommentAction","name":"Comment","target":["https:\/\/www.cambrapropietatgirona.com\/es\/presentan-recurso-de-constitucionalidad-contra-los-decretos-de-vivienda-de-la-generalitat\/#respond"]}]},{"@type":"WebPage","@id":"https:\/\/www.cambrapropietatgirona.com\/es\/presentan-recurso-de-constitucionalidad-contra-los-decretos-de-vivienda-de-la-generalitat\/","url":"https:\/\/www.cambrapropietatgirona.com\/es\/presentan-recurso-de-constitucionalidad-contra-los-decretos-de-vivienda-de-la-generalitat\/","name":"Presentan recurso de constitucionalidad contra los decretos de vivienda de la Generalitat - Cambra de la Propietat Urbana de Girona","isPartOf":{"@id":"https:\/\/www.cambrapropietatgirona.com\/#website"},"primaryImageOfPage":{"@id":"https:\/\/www.cambrapropietatgirona.com\/es\/presentan-recurso-de-constitucionalidad-contra-los-decretos-de-vivienda-de-la-generalitat\/#primaryimage"},"image":{"@id":"https:\/\/www.cambrapropietatgirona.com\/es\/presentan-recurso-de-constitucionalidad-contra-los-decretos-de-vivienda-de-la-generalitat\/#primaryimage"},"thumbnailUrl":"https:\/\/www.cambrapropietatgirona.com\/wp-content\/uploads\/2020\/06\/Captura-de-pantalla-2020-06-25-a-las-14.24.57.png","datePublished":"2020-06-25T12:26:12+00:00","dateModified":"2020-06-25T13:02:23+00:00","breadcrumb":{"@id":"https:\/\/www.cambrapropietatgirona.com\/es\/presentan-recurso-de-constitucionalidad-contra-los-decretos-de-vivienda-de-la-generalitat\/#breadcrumb"},"inLanguage":"es-ES","potentialAction":[{"@type":"ReadAction","target":["https:\/\/www.cambrapropietatgirona.com\/es\/presentan-recurso-de-constitucionalidad-contra-los-decretos-de-vivienda-de-la-generalitat\/"]}]},{"@type":"ImageObject","inLanguage":"es-ES","@id":"https:\/\/www.cambrapropietatgirona.com\/es\/presentan-recurso-de-constitucionalidad-contra-los-decretos-de-vivienda-de-la-generalitat\/#primaryimage","url":"https:\/\/www.cambrapropietatgirona.com\/wp-content\/uploads\/2020\/06\/Captura-de-pantalla-2020-06-25-a-las-14.24.57.png","contentUrl":"https:\/\/www.cambrapropietatgirona.com\/wp-content\/uploads\/2020\/06\/Captura-de-pantalla-2020-06-25-a-las-14.24.57.png","width":725,"height":448},{"@type":"BreadcrumbList","@id":"https:\/\/www.cambrapropietatgirona.com\/es\/presentan-recurso-de-constitucionalidad-contra-los-decretos-de-vivienda-de-la-generalitat\/#breadcrumb","itemListElement":[{"@type":"ListItem","position":1,"name":"Inici","item":"https:\/\/www.cambrapropietatgirona.com\/"},{"@type":"ListItem","position":2,"name":"Presentan recurso de constitucionalidad contra los decretos de vivienda de la Generalitat"}]},{"@type":"WebSite","@id":"https:\/\/www.cambrapropietatgirona.com\/#website","url":"https:\/\/www.cambrapropietatgirona.com\/","name":"Cambra de la Propietat Urbana de Girona","description":"Serveis immobiliaris integrals als propietaris","publisher":{"@id":"https:\/\/www.cambrapropietatgirona.com\/#organization"},"potentialAction":[{"@type":"SearchAction","target":{"@type":"EntryPoint","urlTemplate":"https:\/\/www.cambrapropietatgirona.com\/?s={search_term_string}"},"query-input":{"@type":"PropertyValueSpecification","valueRequired":true,"valueName":"search_term_string"}}],"inLanguage":"es-ES"},{"@type":"Organization","@id":"https:\/\/www.cambrapropietatgirona.com\/#organization","name":"Cambra de la Propietat Urbana de Girona","url":"https:\/\/www.cambrapropietatgirona.com\/","logo":{"@type":"ImageObject","inLanguage":"es-ES","@id":"https:\/\/www.cambrapropietatgirona.com\/#\/schema\/logo\/image\/","url":"https:\/\/www.cambrapropietatgirona.com\/wp-content\/uploads\/2018\/01\/favicon.jpg","contentUrl":"https:\/\/www.cambrapropietatgirona.com\/wp-content\/uploads\/2018\/01\/favicon.jpg","width":277,"height":269,"caption":"Cambra de la Propietat Urbana de Girona"},"image":{"@id":"https:\/\/www.cambrapropietatgirona.com\/#\/schema\/logo\/image\/"}},{"@type":"Person","@id":"https:\/\/www.cambrapropietatgirona.com\/#\/schema\/person\/839c74db646ec3d6738ce2dcf5b3447c","name":"AE5GBNi67xK1QkS","image":{"@type":"ImageObject","inLanguage":"es-ES","@id":"https:\/\/secure.gravatar.com\/avatar\/4a49b57693d82ed8aed27ea81234f80da517724ec1cc1f1fb4952b6cf4b80fd7?s=96&d=mm&r=g","url":"https:\/\/secure.gravatar.com\/avatar\/4a49b57693d82ed8aed27ea81234f80da517724ec1cc1f1fb4952b6cf4b80fd7?s=96&d=mm&r=g","contentUrl":"https:\/\/secure.gravatar.com\/avatar\/4a49b57693d82ed8aed27ea81234f80da517724ec1cc1f1fb4952b6cf4b80fd7?s=96&d=mm&r=g","caption":"AE5GBNi67xK1QkS"},"url":"https:\/\/www.cambrapropietatgirona.com\/es\/author\/ae5gbni67xk1qks\/"}]}},"_links":{"self":[{"href":"https:\/\/www.cambrapropietatgirona.com\/es\/wp-json\/wp\/v2\/posts\/2618","targetHints":{"allow":["GET"]}}],"collection":[{"href":"https:\/\/www.cambrapropietatgirona.com\/es\/wp-json\/wp\/v2\/posts"}],"about":[{"href":"https:\/\/www.cambrapropietatgirona.com\/es\/wp-json\/wp\/v2\/types\/post"}],"author":[{"embeddable":true,"href":"https:\/\/www.cambrapropietatgirona.com\/es\/wp-json\/wp\/v2\/users\/1"}],"replies":[{"embeddable":true,"href":"https:\/\/www.cambrapropietatgirona.com\/es\/wp-json\/wp\/v2\/comments?post=2618"}],"version-history":[{"count":1,"href":"https:\/\/www.cambrapropietatgirona.com\/es\/wp-json\/wp\/v2\/posts\/2618\/revisions"}],"predecessor-version":[{"id":2621,"href":"https:\/\/www.cambrapropietatgirona.com\/es\/wp-json\/wp\/v2\/posts\/2618\/revisions\/2621"}],"wp:featuredmedia":[{"embeddable":true,"href":"https:\/\/www.cambrapropietatgirona.com\/es\/wp-json\/wp\/v2\/media\/2615"}],"wp:attachment":[{"href":"https:\/\/www.cambrapropietatgirona.com\/es\/wp-json\/wp\/v2\/media?parent=2618"}],"wp:term":[{"taxonomy":"category","embeddable":true,"href":"https:\/\/www.cambrapropietatgirona.com\/es\/wp-json\/wp\/v2\/categories?post=2618"},{"taxonomy":"post_tag","embeddable":true,"href":"https:\/\/www.cambrapropietatgirona.com\/es\/wp-json\/wp\/v2\/tags?post=2618"}],"curies":[{"name":"wp","href":"https:\/\/api.w.org\/{rel}","templated":true}]}}