{"id":2466,"date":"2020-05-11T09:19:26","date_gmt":"2020-05-11T07:19:26","guid":{"rendered":"http:\/\/www.cambrapropietatgirona.com\/recuperar-fianca-palliar-consequencies-dels-ajornaments-condonacions-dels-cobraments-dels-lloguers-locals-comercial-resultes-lestat-dalarma-pel-covid-19\/"},"modified":"2020-05-11T10:09:43","modified_gmt":"2020-05-11T08:09:43","slug":"recuperar-fianca-palliar-consequencies-dels-ajornaments-condonacions-dels-cobraments-dels-lloguers-locals-comercial-resultes-lestat-dalarma-pel-covid-19","status":"publish","type":"post","link":"https:\/\/www.cambrapropietatgirona.com\/es\/recuperar-fianca-palliar-consequencies-dels-ajornaments-condonacions-dels-cobraments-dels-lloguers-locals-comercial-resultes-lestat-dalarma-pel-covid-19\/","title":{"rendered":"Recuperar la fianza para paliar las consecuencias de los aplazamientos o las condonaciones de los cobros de los alquileres de locales comercial a resultas del estado de alarma por Covid-19"},"content":{"rendered":"<p>El estado de alarma ha afectado a muchos negocios que han tenido que cerrar temporalmente o han visto minimizada su actividad y sus ingresos. Esta dif\u00edcil situaci\u00f3n econ\u00f3mica de los negocios conlleva, en muchas ocasiones, dificultades para atender el pago de los arrendamientos. El Gobierno ha determinado unas medidas compensatorias. Si el arrendador es considerado un gran tenedor (propietario de m\u00e1s de 10 viviendas o de 1.500 m2 construidos) \u00e9ste est\u00e1 obligado, a petici\u00f3n del inquilino, a aplazar hasta cuatro mensualidad de alquiler que posteriormente se cobrar\u00e1n fraccionados en un m\u00e1ximo de 24 mensualidades . En todo caso hay que hacer un documento en el que quede reflejado este pacto.<\/p>\n<p>Si el arrendador no est\u00e1 considerado gran tenedor, no est\u00e1 obligado a realizar este aplazamiento, si bien, por criterios de solidaridad con los arrendatarios, para evitar impagos, quiebras o disputas judiciales, en la mayor\u00eda de supuestos, los arrendadores y los arrendatarios llegan a acuerdos que conllevan en ocasiones la condonaci\u00f3n total o parcial de mensualidades o el aplazamiento de pago de varias mensualidades que despu\u00e9s se recuperar\u00e1n fraccionadamente en los siguientes a\u00f1os.<\/p>\n<p>En caso de que esta situaci\u00f3n provoque problemas de liquidez no s\u00f3lo a los arrendatarios sino tambi\u00e9n a los arrendadores que hayan pactado condonaciones o aplazamientos, ahora es posible acudir a rescatar la fianza obligatoria depositada al INCASOL.<\/p>\n<p>Esta medida ni es f\u00e1cil, ni conlleva muchas ventajas a los propietarios, quienes, de esta manera, se quedan sin la garant\u00eda que les representa este importe en caso de que el inquilino por cualquier raz\u00f3n deje el local. A la finalizaci\u00f3n del contrato, muchas veces se debe acudir a la fianza depositada para cubrir incumplimientos tanto del pago de renta como de suministros o para cubrir ciertos desperfectos.<\/p>\n<p>Por otra parte esta fianza que se recupera ahora, hay que volver a ingresar en el Incas\u00f2l en el plazo de un a\u00f1o, y el propietario es el responsable, tanto si el arrendatario cumple con sus obligaciones como si no. La situaci\u00f3n es a\u00fan m\u00e1s compleja si el contrato vence dentro del mismo a\u00f1o, los plazos de devoluci\u00f3n se acortan tanto para el arrendatario como para el propietario.<\/p>\n<p>Para pedir la devoluci\u00f3n se debe demostrar una serie de cuestiones, en primer lugar, que hay un pacto de aplazamiento o condonaci\u00f3n entre el propietario y el arrendatario, la condici\u00f3n de aut\u00f3nomo o pyme del arrendatario, acreditar que el negocio del arrendatario ha quedado afectado por las disposiciones del estado de alarma habiendo cesado la actividad, o una reducci\u00f3n del 75% de los ingresos, etc., y siempre y cuando el propietario no tenga la consideraci\u00f3n de gran tenedor .<\/p>\n<p>La solicitud, junto con toda la documentaci\u00f3n acreditativa, se presentar\u00e1 al INCASOL. No es un tr\u00e1mite, como los de devoluci\u00f3n ordinaria por finalizaci\u00f3n de contrato, que se puede tramitar directamente a las C\u00e1maras de la Propiedad Urbamar.<\/p>\n<p>De todo esto encontrar\u00e1 informaci\u00f3n detallada <a href=\"http:\/\/www.cambrapropietatgirona.com\/es\/fianzas-itp\/covid19-devolucion-fianza\/\">en este apartado de nuestra web<\/a>.<\/p>\n<p>En todo caso la C\u00e1mara se pone a disposici\u00f3n de aquellos propietarios arrendadores que consideren de inter\u00e9s recuperar esta fianza, tanto a nivel informativo como a nivel de gesti\u00f3n en su caso.<\/p>\n","protected":false},"excerpt":{"rendered":"<p>El estado de alarma ha afectado a muchos negocios que han tenido que cerrar temporalmente o han visto minimizada su actividad y sus ingresos. Esta dif\u00edcil situaci\u00f3n econ\u00f3mica de los negocios conlleva, en muchas ocasiones, dificultades para atender el pago de los arrendamientos. El Gobierno ha determinado unas medidas compensatorias. Si el arrendador es considerado [&hellip;]<\/p>\n","protected":false},"author":1,"featured_media":2452,"comment_status":"open","ping_status":"open","sticky":false,"template":"","format":"standard","meta":{"_acf_changed":false,"inline_featured_image":false,"disable_featured_image":false,"footnotes":""},"categories":[13,719],"tags":[],"class_list":["post-2466","post","type-post","status-publish","format-standard","has-post-thumbnail","hentry","category-actualidad","category-arrendaments-es"],"acf":[],"yoast_head":"<!-- This site is optimized with the Yoast SEO plugin v27.5 - https:\/\/yoast.com\/product\/yoast-seo-wordpress\/ -->\n<title>Recuperar la fianza para paliar las consecuencias de los aplazamientos o las condonaciones de los cobros de los alquileres de locales comercial a resultas del estado de alarma por Covid-19 - Cambra de la Propietat Urbana de Girona<\/title>\n<meta name=\"robots\" content=\"index, follow, max-snippet:-1, max-image-preview:large, max-video-preview:-1\" \/>\n<link rel=\"canonical\" href=\"https:\/\/www.cambrapropietatgirona.com\/es\/recuperar-fianca-palliar-consequencies-dels-ajornaments-condonacions-dels-cobraments-dels-lloguers-locals-comercial-resultes-lestat-dalarma-pel-covid-19\/\" \/>\n<meta property=\"og:locale\" content=\"es_ES\" \/>\n<meta property=\"og:type\" content=\"article\" \/>\n<meta property=\"og:title\" content=\"Recuperar la fianza para paliar las consecuencias de los aplazamientos o las condonaciones de los cobros de los alquileres de locales comercial a resultas del estado de alarma por Covid-19 - Cambra de la Propietat Urbana de Girona\" \/>\n<meta property=\"og:description\" content=\"El estado de alarma ha afectado a muchos negocios que han tenido que cerrar temporalmente o han visto minimizada su actividad y sus ingresos. Esta dif\u00edcil situaci\u00f3n econ\u00f3mica de los negocios conlleva, en muchas ocasiones, dificultades para atender el pago de los arrendamientos. El Gobierno ha determinado unas medidas compensatorias. Si el arrendador es considerado [&hellip;]\" \/>\n<meta property=\"og:url\" content=\"https:\/\/www.cambrapropietatgirona.com\/es\/recuperar-fianca-palliar-consequencies-dels-ajornaments-condonacions-dels-cobraments-dels-lloguers-locals-comercial-resultes-lestat-dalarma-pel-covid-19\/\" \/>\n<meta property=\"og:site_name\" content=\"Cambra de la Propietat Urbana de Girona\" \/>\n<meta property=\"article:published_time\" content=\"2020-05-11T07:19:26+00:00\" \/>\n<meta property=\"article:modified_time\" content=\"2020-05-11T08:09:43+00:00\" \/>\n<meta property=\"og:image\" content=\"https:\/\/www.cambrapropietatgirona.com\/wp-content\/uploads\/2020\/05\/iss_12176_00343.jpg\" \/>\n\t<meta property=\"og:image:width\" content=\"933\" \/>\n\t<meta property=\"og:image:height\" content=\"622\" \/>\n\t<meta property=\"og:image:type\" content=\"image\/jpeg\" \/>\n<meta name=\"author\" content=\"AE5GBNi67xK1QkS\" \/>\n<meta name=\"twitter:card\" content=\"summary_large_image\" \/>\n<meta name=\"twitter:label1\" content=\"Written by\" \/>\n\t<meta name=\"twitter:data1\" content=\"AE5GBNi67xK1QkS\" \/>\n\t<meta name=\"twitter:label2\" content=\"Est. reading time\" \/>\n\t<meta name=\"twitter:data2\" content=\"3 minutes\" \/>\n<script type=\"application\/ld+json\" class=\"yoast-schema-graph\">{\"@context\":\"https:\\\/\\\/schema.org\",\"@graph\":[{\"@type\":\"Article\",\"@id\":\"https:\\\/\\\/www.cambrapropietatgirona.com\\\/es\\\/recuperar-fianca-palliar-consequencies-dels-ajornaments-condonacions-dels-cobraments-dels-lloguers-locals-comercial-resultes-lestat-dalarma-pel-covid-19\\\/#article\",\"isPartOf\":{\"@id\":\"https:\\\/\\\/www.cambrapropietatgirona.com\\\/es\\\/recuperar-fianca-palliar-consequencies-dels-ajornaments-condonacions-dels-cobraments-dels-lloguers-locals-comercial-resultes-lestat-dalarma-pel-covid-19\\\/\"},\"author\":{\"name\":\"AE5GBNi67xK1QkS\",\"@id\":\"https:\\\/\\\/www.cambrapropietatgirona.com\\\/#\\\/schema\\\/person\\\/839c74db646ec3d6738ce2dcf5b3447c\"},\"headline\":\"Recuperar la fianza para paliar las consecuencias de los aplazamientos o las condonaciones de los cobros de los alquileres de locales comercial a resultas del estado de alarma por Covid-19\",\"datePublished\":\"2020-05-11T07:19:26+00:00\",\"dateModified\":\"2020-05-11T08:09:43+00:00\",\"mainEntityOfPage\":{\"@id\":\"https:\\\/\\\/www.cambrapropietatgirona.com\\\/es\\\/recuperar-fianca-palliar-consequencies-dels-ajornaments-condonacions-dels-cobraments-dels-lloguers-locals-comercial-resultes-lestat-dalarma-pel-covid-19\\\/\"},\"wordCount\":582,\"commentCount\":0,\"publisher\":{\"@id\":\"https:\\\/\\\/www.cambrapropietatgirona.com\\\/#organization\"},\"image\":{\"@id\":\"https:\\\/\\\/www.cambrapropietatgirona.com\\\/es\\\/recuperar-fianca-palliar-consequencies-dels-ajornaments-condonacions-dels-cobraments-dels-lloguers-locals-comercial-resultes-lestat-dalarma-pel-covid-19\\\/#primaryimage\"},\"thumbnailUrl\":\"https:\\\/\\\/www.cambrapropietatgirona.com\\\/wp-content\\\/uploads\\\/2020\\\/05\\\/iss_12176_00343.jpg\",\"articleSection\":[\"Actualidad\",\"Arrendaments\"],\"inLanguage\":\"es-ES\",\"potentialAction\":[{\"@type\":\"CommentAction\",\"name\":\"Comment\",\"target\":[\"https:\\\/\\\/www.cambrapropietatgirona.com\\\/es\\\/recuperar-fianca-palliar-consequencies-dels-ajornaments-condonacions-dels-cobraments-dels-lloguers-locals-comercial-resultes-lestat-dalarma-pel-covid-19\\\/#respond\"]}]},{\"@type\":\"WebPage\",\"@id\":\"https:\\\/\\\/www.cambrapropietatgirona.com\\\/es\\\/recuperar-fianca-palliar-consequencies-dels-ajornaments-condonacions-dels-cobraments-dels-lloguers-locals-comercial-resultes-lestat-dalarma-pel-covid-19\\\/\",\"url\":\"https:\\\/\\\/www.cambrapropietatgirona.com\\\/es\\\/recuperar-fianca-palliar-consequencies-dels-ajornaments-condonacions-dels-cobraments-dels-lloguers-locals-comercial-resultes-lestat-dalarma-pel-covid-19\\\/\",\"name\":\"Recuperar la fianza para paliar las consecuencias de los aplazamientos o las condonaciones de los cobros de los alquileres de locales comercial a resultas del estado de alarma por Covid-19 - Cambra de la Propietat Urbana de Girona\",\"isPartOf\":{\"@id\":\"https:\\\/\\\/www.cambrapropietatgirona.com\\\/#website\"},\"primaryImageOfPage\":{\"@id\":\"https:\\\/\\\/www.cambrapropietatgirona.com\\\/es\\\/recuperar-fianca-palliar-consequencies-dels-ajornaments-condonacions-dels-cobraments-dels-lloguers-locals-comercial-resultes-lestat-dalarma-pel-covid-19\\\/#primaryimage\"},\"image\":{\"@id\":\"https:\\\/\\\/www.cambrapropietatgirona.com\\\/es\\\/recuperar-fianca-palliar-consequencies-dels-ajornaments-condonacions-dels-cobraments-dels-lloguers-locals-comercial-resultes-lestat-dalarma-pel-covid-19\\\/#primaryimage\"},\"thumbnailUrl\":\"https:\\\/\\\/www.cambrapropietatgirona.com\\\/wp-content\\\/uploads\\\/2020\\\/05\\\/iss_12176_00343.jpg\",\"datePublished\":\"2020-05-11T07:19:26+00:00\",\"dateModified\":\"2020-05-11T08:09:43+00:00\",\"breadcrumb\":{\"@id\":\"https:\\\/\\\/www.cambrapropietatgirona.com\\\/es\\\/recuperar-fianca-palliar-consequencies-dels-ajornaments-condonacions-dels-cobraments-dels-lloguers-locals-comercial-resultes-lestat-dalarma-pel-covid-19\\\/#breadcrumb\"},\"inLanguage\":\"es-ES\",\"potentialAction\":[{\"@type\":\"ReadAction\",\"target\":[\"https:\\\/\\\/www.cambrapropietatgirona.com\\\/es\\\/recuperar-fianca-palliar-consequencies-dels-ajornaments-condonacions-dels-cobraments-dels-lloguers-locals-comercial-resultes-lestat-dalarma-pel-covid-19\\\/\"]}]},{\"@type\":\"ImageObject\",\"inLanguage\":\"es-ES\",\"@id\":\"https:\\\/\\\/www.cambrapropietatgirona.com\\\/es\\\/recuperar-fianca-palliar-consequencies-dels-ajornaments-condonacions-dels-cobraments-dels-lloguers-locals-comercial-resultes-lestat-dalarma-pel-covid-19\\\/#primaryimage\",\"url\":\"https:\\\/\\\/www.cambrapropietatgirona.com\\\/wp-content\\\/uploads\\\/2020\\\/05\\\/iss_12176_00343.jpg\",\"contentUrl\":\"https:\\\/\\\/www.cambrapropietatgirona.com\\\/wp-content\\\/uploads\\\/2020\\\/05\\\/iss_12176_00343.jpg\",\"width\":933,\"height\":622,\"caption\":\"Real estate concept. Female hands and small house.\"},{\"@type\":\"BreadcrumbList\",\"@id\":\"https:\\\/\\\/www.cambrapropietatgirona.com\\\/es\\\/recuperar-fianca-palliar-consequencies-dels-ajornaments-condonacions-dels-cobraments-dels-lloguers-locals-comercial-resultes-lestat-dalarma-pel-covid-19\\\/#breadcrumb\",\"itemListElement\":[{\"@type\":\"ListItem\",\"position\":1,\"name\":\"Inici\",\"item\":\"https:\\\/\\\/www.cambrapropietatgirona.com\\\/\"},{\"@type\":\"ListItem\",\"position\":2,\"name\":\"Recuperar la fianza para paliar las consecuencias de los aplazamientos o las condonaciones de los cobros de los alquileres de locales comercial a resultas del estado de alarma por Covid-19\"}]},{\"@type\":\"WebSite\",\"@id\":\"https:\\\/\\\/www.cambrapropietatgirona.com\\\/#website\",\"url\":\"https:\\\/\\\/www.cambrapropietatgirona.com\\\/\",\"name\":\"Cambra de la Propietat Urbana de Girona\",\"description\":\"Serveis immobiliaris integrals als propietaris\",\"publisher\":{\"@id\":\"https:\\\/\\\/www.cambrapropietatgirona.com\\\/#organization\"},\"potentialAction\":[{\"@type\":\"SearchAction\",\"target\":{\"@type\":\"EntryPoint\",\"urlTemplate\":\"https:\\\/\\\/www.cambrapropietatgirona.com\\\/?s={search_term_string}\"},\"query-input\":{\"@type\":\"PropertyValueSpecification\",\"valueRequired\":true,\"valueName\":\"search_term_string\"}}],\"inLanguage\":\"es-ES\"},{\"@type\":\"Organization\",\"@id\":\"https:\\\/\\\/www.cambrapropietatgirona.com\\\/#organization\",\"name\":\"Cambra de la Propietat Urbana de Girona\",\"url\":\"https:\\\/\\\/www.cambrapropietatgirona.com\\\/\",\"logo\":{\"@type\":\"ImageObject\",\"inLanguage\":\"es-ES\",\"@id\":\"https:\\\/\\\/www.cambrapropietatgirona.com\\\/#\\\/schema\\\/logo\\\/image\\\/\",\"url\":\"https:\\\/\\\/www.cambrapropietatgirona.com\\\/wp-content\\\/uploads\\\/2018\\\/01\\\/favicon.jpg\",\"contentUrl\":\"https:\\\/\\\/www.cambrapropietatgirona.com\\\/wp-content\\\/uploads\\\/2018\\\/01\\\/favicon.jpg\",\"width\":277,\"height\":269,\"caption\":\"Cambra de la Propietat Urbana de Girona\"},\"image\":{\"@id\":\"https:\\\/\\\/www.cambrapropietatgirona.com\\\/#\\\/schema\\\/logo\\\/image\\\/\"}},{\"@type\":\"Person\",\"@id\":\"https:\\\/\\\/www.cambrapropietatgirona.com\\\/#\\\/schema\\\/person\\\/839c74db646ec3d6738ce2dcf5b3447c\",\"name\":\"AE5GBNi67xK1QkS\",\"image\":{\"@type\":\"ImageObject\",\"inLanguage\":\"es-ES\",\"@id\":\"https:\\\/\\\/secure.gravatar.com\\\/avatar\\\/4a49b57693d82ed8aed27ea81234f80da517724ec1cc1f1fb4952b6cf4b80fd7?s=96&d=mm&r=g\",\"url\":\"https:\\\/\\\/secure.gravatar.com\\\/avatar\\\/4a49b57693d82ed8aed27ea81234f80da517724ec1cc1f1fb4952b6cf4b80fd7?s=96&d=mm&r=g\",\"contentUrl\":\"https:\\\/\\\/secure.gravatar.com\\\/avatar\\\/4a49b57693d82ed8aed27ea81234f80da517724ec1cc1f1fb4952b6cf4b80fd7?s=96&d=mm&r=g\",\"caption\":\"AE5GBNi67xK1QkS\"},\"url\":\"https:\\\/\\\/www.cambrapropietatgirona.com\\\/es\\\/author\\\/ae5gbni67xk1qks\\\/\"}]}<\/script>\n<!-- \/ Yoast SEO plugin. -->","yoast_head_json":{"title":"Recuperar la fianza para paliar las consecuencias de los aplazamientos o las condonaciones de los cobros de los alquileres de locales comercial a resultas del estado de alarma por Covid-19 - Cambra de la Propietat Urbana de Girona","robots":{"index":"index","follow":"follow","max-snippet":"max-snippet:-1","max-image-preview":"max-image-preview:large","max-video-preview":"max-video-preview:-1"},"canonical":"https:\/\/www.cambrapropietatgirona.com\/es\/recuperar-fianca-palliar-consequencies-dels-ajornaments-condonacions-dels-cobraments-dels-lloguers-locals-comercial-resultes-lestat-dalarma-pel-covid-19\/","og_locale":"es_ES","og_type":"article","og_title":"Recuperar la fianza para paliar las consecuencias de los aplazamientos o las condonaciones de los cobros de los alquileres de locales comercial a resultas del estado de alarma por Covid-19 - Cambra de la Propietat Urbana de Girona","og_description":"El estado de alarma ha afectado a muchos negocios que han tenido que cerrar temporalmente o han visto minimizada su actividad y sus ingresos. Esta dif\u00edcil situaci\u00f3n econ\u00f3mica de los negocios conlleva, en muchas ocasiones, dificultades para atender el pago de los arrendamientos. El Gobierno ha determinado unas medidas compensatorias. Si el arrendador es considerado [&hellip;]","og_url":"https:\/\/www.cambrapropietatgirona.com\/es\/recuperar-fianca-palliar-consequencies-dels-ajornaments-condonacions-dels-cobraments-dels-lloguers-locals-comercial-resultes-lestat-dalarma-pel-covid-19\/","og_site_name":"Cambra de la Propietat Urbana de Girona","article_published_time":"2020-05-11T07:19:26+00:00","article_modified_time":"2020-05-11T08:09:43+00:00","og_image":[{"width":933,"height":622,"url":"https:\/\/www.cambrapropietatgirona.com\/wp-content\/uploads\/2020\/05\/iss_12176_00343.jpg","type":"image\/jpeg"}],"author":"AE5GBNi67xK1QkS","twitter_card":"summary_large_image","twitter_misc":{"Written by":"AE5GBNi67xK1QkS","Est. reading time":"3 minutes"},"schema":{"@context":"https:\/\/schema.org","@graph":[{"@type":"Article","@id":"https:\/\/www.cambrapropietatgirona.com\/es\/recuperar-fianca-palliar-consequencies-dels-ajornaments-condonacions-dels-cobraments-dels-lloguers-locals-comercial-resultes-lestat-dalarma-pel-covid-19\/#article","isPartOf":{"@id":"https:\/\/www.cambrapropietatgirona.com\/es\/recuperar-fianca-palliar-consequencies-dels-ajornaments-condonacions-dels-cobraments-dels-lloguers-locals-comercial-resultes-lestat-dalarma-pel-covid-19\/"},"author":{"name":"AE5GBNi67xK1QkS","@id":"https:\/\/www.cambrapropietatgirona.com\/#\/schema\/person\/839c74db646ec3d6738ce2dcf5b3447c"},"headline":"Recuperar la fianza para paliar las consecuencias de los aplazamientos o las condonaciones de los cobros de los alquileres de locales comercial a resultas del estado de alarma por Covid-19","datePublished":"2020-05-11T07:19:26+00:00","dateModified":"2020-05-11T08:09:43+00:00","mainEntityOfPage":{"@id":"https:\/\/www.cambrapropietatgirona.com\/es\/recuperar-fianca-palliar-consequencies-dels-ajornaments-condonacions-dels-cobraments-dels-lloguers-locals-comercial-resultes-lestat-dalarma-pel-covid-19\/"},"wordCount":582,"commentCount":0,"publisher":{"@id":"https:\/\/www.cambrapropietatgirona.com\/#organization"},"image":{"@id":"https:\/\/www.cambrapropietatgirona.com\/es\/recuperar-fianca-palliar-consequencies-dels-ajornaments-condonacions-dels-cobraments-dels-lloguers-locals-comercial-resultes-lestat-dalarma-pel-covid-19\/#primaryimage"},"thumbnailUrl":"https:\/\/www.cambrapropietatgirona.com\/wp-content\/uploads\/2020\/05\/iss_12176_00343.jpg","articleSection":["Actualidad","Arrendaments"],"inLanguage":"es-ES","potentialAction":[{"@type":"CommentAction","name":"Comment","target":["https:\/\/www.cambrapropietatgirona.com\/es\/recuperar-fianca-palliar-consequencies-dels-ajornaments-condonacions-dels-cobraments-dels-lloguers-locals-comercial-resultes-lestat-dalarma-pel-covid-19\/#respond"]}]},{"@type":"WebPage","@id":"https:\/\/www.cambrapropietatgirona.com\/es\/recuperar-fianca-palliar-consequencies-dels-ajornaments-condonacions-dels-cobraments-dels-lloguers-locals-comercial-resultes-lestat-dalarma-pel-covid-19\/","url":"https:\/\/www.cambrapropietatgirona.com\/es\/recuperar-fianca-palliar-consequencies-dels-ajornaments-condonacions-dels-cobraments-dels-lloguers-locals-comercial-resultes-lestat-dalarma-pel-covid-19\/","name":"Recuperar la fianza para paliar las consecuencias de los aplazamientos o las condonaciones de los cobros de los alquileres de locales comercial a resultas del estado de alarma por Covid-19 - Cambra de la Propietat Urbana de Girona","isPartOf":{"@id":"https:\/\/www.cambrapropietatgirona.com\/#website"},"primaryImageOfPage":{"@id":"https:\/\/www.cambrapropietatgirona.com\/es\/recuperar-fianca-palliar-consequencies-dels-ajornaments-condonacions-dels-cobraments-dels-lloguers-locals-comercial-resultes-lestat-dalarma-pel-covid-19\/#primaryimage"},"image":{"@id":"https:\/\/www.cambrapropietatgirona.com\/es\/recuperar-fianca-palliar-consequencies-dels-ajornaments-condonacions-dels-cobraments-dels-lloguers-locals-comercial-resultes-lestat-dalarma-pel-covid-19\/#primaryimage"},"thumbnailUrl":"https:\/\/www.cambrapropietatgirona.com\/wp-content\/uploads\/2020\/05\/iss_12176_00343.jpg","datePublished":"2020-05-11T07:19:26+00:00","dateModified":"2020-05-11T08:09:43+00:00","breadcrumb":{"@id":"https:\/\/www.cambrapropietatgirona.com\/es\/recuperar-fianca-palliar-consequencies-dels-ajornaments-condonacions-dels-cobraments-dels-lloguers-locals-comercial-resultes-lestat-dalarma-pel-covid-19\/#breadcrumb"},"inLanguage":"es-ES","potentialAction":[{"@type":"ReadAction","target":["https:\/\/www.cambrapropietatgirona.com\/es\/recuperar-fianca-palliar-consequencies-dels-ajornaments-condonacions-dels-cobraments-dels-lloguers-locals-comercial-resultes-lestat-dalarma-pel-covid-19\/"]}]},{"@type":"ImageObject","inLanguage":"es-ES","@id":"https:\/\/www.cambrapropietatgirona.com\/es\/recuperar-fianca-palliar-consequencies-dels-ajornaments-condonacions-dels-cobraments-dels-lloguers-locals-comercial-resultes-lestat-dalarma-pel-covid-19\/#primaryimage","url":"https:\/\/www.cambrapropietatgirona.com\/wp-content\/uploads\/2020\/05\/iss_12176_00343.jpg","contentUrl":"https:\/\/www.cambrapropietatgirona.com\/wp-content\/uploads\/2020\/05\/iss_12176_00343.jpg","width":933,"height":622,"caption":"Real estate concept. Female hands and small house."},{"@type":"BreadcrumbList","@id":"https:\/\/www.cambrapropietatgirona.com\/es\/recuperar-fianca-palliar-consequencies-dels-ajornaments-condonacions-dels-cobraments-dels-lloguers-locals-comercial-resultes-lestat-dalarma-pel-covid-19\/#breadcrumb","itemListElement":[{"@type":"ListItem","position":1,"name":"Inici","item":"https:\/\/www.cambrapropietatgirona.com\/"},{"@type":"ListItem","position":2,"name":"Recuperar la fianza para paliar las consecuencias de los aplazamientos o las condonaciones de los cobros de los alquileres de locales comercial a resultas del estado de alarma por Covid-19"}]},{"@type":"WebSite","@id":"https:\/\/www.cambrapropietatgirona.com\/#website","url":"https:\/\/www.cambrapropietatgirona.com\/","name":"Cambra de la Propietat Urbana de Girona","description":"Serveis immobiliaris integrals als propietaris","publisher":{"@id":"https:\/\/www.cambrapropietatgirona.com\/#organization"},"potentialAction":[{"@type":"SearchAction","target":{"@type":"EntryPoint","urlTemplate":"https:\/\/www.cambrapropietatgirona.com\/?s={search_term_string}"},"query-input":{"@type":"PropertyValueSpecification","valueRequired":true,"valueName":"search_term_string"}}],"inLanguage":"es-ES"},{"@type":"Organization","@id":"https:\/\/www.cambrapropietatgirona.com\/#organization","name":"Cambra de la Propietat Urbana de Girona","url":"https:\/\/www.cambrapropietatgirona.com\/","logo":{"@type":"ImageObject","inLanguage":"es-ES","@id":"https:\/\/www.cambrapropietatgirona.com\/#\/schema\/logo\/image\/","url":"https:\/\/www.cambrapropietatgirona.com\/wp-content\/uploads\/2018\/01\/favicon.jpg","contentUrl":"https:\/\/www.cambrapropietatgirona.com\/wp-content\/uploads\/2018\/01\/favicon.jpg","width":277,"height":269,"caption":"Cambra de la Propietat Urbana de Girona"},"image":{"@id":"https:\/\/www.cambrapropietatgirona.com\/#\/schema\/logo\/image\/"}},{"@type":"Person","@id":"https:\/\/www.cambrapropietatgirona.com\/#\/schema\/person\/839c74db646ec3d6738ce2dcf5b3447c","name":"AE5GBNi67xK1QkS","image":{"@type":"ImageObject","inLanguage":"es-ES","@id":"https:\/\/secure.gravatar.com\/avatar\/4a49b57693d82ed8aed27ea81234f80da517724ec1cc1f1fb4952b6cf4b80fd7?s=96&d=mm&r=g","url":"https:\/\/secure.gravatar.com\/avatar\/4a49b57693d82ed8aed27ea81234f80da517724ec1cc1f1fb4952b6cf4b80fd7?s=96&d=mm&r=g","contentUrl":"https:\/\/secure.gravatar.com\/avatar\/4a49b57693d82ed8aed27ea81234f80da517724ec1cc1f1fb4952b6cf4b80fd7?s=96&d=mm&r=g","caption":"AE5GBNi67xK1QkS"},"url":"https:\/\/www.cambrapropietatgirona.com\/es\/author\/ae5gbni67xk1qks\/"}]}},"_links":{"self":[{"href":"https:\/\/www.cambrapropietatgirona.com\/es\/wp-json\/wp\/v2\/posts\/2466","targetHints":{"allow":["GET"]}}],"collection":[{"href":"https:\/\/www.cambrapropietatgirona.com\/es\/wp-json\/wp\/v2\/posts"}],"about":[{"href":"https:\/\/www.cambrapropietatgirona.com\/es\/wp-json\/wp\/v2\/types\/post"}],"author":[{"embeddable":true,"href":"https:\/\/www.cambrapropietatgirona.com\/es\/wp-json\/wp\/v2\/users\/1"}],"replies":[{"embeddable":true,"href":"https:\/\/www.cambrapropietatgirona.com\/es\/wp-json\/wp\/v2\/comments?post=2466"}],"version-history":[{"count":3,"href":"https:\/\/www.cambrapropietatgirona.com\/es\/wp-json\/wp\/v2\/posts\/2466\/revisions"}],"predecessor-version":[{"id":2469,"href":"https:\/\/www.cambrapropietatgirona.com\/es\/wp-json\/wp\/v2\/posts\/2466\/revisions\/2469"}],"wp:featuredmedia":[{"embeddable":true,"href":"https:\/\/www.cambrapropietatgirona.com\/es\/wp-json\/wp\/v2\/media\/2452"}],"wp:attachment":[{"href":"https:\/\/www.cambrapropietatgirona.com\/es\/wp-json\/wp\/v2\/media?parent=2466"}],"wp:term":[{"taxonomy":"category","embeddable":true,"href":"https:\/\/www.cambrapropietatgirona.com\/es\/wp-json\/wp\/v2\/categories?post=2466"},{"taxonomy":"post_tag","embeddable":true,"href":"https:\/\/www.cambrapropietatgirona.com\/es\/wp-json\/wp\/v2\/tags?post=2466"}],"curies":[{"name":"wp","href":"https:\/\/api.w.org\/{rel}","templated":true}]}}